{"id":59045,"date":"2016-11-11T12:02:30","date_gmt":"2016-11-11T09:02:30","guid":{"rendered":"https:\/\/www.enerjigazetesi.ist\/?p=59045"},"modified":"2016-11-11T12:09:41","modified_gmt":"2016-11-11T09:09:41","slug":"turkiyenin-en-buyuk-gunes-tarlasina-bircok-firma-hazirlik-yapiyor","status":"publish","type":"post","link":"https:\/\/www.enerjigazetesi.ist\/en\/turkiyenin-en-buyuk-gunes-tarlasina-bircok-firma-hazirlik-yapiyor\/","title":{"rendered":"(Turkish) T\u00fcrkiye\u2019nin En B\u00fcy\u00fck G\u00fcne\u015f Tarlas\u0131na Bir\u00e7ok Firma Haz\u0131rl\u0131k Yap\u0131yor"},"content":{"rendered":"<p class=\"qtranxs-available-languages-message qtranxs-available-languages-message-en\">Sorry, this entry is only available in <a href=\"https:\/\/www.enerjigazetesi.ist\/tr\/wp-json\/wp\/v2\/posts\/59045\" class=\"qtranxs-available-language-link qtranxs-available-language-link-tr\" title=\"Turkish\">Turkish<\/a>. For the sake of viewer convenience, the content is shown below in the alternative language. You may click the link to switch the active language.<\/p><p><strong><span style=\"color: #0a0a0a;\">Konya\u2019n\u0131n Karap\u0131nar il\u00e7esindeki Yenilenebilir Enerji Kaynak Alan\u0131\u2019nda (YEKA) g\u00fcne\u015f mod\u00fcl\u00fc \u00fcretim fabrikas\u0131, Ar-Ge merkezi ve g\u00fcne\u015f enerjisi elektrik \u00fcretim tesisi kurulmas\u0131nda yar\u0131\u015fmaya y\u00f6nelik olarak bir\u00e7ok firman\u0131n \u00f6n haz\u0131rl\u0131k yapt\u0131\u011f\u0131 a\u00e7\u0131kland\u0131.<\/span><\/strong><\/p>\n<p class=\"selectionShareable\" style=\"color: #0a0a0a;\">Karap\u0131nar\u2019daki YEKA i\u00e7in d\u00fczenledi\u011fi yar\u0131\u015fmada son teklifler 12 Aral\u0131k\u2019ta al\u0131nacak ve yar\u0131\u015fma ise 15 Aral\u0131k\u2019ta yap\u0131lacakt\u0131r. Yay\u0131mlanan yar\u0131\u015fma ilan\u0131na g<img loading=\"lazy\" class=\"alignright size-medium wp-image-51895\" src=\"https:\/\/www.enerjigazetesi.ist\/wp-content\/uploads\/2016\/04\/gunes-santrali-ges-tarlasi-kurmak-istiyorum-peki-nereden-baslamaliyim-300x189.jpg\" alt=\"gunes-santrali-ges-tarlasi\" width=\"300\" height=\"189\" srcset=\"https:\/\/www.enerjigazetesi.ist\/wp-content\/uploads\/2016\/04\/gunes-santrali-ges-tarlasi-kurmak-istiyorum-peki-nereden-baslamaliyim-300x189.jpg 300w, https:\/\/www.enerjigazetesi.ist\/wp-content\/uploads\/2016\/04\/gunes-santrali-ges-tarlasi-kurmak-istiyorum-peki-nereden-baslamaliyim-500x316.jpg 500w, https:\/\/www.enerjigazetesi.ist\/wp-content\/uploads\/2016\/04\/gunes-santrali-ges-tarlasi-kurmak-istiyorum-peki-nereden-baslamaliyim-80x50.jpg 80w, https:\/\/www.enerjigazetesi.ist\/wp-content\/uploads\/2016\/04\/gunes-santrali-ges-tarlasi-kurmak-istiyorum-peki-nereden-baslamaliyim.jpg 765w\" sizes=\"(max-width: 300px) 100vw, 300px\" \/>\u00f6re ise Karap\u0131nar\u2019da bin megavat ba\u011flant\u0131 kapasitesi i\u00e7in yurt i\u00e7inde \u00fcretim kar\u015f\u0131l\u0131\u011f\u0131 tahsis olarak, y\u0131lda 500 MWp kapasiteli FV g\u00fcne\u015f mod\u00fcl\u00fc \u00fcretim fabrikas\u0131 ve Ar-Ge merkezi kurulacakt\u0131r.<\/p>\n<p class=\"selectionShareable\" style=\"color: #0a0a0a;\"><strong>36 AY \u0130\u00c7\u0130NDE\u00a0TAMAMLANACAK<\/strong><\/p>\n<p class=\"selectionShareable\" style=\"color: #0a0a0a;\">Fabrika ve Ar-Ge merkezi kurulumu s\u00f6zle\u015fmenin imzalanma tarihten itibaren <strong>18 ay<\/strong>, g\u00fcne\u015f enerjisi elektrik \u00fcretim tesisi ise fabrika kurulumunu takip eden <strong>36 ay<\/strong> i\u00e7erisinde bitirilecektir. Yakla\u015f\u0131k 2 bin 670 hektarl\u0131k alanda ger\u00e7ekle\u015fecek olan yat\u0131r\u0131mla 1,7 milyar kilovatsaat elektrik \u00fcretimi yap\u0131lacakt\u0131r.<\/p>\n<p class=\"selectionShareable\"><strong>\u2018KARAPINAR T\u00dcRK\u0130YE\u2019N\u0130N ENDER B\u00d6LGELER\u0130NDEN B\u0130R\u0130D\u0130R\u2019<\/strong><\/p>\n<p class=\"selectionShareable\"><span style=\"color: #0a0a0a;\">Karap\u0131nar Belediye Ba\u015fkan\u0131 Mehmet Yaka\u00a0<\/span>\u201cKarap\u0131nar GES\u2019te 2 bin 670 hektar alanda enerji \u00fcretimi ger\u00e7ekle\u015fecektir. YEKA b\u00f6lgesi ilan edilen bu enerji ihtisas b\u00f6lgesi tar\u0131ma elveri\u015fli de\u011fildir. Buras\u0131 e\u011fimi ile g\u00fcne\u015fin verimli d\u00fc\u015ft\u00fc\u011f\u00fc, T\u00fcrkiye\u2019nin ender b\u00f6lgelerinden biridir. Tek par\u00e7a olmas\u0131 da \u00f6nemli bir avantaj sa\u011flayacakt\u0131r.&#8221; ifadelerine yer verildi.<\/p>\n<p class=\"selectionShareable\">Haberin <a href=\"http:\/\/enerjienstitusu.com\/2016\/11\/09\/turkiyenin-en-buyuk-gunes-tarlasi-icin-bircok-firma-on-hazirlik-yapiyor\/\" target=\"_blank\" rel=\"nofollow\">Devam\u0131 \u0130\u00e7in TIKLAYINIZ&gt;&gt;&gt;<\/a><\/p>\n<p class=\"selectionShareable\">Kaynak: Enerji Enstit\u00fcs\u00fc<\/p>\n<p><\/p>","protected":false},"excerpt":{"rendered":"<p>Sorry, this entry is only available in Turkish. For the sake of viewer convenience, the content is shown below in the alternative language. You may click the link to switch the active language.Konya\u2019n\u0131n Karap\u0131nar il\u00e7esindeki Yenilenebilir Enerji Kaynak Alan\u0131\u2019nda (YEKA) g\u00fcne\u015f mod\u00fcl\u00fc \u00fcretim fabrikas\u0131, Ar-Ge merkezi ve g\u00fcne\u015f enerjisi elektrik \u00fcretim tesisi kurulmas\u0131nda yar\u0131\u015fmaya y\u00f6nelik [&hellip;]<\/p>\n","protected":false},"author":1,"featured_media":51895,"comment_status":"open","ping_status":"open","sticky":false,"template":"","format":"standard","meta":[],"categories":[53,49],"tags":[14412,32135,63,67,1009,2698,165,1972,2326,227,13,32136,2569,23133,32137,22975,4269,10835,25578,32138],"views":916,"_links":{"self":[{"href":"https:\/\/www.enerjigazetesi.ist\/en\/wp-json\/wp\/v2\/posts\/59045"}],"collection":[{"href":"https:\/\/www.enerjigazetesi.ist\/en\/wp-json\/wp\/v2\/posts"}],"about":[{"href":"https:\/\/www.enerjigazetesi.ist\/en\/wp-json\/wp\/v2\/types\/post"}],"author":[{"embeddable":true,"href":"https:\/\/www.enerjigazetesi.ist\/en\/wp-json\/wp\/v2\/users\/1"}],"replies":[{"embeddable":true,"href":"https:\/\/www.enerjigazetesi.ist\/en\/wp-json\/wp\/v2\/comments?post=59045"}],"version-history":[{"count":3,"href":"https:\/\/www.enerjigazetesi.ist\/en\/wp-json\/wp\/v2\/posts\/59045\/revisions"}],"predecessor-version":[{"id":59048,"href":"https:\/\/www.enerjigazetesi.ist\/en\/wp-json\/wp\/v2\/posts\/59045\/revisions\/59048"}],"wp:featuredmedia":[{"embeddable":true,"href":"https:\/\/www.enerjigazetesi.ist\/en\/wp-json\/wp\/v2\/media\/51895"}],"wp:attachment":[{"href":"https:\/\/www.enerjigazetesi.ist\/en\/wp-json\/wp\/v2\/media?parent=59045"}],"wp:term":[{"taxonomy":"category","embeddable":true,"href":"https:\/\/www.enerjigazetesi.ist\/en\/wp-json\/wp\/v2\/categories?post=59045"},{"taxonomy":"post_tag","embeddable":true,"href":"https:\/\/www.enerjigazetesi.ist\/en\/wp-json\/wp\/v2\/tags?post=59045"}],"curies":[{"name":"wp","href":"https:\/\/api.w.org\/{rel}","templated":true}]}}