{"id":59013,"date":"2016-11-19T12:35:51","date_gmt":"2016-11-19T09:35:51","guid":{"rendered":"https:\/\/www.enerjigazetesi.ist\/?p=59013"},"modified":"2016-11-19T12:43:36","modified_gmt":"2016-11-19T09:43:36","slug":"surdurulebilir-yasam-film-festivali-18-kasim-da-basladi","status":"publish","type":"post","link":"https:\/\/www.enerjigazetesi.ist\/en\/surdurulebilir-yasam-film-festivali-18-kasim-da-basladi\/","title":{"rendered":"(Turkish) S\u00fcrd\u00fcr\u00fclebilir Ya\u015fam Film Festivali (SYFF) 18 Kas\u0131m&#8217;da Ba\u015flad\u0131!"},"content":{"rendered":"<p class=\"qtranxs-available-languages-message qtranxs-available-languages-message-en\">Sorry, this entry is only available in <a href=\"https:\/\/www.enerjigazetesi.ist\/tr\/wp-json\/wp\/v2\/posts\/59013\" class=\"qtranxs-available-language-link qtranxs-available-language-link-tr\" title=\"Turkish\">Turkish<\/a>. For the sake of viewer convenience, the content is shown below in the alternative language. You may click the link to switch the active language.<\/p><p><strong>S\u00fcrd\u00fcr\u00fclebilir Ya\u015fam Film Festivali\u2019nin, Christopher Beaver\u2019in \u00f6d\u00fcll\u00fc belgesel filmi Hedef S\u0131f\u0131r (Racing to Zero) ile 8 Kas\u0131m Sal\u0131 g\u00fcn\u00fc Salt Galata\u2019da ger\u00e7ekle\u015fen g\u00f6sterim sonras\u0131 festival 18 Kas\u0131m&#8217;da ba\u015flad\u0131.<\/strong><\/p>\n<p>Bir\u00e7ok \u00f6nemli uluslararas\u0131 festival se\u00e7ki<a href=\"https:\/\/www.enerjigazetesi.ist\/wp-content\/uploads\/2016\/11\/surdurulebilir-yasam-film-festivali-syff-icin-geri-sayim-basladi.jpg\"><img loading=\"lazy\" class=\"alignleft size-medium wp-image-59014\" src=\"https:\/\/www.enerjigazetesi.ist\/wp-content\/uploads\/2016\/11\/surdurulebilir-yasam-film-festivali-syff-icin-geri-sayim-basladi-300x209.jpg\" alt=\"surdurulebilir-yasam-film-festivali-syff-icin-geri-sayim-basladi\" width=\"300\" height=\"209\" srcset=\"https:\/\/www.enerjigazetesi.ist\/wp-content\/uploads\/2016\/11\/surdurulebilir-yasam-film-festivali-syff-icin-geri-sayim-basladi-300x209.jpg 300w, https:\/\/www.enerjigazetesi.ist\/wp-content\/uploads\/2016\/11\/surdurulebilir-yasam-film-festivali-syff-icin-geri-sayim-basladi-1024x715.jpg 1024w, https:\/\/www.enerjigazetesi.ist\/wp-content\/uploads\/2016\/11\/surdurulebilir-yasam-film-festivali-syff-icin-geri-sayim-basladi-500x349.jpg 500w, https:\/\/www.enerjigazetesi.ist\/wp-content\/uploads\/2016\/11\/surdurulebilir-yasam-film-festivali-syff-icin-geri-sayim-basladi-71x50.jpg 71w, https:\/\/www.enerjigazetesi.ist\/wp-content\/uploads\/2016\/11\/surdurulebilir-yasam-film-festivali-syff-icin-geri-sayim-basladi.jpg 1103w\" sizes=\"(max-width: 300px) 100vw, 300px\" \/><\/a>sinde yer alan ve \u201cHindistan CMS Vatavaran 2015 \u00c7evre Filmleri Festivali\u201d birincilik \u00f6d\u00fcl\u00fcn\u00fc alan film, k\u00fcresel at\u0131k sorununa yeni \u00e7\u00f6z\u00fcmler sunan, h\u0131zl\u0131 tempolu bir belgesel olma \u00f6zelli\u011fi ta\u015f\u0131yor. Film, \u201c\u00e7\u00f6p\u201d kelimesini kald\u0131rarak yerine \u201ckaynak\u201d kelimesini koyan k\u00fclt\u00fcrel bir d\u00f6n\u00fc\u015f\u00fcm\u00fcn ger\u00e7ekle\u015fme ve bir\u00e7ok yeni alt end\u00fcstrinin do\u011fabilmesi ihtimaline odaklan\u0131yor. ABD-San Francisco Belediye Ba\u015fkan\u0131 <strong>Ed Lee, <\/strong>be\u015f y\u0131l \u00f6nce, \u201c2020\u2019de s\u0131f\u0131r at\u0131k\u201d hedefine ula\u015fmay\u0131 taahh\u00fct etmi\u015fti&#8230; <strong>Hedef S\u0131f\u0131r (Racing to Zero)<\/strong>, San Francisco\u2019daki at\u0131k ayr\u0131\u015ft\u0131rma y\u00f6ntemlerinin izini s\u00fcrerken geli\u015ftirilen yenilik\u00e7i \u00e7\u00f6z\u00fcmleri g\u00f6zler \u00f6n\u00fcne seriyor; s\u0131f\u0131r at\u0131k hedefine do\u011fru, \u015fa\u015f\u0131rt\u0131c\u0131 ve ilham verici bir yar\u0131\u015f\u0131n da ad\u0131mlar\u0131n\u0131 belgeliyor.<\/p>\n<p><strong>18 Kas\u0131m 2016<\/strong>\u00a0cuma g\u00fcn\u00fc g\u00f6sterimi ba\u015flayan film festivalinde, d\u00fcnyan\u0131n farkl\u0131 \u00fclkelerinden Amerika, Fransa, \u00c7in, Danimarka, Kanada, \u0130sve\u00e7, Peru, \u0130srail, \u0130talya, Hindistan ve T\u00fcrkiye\u2019nin de aralar\u0131nda bulundu\u011fu \u00fclkelerden toplam 25 belgesel film festival s\u00fcresince izleyici ile bulu\u015fmaktad\u0131r. <strong>Festival 19 il\/il\u00e7ede e\u015f zamanl\u0131<\/strong> olarak ger\u00e7ekle\u015fecek ve t\u00fcm etkinlikler <strong>\u00fccretsiz olarak<\/strong> izlenebilecektir.<\/p>\n<p><strong>\u0130zleyicilerden yorumlar:<\/strong><\/p>\n<p>\u201c30 y\u0131ld\u0131r profesyonel olarak end\u00fcstriyel tasar\u0131mc\u0131 olarak \u00e7al\u0131\u015f\u0131yorum. Adana\u2019da yakla\u015f\u0131k 10 g\u00fcn \u00f6nce bir \u0130novasyon Kongresinde bir workshop d\u00fczenledim. Gen\u00e7 tasar\u0131mc\u0131larla geri d\u00f6n\u00fc\u015f\u00fcm konusunda bir \u00e7al\u0131\u015fma yapt\u0131k . Orada \u00e7ok ilgin\u00e7 bir \u015fekilde bu ak\u015fam izledi\u011fimiz San Francisco\u2019da yap\u0131lm\u0131\u015f olan projenin bir benzeri gen\u00e7 tasar\u0131mc\u0131lardan \u00e7\u0131kt\u0131. \u00c7ok heyecanland\u0131k. Bizim gen\u00e7 tasar\u0131mc\u0131lar\u0131m\u0131z da b\u00f6yle projeler hayal edebilir, yeter ki otoriteler buna destek versin. Biz de y\u00fczde doksan geri d\u00f6n\u00fc\u015f\u00fcmlere ula\u015fabiliriz, tekstilde , ambalaj, cam at\u0131k malzemelerde, plastikte. Ciddi bir ekonomik gelir elde edilebilir bu sayede.\u201d<strong> <i>G\u00fclay Gamze G\u00fcven\/ End\u00fcstriyel Tasar\u0131mc\u0131<\/i><\/strong><\/p>\n<p>\u201cFestivali 6-7 y\u0131ld\u0131r takip ediyorum. Festival zaman\u0131nda sabahtan ak\u015fama kadar t\u00fcm filmleri izliyorum. Art\u0131k bir\u00e7ok \u015fehirde ger\u00e7ekle\u015fiyor festival ama bence belgeselleri \u00f6zellikle gen\u00e7ler izlemeli, \u00e7ocuklar izlemeli. Hatta \u0131srarla okullarda bu filmlerin izletilmesi gerekti\u011fini d\u00fc\u015f\u00fcn\u00fcyorum. Bir \u00f6\u011fretmen olarak bu filmlerin izlenmesi ve yayg\u0131nla\u015fmas\u0131n\u0131n ancak bu s\u0131n\u0131flarda ger\u00e7ekle\u015febilece\u011fini d\u00fc\u015f\u00fcn\u00fcyorum.\u201d <strong><i>E\u011fitimci<\/i><\/strong><\/p>\n<p><strong>Festival Se\u00e7kisi, \u015eehirler, Programlar ve Di\u011fer T\u00fcm Detaylar \u0130\u00e7in<\/strong>:<\/p>\n<p>Senem A\u00e7\u0131k: <span style=\"color: #0976b4;\"><a href=\"mailto:senemacik@kronosiletisim.com\">senemacik@kronosiletisim.com<\/a>\u00a0<\/span>Tel: 0532 739 3009<\/p>\n<p>\u0130lknur Akg\u00fcl Ard\u0131\u00e7: <a href=\"mailto:kronosiletisim@mail.com\"><span style=\"color: #0976b4;\">kronosiletisim@gmail.com<\/span><\/a> Tel: 0532 723 4663<\/p>\n<p>Ferda Kervan: <a href=\"mailto:ferdakervan@gmail.com\"><span style=\"color: #0976b4;\">ferdakervan@gmail.com<\/span><\/a> Tel: 0533 517 8514<\/p>\n<p><strong>Web:<\/strong>\u00a0<a href=\"http:\/\/surdurulebiliryasam.org\/\">surdurulebiliryasam.org<\/a><\/p>","protected":false},"excerpt":{"rendered":"<p>Sorry, this entry is only available in Turkish. For the sake of viewer convenience, the content is shown below in the alternative language. You may click the link to switch the active language.S\u00fcrd\u00fcr\u00fclebilir Ya\u015fam Film Festivali\u2019nin, Christopher Beaver\u2019in \u00f6d\u00fcll\u00fc belgesel filmi Hedef S\u0131f\u0131r (Racing to Zero) ile 8 Kas\u0131m Sal\u0131 g\u00fcn\u00fc Salt Galata\u2019da ger\u00e7ekle\u015fen g\u00f6sterim [&hellip;]<\/p>\n","protected":false},"author":1,"featured_media":59014,"comment_status":"open","ping_status":"open","sticky":false,"template":"","format":"standard","meta":[],"categories":[53],"tags":[63,67,1009,2698,165,32119,4388,32106],"views":1065,"_links":{"self":[{"href":"https:\/\/www.enerjigazetesi.ist\/en\/wp-json\/wp\/v2\/posts\/59013"}],"collection":[{"href":"https:\/\/www.enerjigazetesi.ist\/en\/wp-json\/wp\/v2\/posts"}],"about":[{"href":"https:\/\/www.enerjigazetesi.ist\/en\/wp-json\/wp\/v2\/types\/post"}],"author":[{"embeddable":true,"href":"https:\/\/www.enerjigazetesi.ist\/en\/wp-json\/wp\/v2\/users\/1"}],"replies":[{"embeddable":true,"href":"https:\/\/www.enerjigazetesi.ist\/en\/wp-json\/wp\/v2\/comments?post=59013"}],"version-history":[{"count":10,"href":"https:\/\/www.enerjigazetesi.ist\/en\/wp-json\/wp\/v2\/posts\/59013\/revisions"}],"predecessor-version":[{"id":59275,"href":"https:\/\/www.enerjigazetesi.ist\/en\/wp-json\/wp\/v2\/posts\/59013\/revisions\/59275"}],"wp:featuredmedia":[{"embeddable":true,"href":"https:\/\/www.enerjigazetesi.ist\/en\/wp-json\/wp\/v2\/media\/59014"}],"wp:attachment":[{"href":"https:\/\/www.enerjigazetesi.ist\/en\/wp-json\/wp\/v2\/media?parent=59013"}],"wp:term":[{"taxonomy":"category","embeddable":true,"href":"https:\/\/www.enerjigazetesi.ist\/en\/wp-json\/wp\/v2\/categories?post=59013"},{"taxonomy":"post_tag","embeddable":true,"href":"https:\/\/www.enerjigazetesi.ist\/en\/wp-json\/wp\/v2\/tags?post=59013"}],"curies":[{"name":"wp","href":"https:\/\/api.w.org\/{rel}","templated":true}]}}