{"id":5901,"date":"2013-02-01T11:05:24","date_gmt":"2013-02-01T08:05:24","guid":{"rendered":"https:\/\/www.enerjigazetesi.ist\/?p=5901"},"modified":"2013-02-01T11:05:24","modified_gmt":"2013-02-01T08:05:24","slug":"bakan-bayraktar-enerji-kaybini-yuzde-16-azaltmayi-hedefliyoruz","status":"publish","type":"post","link":"https:\/\/www.enerjigazetesi.ist\/en\/bakan-bayraktar-enerji-kaybini-yuzde-16-azaltmayi-hedefliyoruz\/","title":{"rendered":"(Turkish) Bakan Bayraktar: &#8220;Enerji Kayb\u0131n\u0131 Y\u00fczde 16 Azaltmay\u0131 Hedefliyoruz&#8221;"},"content":{"rendered":"<p class=\"qtranxs-available-languages-message qtranxs-available-languages-message-en\">Sorry, this entry is only available in <a href=\"https:\/\/www.enerjigazetesi.ist\/tr\/wp-json\/wp\/v2\/posts\/5901\" class=\"qtranxs-available-language-link qtranxs-available-language-link-tr\" title=\"Turkish\">Turkish<\/a>. For the sake of viewer convenience, the content is shown below in the alternative language. You may click the link to switch the active language.<\/p><p><strong>\u00c7evre ve \u015eehircilik Bakan\u0131 Erdo\u011fan Bayraktar, &#8220;\u00dclkemizde ya\u015fanan enerji kay\u0131plar\u0131n\u0131 \u00f6n\u00fcm\u00fczdeki 10 y\u0131l i\u00e7erisinde toplamda y\u00fczde 16 azaltmay\u0131 hedefliyoruz&#8221; dedi.<\/strong><\/p>\n<p>\u00c7evre ve \u015eehircilik Bakan\u0131 Erdo\u011fan Bayraktar, &#8220;\u00dclkemizde ya\u015fanan enerji kay\u0131plar\u0131n\u0131 \u00f6n\u00fcm\u00fczdeki 10 y\u0131l i\u00e7erisinde toplamday\u00fczde 16 azaltmay\u0131 hedefliyoruz&#8221; dedi.<\/p>\n<p><img loading=\"lazy\" class=\"alignright size-medium wp-image-5902\" title=\"bakan-bayraktar-enerji-kaybini-yuzde-16-azalt-4294328_o\" src=\"https:\/\/www.enerjigazetesi.ist\/wp-content\/uploads\/2013\/02\/bakan-bayraktar-enerji-kaybini-yuzde-16-azalt-4294328_o-300x170.jpg\" alt=\"\" width=\"300\" height=\"170\" srcset=\"https:\/\/www.enerjigazetesi.ist\/wp-content\/uploads\/2013\/02\/bakan-bayraktar-enerji-kaybini-yuzde-16-azalt-4294328_o-300x170.jpg 300w, https:\/\/www.enerjigazetesi.ist\/wp-content\/uploads\/2013\/02\/bakan-bayraktar-enerji-kaybini-yuzde-16-azalt-4294328_o-80x45.jpg 80w, https:\/\/www.enerjigazetesi.ist\/wp-content\/uploads\/2013\/02\/bakan-bayraktar-enerji-kaybini-yuzde-16-azalt-4294328_o.jpg 500w\" sizes=\"(max-width: 300px) 100vw, 300px\" \/>\u0130stanbul Sanayi Odas\u0131&#8217;n\u0131n d\u00fczenledi\u011fi &#8220;\u0130SO \u00c7evre \u00d6d\u00fclleri T\u00f6reni&#8221;ne kat\u0131lan \u00c7evre ve \u015eehircilik Bakan\u0131 Erdo\u011fan Bayraktar, yapt\u0131\u011f\u0131 konu\u015fmada, &#8220;\u00dclkemiz h\u0131zl\u0131 bir sanayile\u015fme s\u00fcrecindedir ve bu s\u00fcreci ba\u015far\u0131yla s\u00fcrd\u00fcrmektedir. Sanayile\u015fme \u00e7al\u0131\u015fmalar\u0131m\u0131zda hi\u00e7bir \u015fekilde \u00e7evreye zarar vermeme, \u00e7evreyi koruma ilkesi de en \u00f6ndedir. Bug\u00fcn fabrikalara bakt\u0131\u011f\u0131m\u0131z zaman, fabrikalar\u0131m\u0131z\u0131n ar\u0131tma tesislerine, bacalar\u0131ndaki filtrelere bakt\u0131\u011f\u0131m\u0131z zaman, at\u0131klar\u0131n bertaraf edildi\u011fi sistemlere bakt\u0131\u011f\u0131m\u0131z zaman hakikaten g\u00fcn be g\u00fcn daha nezih bir pozisyonu yakalaman\u0131n gayreti i\u00e7erisindeyiz. Bug\u00fcn T\u00fcrkiye olarak bir sanayi toplumuyuz. \u0130leri teknolojileri \u00e7ok daha iyi okumaya \u00e7al\u0131\u015f\u0131yoruz. Bu durumu ihracat rakamlar\u0131na bakarak da anlamak m\u00fcmk\u00fcnd\u00fcr. Bug\u00fcn T\u00fcrkiye ihracat\u0131n\u0131ny\u00fczde 90&#8217;\u0131n\u0131n\u0131 sanayi\u00fcr\u00fcnleri olu\u015fturmaktad\u0131r&#8221; diye \u015feklindekonu\u015ftu.<\/p>\n<p>T\u00fcrkiye&#8217;yi 100. y\u0131l\u0131nda d\u00fcnyan\u0131n en b\u00fcy\u00fck 10 ekonomisi i\u00e7erisine sokmay\u0131 hedeflediklerini belirten Bakan Bayraktar, &#8220;T\u00fcrkiye&#8217;nin elde etti\u011fi g\u00fcven ve istikrarla yoluna devam etmesi gerekiyor. Bunu ba\u015far\u0131rsak de\u011fil 2023, 2035, 2050&#8217;nin planlar\u0131n\u0131 da bug\u00fcnden yapabiliriz. Devlet olarak, h\u00fck\u00fcmet olarak, Cumhuriyetimizin 100. y\u0131l\u0131nda T\u00fcrkiyeekonomisini d\u00fcnyan\u0131n en b\u00fcy\u00fck 10ekonomisi aras\u0131na sokmay\u0131 hedefliyoruz. H\u00fck\u00fcmet olarak hedefimiz budur. Buanlay\u0131\u015f\u0131 benimsiyoruz. \u00c7evre ve insan sa\u011fl\u0131\u011f\u0131 i\u00e7in gereken \u00f6nlemleri de bu do\u011frultuda art\u0131rarak almaya devam edece\u011fiz. \u00dclkemizin ve insan\u0131m\u0131z\u0131n havas\u0131n\u0131, suyunu korumak zorunday\u0131z. Yani \u00e7evre kalitesinden taviz veremeyiz. Herkesin daha iyi \u00e7evre ve daha iyi \u015fehirlerde ya\u015fama hakk\u0131 var. Bunun i\u00e7in\u00e7al\u0131\u015f\u0131yoruz, bunun i\u00e7inm\u00fccadele ediyoruz&#8221; dedi.<\/p>\n<p>T\u00fcrkiye&#8217;de ya\u015fanan enerji kayb\u0131n\u0131 10 y\u0131l i\u00e7erisindey\u00fczde 16 azaltmay\u0131 hedeflediklerini ifade eden Bayraktar, &#8220;Binalar\u0131m\u0131z\u0131n enerji verimlili\u011fi yap\u0131lmas\u0131n\u0131 sa\u011fl\u0131yoruz. \u00dclke genelinde bu do\u011frultu da 8 bin 400 enerji kimlik belgesi verebilenuzman yeti\u015ftirdik. Art\u0131kyeni yap\u0131lan binalar\u0131n enerji t\u00fcketimleri eski yap\u0131lan binalara g\u00f6rey\u00fczde 40 daha az olacak. \u00dclkemizde ya\u015fanan enerji kay\u0131plar\u0131n\u0131 \u00f6n\u00fcm\u00fczdeki 10 y\u0131l i\u00e7erisinde toplamday\u00fczde 16 azaltmay\u0131 hedefliyoruz&#8221; \u015feklindekonu\u015ftu.<\/p>\n<p>Bakan Bayraktar&#8217;\u0131n yapt\u0131\u011f\u0131 konu\u015fmas\u0131n\u0131nard\u0131ndan \u00f6d\u00fclt\u00f6reninege\u00e7ildi. &#8220;2011 Y\u0131l\u0131 \u0130SO \u00c7evre \u00d6d\u00fclleri&#8221; kapsam\u0131nda d\u00fczenlenen &#8220;\u0130novatif \u00c7evre Dostu\u00dcr\u00fcn&#8221; yar\u0131\u015fmas\u0131kapsam\u0131nda birincili\u011fi payla\u015fanAr\u00e7elik A.\u015e Pi\u015firici Cihazlar\u0130\u015fletmesive Kordsa Globat i\u015fletmeleri, \u00f6d\u00fcllerini \u00c7evre ve \u015eehircilik Bakan\u0131 Erdo\u011fan Bayraktar&#8217;\u0131n elinden ald\u0131.<\/p>\n<p>Kaynak: <a href=\"http:\/\/www.haberler.com\/bakan-bayraktar-enerji-kaybini-yuzde-16-azaltmayi-4294328-haberi\/\" target=\"_blank\">Haberler<\/a><\/p>","protected":false},"excerpt":{"rendered":"<p>Sorry, this entry is only available in Turkish. For the sake of viewer convenience, the content is shown below in the alternative language. You may click the link to switch the active language.\u00c7evre ve \u015eehircilik Bakan\u0131 Erdo\u011fan Bayraktar, &#8220;\u00dclkemizde ya\u015fanan enerji kay\u0131plar\u0131n\u0131 \u00f6n\u00fcm\u00fczdeki 10 y\u0131l i\u00e7erisinde toplamda y\u00fczde 16 azaltmay\u0131 hedefliyoruz&#8221; dedi. \u00c7evre ve \u015eehircilik [&hellip;]<\/p>\n","protected":false},"author":1,"featured_media":5902,"comment_status":"open","ping_status":"open","sticky":false,"template":"","format":"standard","meta":[],"categories":[51,53,52],"tags":[],"views":436,"_links":{"self":[{"href":"https:\/\/www.enerjigazetesi.ist\/en\/wp-json\/wp\/v2\/posts\/5901"}],"collection":[{"href":"https:\/\/www.enerjigazetesi.ist\/en\/wp-json\/wp\/v2\/posts"}],"about":[{"href":"https:\/\/www.enerjigazetesi.ist\/en\/wp-json\/wp\/v2\/types\/post"}],"author":[{"embeddable":true,"href":"https:\/\/www.enerjigazetesi.ist\/en\/wp-json\/wp\/v2\/users\/1"}],"replies":[{"embeddable":true,"href":"https:\/\/www.enerjigazetesi.ist\/en\/wp-json\/wp\/v2\/comments?post=5901"}],"version-history":[{"count":1,"href":"https:\/\/www.enerjigazetesi.ist\/en\/wp-json\/wp\/v2\/posts\/5901\/revisions"}],"predecessor-version":[{"id":5903,"href":"https:\/\/www.enerjigazetesi.ist\/en\/wp-json\/wp\/v2\/posts\/5901\/revisions\/5903"}],"wp:featuredmedia":[{"embeddable":true,"href":"https:\/\/www.enerjigazetesi.ist\/en\/wp-json\/wp\/v2\/media\/5902"}],"wp:attachment":[{"href":"https:\/\/www.enerjigazetesi.ist\/en\/wp-json\/wp\/v2\/media?parent=5901"}],"wp:term":[{"taxonomy":"category","embeddable":true,"href":"https:\/\/www.enerjigazetesi.ist\/en\/wp-json\/wp\/v2\/categories?post=5901"},{"taxonomy":"post_tag","embeddable":true,"href":"https:\/\/www.enerjigazetesi.ist\/en\/wp-json\/wp\/v2\/tags?post=5901"}],"curies":[{"name":"wp","href":"https:\/\/api.w.org\/{rel}","templated":true}]}}