{"id":58990,"date":"2016-11-08T13:30:07","date_gmt":"2016-11-08T10:30:07","guid":{"rendered":"https:\/\/www.enerjigazetesi.ist\/?p=58990"},"modified":"2016-11-08T13:30:07","modified_gmt":"2016-11-08T10:30:07","slug":"albayrak-yerli-kaynak-ve-ucuz-elektrik-ile-cari-acigi-dusurecegiz","status":"publish","type":"post","link":"https:\/\/www.enerjigazetesi.ist\/en\/albayrak-yerli-kaynak-ve-ucuz-elektrik-ile-cari-acigi-dusurecegiz\/","title":{"rendered":"(Turkish) Albayrak: \u201cYerli Kaynak ve Ucuz Elektrik \u0130le Cari A\u00e7\u0131\u011f\u0131 D\u00fc\u015f\u00fcrece\u011fiz\u201d"},"content":{"rendered":"<p class=\"qtranxs-available-languages-message qtranxs-available-languages-message-en\">Sorry, this entry is only available in <a href=\"https:\/\/www.enerjigazetesi.ist\/tr\/wp-json\/wp\/v2\/posts\/58990\" class=\"qtranxs-available-language-link qtranxs-available-language-link-tr\" title=\"Turkish\">Turkish<\/a>. For the sake of viewer convenience, the content is shown below in the alternative language. You may click the link to switch the active language.<\/p><p><\/p>\n<p class=\"selectionShareable\" style=\"color: #0a0a0a;\"><strong>Enerji Bakan\u0131 Berat Albayrak Be\u015ftepe\u2019de d\u00fczenlenen toplu a\u00e7\u0131l\u0131\u015f t\u00f6reninde, \u201cUcuz elektrikle vatanda\u015flar\u0131m\u0131z\u0131n yerli kaynaklar\u0131 kullanmas\u0131yla cari a\u00e7\u0131\u011f\u0131 d\u00fc\u015f\u00fcrmeyi hedeflemekteyiz. D\u00fcnyan\u0131n en ileri imkan ve teknolojilerinin de kullan\u0131lmas\u0131 ama\u00e7lanmaktad\u0131r\u201d dedi.<\/strong><span id=\"more-84996\"><\/span><\/p>\n<p class=\"selectionShareable\" style=\"color: #0a0a0a;\">\u0130\u015fte Albayrak\u2019\u0131n a\u00e7\u0131klamalar\u0131ndan sat\u0131r ba\u015flar\u0131;<a href=\"https:\/\/www.enerjigazetesi.ist\/wp-content\/uploads\/2015\/12\/bakan-albayrak-rusyayla-dogalgaz-sorunu-olmayacak.jpg\"><img loading=\"lazy\" class=\"alignright  wp-image-48373\" src=\"https:\/\/www.enerjigazetesi.ist\/wp-content\/uploads\/2015\/12\/bakan-albayrak-rusyayla-dogalgaz-sorunu-olmayacak-300x165.jpg\" alt=\"bakan-albayrak\" width=\"300\" height=\"184\" \/><\/a><\/p>\n<p class=\"selectionShareable\" style=\"color: #0a0a0a;\">&#8211; Enerji kapasitesini 2.5 kat artt\u0131rd\u0131k. D\u00fcnyan\u0131n \u00f6nde gelen ekonomilerinin bile resesyona girdi\u011fi bu d\u00f6nemde T\u00fcrkiye b\u00fcy\u00fcmesine devam etti. Bu b\u00fcy\u00fcme enerji yat\u0131r\u0131mlar\u0131yla desteklenmeye devam ediyor. Geldi\u011fimiz noktayla yetinmeyece\u011fiz.<\/p>\n<p class=\"selectionShareable\" style=\"color: #0a0a0a;\">&#8211; Ucuz elektrikle vatanda\u015flar\u0131m\u0131z\u0131n yerli kaynaklar\u0131 kullanmas\u0131yla cari a\u00e7\u0131\u011f\u0131 d\u00fc\u015f\u00fcrmeyi hedefliyoruz. D\u00fcnyan\u0131n en ileri imkan ve teknolojilerinin kullan\u0131lmas\u0131 ama\u00e7lamaktay\u0131z.<\/p>\n<p class=\"selectionShareable\" style=\"color: #0a0a0a;\">&#8211; Vatanda\u015flar\u0131m\u0131z\u0131n kaliteli hizmet almas\u0131n\u0131 sa\u011flamaktay\u0131z.<\/p>\n<p class=\"selectionShareable\" style=\"color: #0a0a0a;\">&#8211; 2020 y\u0131l\u0131na kadar \u00f6zel sekt\u00f6r eliyle 18 milyar lira, devlet eliyle 12 milyar lira olmak \u00fczere toplam 30 milyar lira yat\u0131r\u0131mla elektrik iletim ve da\u011f\u0131t\u0131m alt yap\u0131s\u0131n\u0131 modernle\u015ftirmek ad\u0131na \u00f6nemli ad\u0131mlar atmaya devam etmekteyiz.<\/p>\n<p><\/p>","protected":false},"excerpt":{"rendered":"<p>Sorry, this entry is only available in Turkish. For the sake of viewer convenience, the content is shown below in the alternative language. You may click the link to switch the active language. Enerji Bakan\u0131 Berat Albayrak Be\u015ftepe\u2019de d\u00fczenlenen toplu a\u00e7\u0131l\u0131\u015f t\u00f6reninde, \u201cUcuz elektrikle vatanda\u015flar\u0131m\u0131z\u0131n yerli kaynaklar\u0131 kullanmas\u0131yla cari a\u00e7\u0131\u011f\u0131 d\u00fc\u015f\u00fcrmeyi hedeflemekteyiz. D\u00fcnyan\u0131n en ileri [&hellip;]<\/p>\n","protected":false},"author":1,"featured_media":48373,"comment_status":"open","ping_status":"open","sticky":false,"template":"","format":"standard","meta":[],"categories":[51,53],"tags":[27051,68,61,19638,1451,2873,63,114,67,1009,2698,165,32113,5404,6356],"views":684,"_links":{"self":[{"href":"https:\/\/www.enerjigazetesi.ist\/en\/wp-json\/wp\/v2\/posts\/58990"}],"collection":[{"href":"https:\/\/www.enerjigazetesi.ist\/en\/wp-json\/wp\/v2\/posts"}],"about":[{"href":"https:\/\/www.enerjigazetesi.ist\/en\/wp-json\/wp\/v2\/types\/post"}],"author":[{"embeddable":true,"href":"https:\/\/www.enerjigazetesi.ist\/en\/wp-json\/wp\/v2\/users\/1"}],"replies":[{"embeddable":true,"href":"https:\/\/www.enerjigazetesi.ist\/en\/wp-json\/wp\/v2\/comments?post=58990"}],"version-history":[{"count":1,"href":"https:\/\/www.enerjigazetesi.ist\/en\/wp-json\/wp\/v2\/posts\/58990\/revisions"}],"predecessor-version":[{"id":58991,"href":"https:\/\/www.enerjigazetesi.ist\/en\/wp-json\/wp\/v2\/posts\/58990\/revisions\/58991"}],"wp:featuredmedia":[{"embeddable":true,"href":"https:\/\/www.enerjigazetesi.ist\/en\/wp-json\/wp\/v2\/media\/48373"}],"wp:attachment":[{"href":"https:\/\/www.enerjigazetesi.ist\/en\/wp-json\/wp\/v2\/media?parent=58990"}],"wp:term":[{"taxonomy":"category","embeddable":true,"href":"https:\/\/www.enerjigazetesi.ist\/en\/wp-json\/wp\/v2\/categories?post=58990"},{"taxonomy":"post_tag","embeddable":true,"href":"https:\/\/www.enerjigazetesi.ist\/en\/wp-json\/wp\/v2\/tags?post=58990"}],"curies":[{"name":"wp","href":"https:\/\/api.w.org\/{rel}","templated":true}]}}