{"id":58961,"date":"2016-11-08T00:00:07","date_gmt":"2016-11-07T21:00:07","guid":{"rendered":"https:\/\/www.enerjigazetesi.ist\/?p=58961"},"modified":"2016-11-08T00:03:51","modified_gmt":"2016-11-07T21:03:51","slug":"4-rensef-fuarinda-enerji-verimliligi-ve-yonetimi-dernegi-eyoder-oturumu","status":"publish","type":"post","link":"https:\/\/www.enerjigazetesi.ist\/en\/4-rensef-fuarinda-enerji-verimliligi-ve-yonetimi-dernegi-eyoder-oturumu\/","title":{"rendered":"(Turkish) RENSEF&#8217;te Enerji Verimlili\u011fi, Uygulamalar\u0131 ve Finansman\u0131 Masaya Yat\u0131r\u0131l\u0131yor"},"content":{"rendered":"<p class=\"qtranxs-available-languages-message qtranxs-available-languages-message-en\">Sorry, this entry is only available in <a href=\"https:\/\/www.enerjigazetesi.ist\/tr\/wp-json\/wp\/v2\/posts\/58961\" class=\"qtranxs-available-language-link qtranxs-available-language-link-tr\" title=\"Turkish\">Turkish<\/a>. For the sake of viewer convenience, the content is shown below in the alternative language. You may click the link to switch the active language.<\/p><p><strong>17- 19 Kas\u0131m 2016 tarihlerinde Antalya Cam Piramitte d\u00fczenlenecek olan 4. RENSEF Yenilenebilir Enerji Sistemleri ve Enerji Verimlili\u011fi Fuar ve Forumunda 19 Kas\u0131m Cumartesi g\u00fcn\u00fc, EYODER &#8211; Enerji Verimlili\u011fi Ve Y\u00f6netimi Derne\u011fi iki oturum d\u00fczenleyecektir.<\/strong><\/p>\n<p>\u0130lk oturum, Enerji Verimli<a href=\"https:\/\/www.enerjigazetesi.ist\/wp-content\/uploads\/2016\/11\/4-rensef-fuarinda-enerji-verimliligi-ve-yonetimi-dernegi-eyoder-oturumu.jpg\"><img loading=\"lazy\" class=\"alignleft size-medium wp-image-58962\" src=\"https:\/\/www.enerjigazetesi.ist\/wp-content\/uploads\/2016\/11\/4-rensef-fuarinda-enerji-verimliligi-ve-yonetimi-dernegi-eyoder-oturumu-300x212.jpg\" alt=\"4-rensef-fuarinda-enerji-verimliligi-ve-yonetimi-dernegi-eyoder-oturumu\" width=\"300\" height=\"212\" srcset=\"https:\/\/www.enerjigazetesi.ist\/wp-content\/uploads\/2016\/11\/4-rensef-fuarinda-enerji-verimliligi-ve-yonetimi-dernegi-eyoder-oturumu-300x212.jpg 300w, https:\/\/www.enerjigazetesi.ist\/wp-content\/uploads\/2016\/11\/4-rensef-fuarinda-enerji-verimliligi-ve-yonetimi-dernegi-eyoder-oturumu-1024x724.jpg 1024w, https:\/\/www.enerjigazetesi.ist\/wp-content\/uploads\/2016\/11\/4-rensef-fuarinda-enerji-verimliligi-ve-yonetimi-dernegi-eyoder-oturumu-500x353.jpg 500w, https:\/\/www.enerjigazetesi.ist\/wp-content\/uploads\/2016\/11\/4-rensef-fuarinda-enerji-verimliligi-ve-yonetimi-dernegi-eyoder-oturumu-70x50.jpg 70w, https:\/\/www.enerjigazetesi.ist\/wp-content\/uploads\/2016\/11\/4-rensef-fuarinda-enerji-verimliligi-ve-yonetimi-dernegi-eyoder-oturumu.jpg 1123w\" sizes=\"(max-width: 300px) 100vw, 300px\" \/><\/a>li\u011fi ve \u0130yi Uygulamalar konusu ile\u00a0saat <strong>13.00 ile 14.45<\/strong> saatleri aras\u0131nda\u00a0d\u00fczenlenecektir.<\/p>\n<p>Moderat\u00f6rl\u00fc\u011f\u00fcn\u00fc EYODER Ba\u015fkan Yard\u0131mc\u0131s\u0131 Naci I\u015f\u0131kl\u0131&#8217;n\u0131n yapaca\u011f\u0131 Enerji Verimlili\u011fi ve \u0130yi Uygulamalar konulu oturumun konu\u015fmac\u0131lar\u0131 ise, EKO EVD&#8217;den Alpay KOZOK,\u00a0<span style=\"font-style: italic;\">OTELLERDE KOJENERASYON UYGULAMALARI VE TOPRAK KAYNAKLI ISI POMPASI UYGULAMALARI\u00a0<\/span>konusunda bilgi verecektir. Sonras\u0131nda ise VET ENERJ\u0130 Tevfik Sporcu ve NOBEL ENERJ\u0130&#8217;den Cihan Sar\u0131ta\u015f konu\u015fmac\u0131 olarak yer alacaklard\u0131r.<\/p>\n<p>\u0130kinci oturum ise 19 Kas\u0131m Cumartesi g\u00fcn\u00fc \u00f6\u011fleden sonra saat 15.00 ile 16.45 saatleri aras\u0131nda olacakt\u0131r. Enerji Verimlili\u011fi Yat\u0131r\u0131mlar\u0131nda Finansman konulu ikinci oturumda ise;<\/p>\n<p>Enerji Verimlili\u011fi Yat\u0131r\u0131mlar\u0131nda Finansman konusunda H\u00fcseyin \u00d6zhan EBRD (Avrupa \u0130mar ve Kalk\u0131nma Bankas\u0131) Ankara Ofis B\u015fk. konu\u015fmas\u0131n\u0131n sonras\u0131nda ise Konutlarda Enerji Verimlili\u011fi Ba\u015fdan\u0131\u015fman\u0131 Arif Ergin Turef konu\u015facakt\u0131r.<\/p>\n<p>Kaynak: <a href=\"http:\/\/www.rensef.org\/tr\/fuar-hakkinda-gecmis-rensef-fuarlari-rensef-2015-fuari-rensef-2015-katilimcilardan-haberler-eyoder-enerji-verimliligi-ve-yonetimi-dernegi-4rensef-fuar-ve-forumunda-oturum-duzenleyecek.html\" target=\"_blank\" rel=\"nofollow\">Rensef<\/a><\/p>","protected":false},"excerpt":{"rendered":"<p>Sorry, this entry is only available in Turkish. For the sake of viewer convenience, the content is shown below in the alternative language. You may click the link to switch the active language.17- 19 Kas\u0131m 2016 tarihlerinde Antalya Cam Piramitte d\u00fczenlenecek olan 4. RENSEF Yenilenebilir Enerji Sistemleri ve Enerji Verimlili\u011fi Fuar ve Forumunda 19 Kas\u0131m [&hellip;]<\/p>\n","protected":false},"author":1,"featured_media":58962,"comment_status":"open","ping_status":"open","sticky":false,"template":"","format":"standard","meta":[],"categories":[53,52],"tags":[63,67,1009,2698,165,12,30754,154,920],"views":1378,"_links":{"self":[{"href":"https:\/\/www.enerjigazetesi.ist\/en\/wp-json\/wp\/v2\/posts\/58961"}],"collection":[{"href":"https:\/\/www.enerjigazetesi.ist\/en\/wp-json\/wp\/v2\/posts"}],"about":[{"href":"https:\/\/www.enerjigazetesi.ist\/en\/wp-json\/wp\/v2\/types\/post"}],"author":[{"embeddable":true,"href":"https:\/\/www.enerjigazetesi.ist\/en\/wp-json\/wp\/v2\/users\/1"}],"replies":[{"embeddable":true,"href":"https:\/\/www.enerjigazetesi.ist\/en\/wp-json\/wp\/v2\/comments?post=58961"}],"version-history":[{"count":6,"href":"https:\/\/www.enerjigazetesi.ist\/en\/wp-json\/wp\/v2\/posts\/58961\/revisions"}],"predecessor-version":[{"id":58967,"href":"https:\/\/www.enerjigazetesi.ist\/en\/wp-json\/wp\/v2\/posts\/58961\/revisions\/58967"}],"wp:featuredmedia":[{"embeddable":true,"href":"https:\/\/www.enerjigazetesi.ist\/en\/wp-json\/wp\/v2\/media\/58962"}],"wp:attachment":[{"href":"https:\/\/www.enerjigazetesi.ist\/en\/wp-json\/wp\/v2\/media?parent=58961"}],"wp:term":[{"taxonomy":"category","embeddable":true,"href":"https:\/\/www.enerjigazetesi.ist\/en\/wp-json\/wp\/v2\/categories?post=58961"},{"taxonomy":"post_tag","embeddable":true,"href":"https:\/\/www.enerjigazetesi.ist\/en\/wp-json\/wp\/v2\/tags?post=58961"}],"curies":[{"name":"wp","href":"https:\/\/api.w.org\/{rel}","templated":true}]}}