{"id":58894,"date":"2016-11-06T19:22:43","date_gmt":"2016-11-06T16:22:43","guid":{"rendered":"https:\/\/www.enerjigazetesi.ist\/?p=58894"},"modified":"2016-11-06T19:23:06","modified_gmt":"2016-11-06T16:23:06","slug":"zorlu-enerjinin-hedefi-guneste-buyuk-olcekli-yatirimlar","status":"publish","type":"post","link":"https:\/\/www.enerjigazetesi.ist\/en\/zorlu-enerjinin-hedefi-guneste-buyuk-olcekli-yatirimlar\/","title":{"rendered":"(Turkish) Zorlu Enerji\u2019nin Hedefi G\u00fcne\u015fte B\u00fcy\u00fck \u00d6l\u00e7ekli Yat\u0131r\u0131mlar"},"content":{"rendered":"<p class=\"qtranxs-available-languages-message qtranxs-available-languages-message-en\">Sorry, this entry is only available in <a href=\"https:\/\/www.enerjigazetesi.ist\/tr\/wp-json\/wp\/v2\/posts\/58894\" class=\"qtranxs-available-language-link qtranxs-available-language-link-tr\" title=\"Turkish\">Turkish<\/a>. For the sake of viewer convenience, the content is shown below in the alternative language. You may click the link to switch the active language.<\/p><p><strong>EIF 2016 Uluslararas\u0131 Enerji Kongresi ve Fuar\u0131 kapsam\u0131nda d\u00fczenlenen G\u00dcYAD \u00f6zel oturumunda konu\u015fan Zorlu Enerji Genel M\u00fcd\u00fcr Yard\u0131mc\u0131s\u0131 Ya\u011fmur \u00d6zdemir, solar \u00e7at\u0131 uygulamalar\u0131n\u0131n \u00f6n\u00fcndeki mevzuatla ilgili engellerin a\u015f\u0131lmas\u0131yla birlikte T\u00fcrkiye\u2019de geli\u015fmi\u015f entegre solar sistemler yarat\u0131labilece\u011fini\u00a0belirtti.<\/strong><\/p>\n<p>Ankara\u2019da d\u00fczenlenen EIF 2016 Uluslararas\u0131 Enerji Kongresi ve Fuar\u0131, Zorlu Enerji\u2019nin de kurucu \u00fcyesi<a href=\"https:\/\/www.enerjigazetesi.ist\/wp-content\/uploads\/2016\/11\/zorlu-enerjinin-hedefi-guneste-buyuk-olcekli-yatirimlar.jpg\"><img loading=\"lazy\" class=\"alignright  wp-image-58895\" src=\"https:\/\/www.enerjigazetesi.ist\/wp-content\/uploads\/2016\/11\/zorlu-enerjinin-hedefi-guneste-buyuk-olcekli-yatirimlar-300x246.jpg\" alt=\"zorlu-enerjinin-hedefi-guneste-buyuk-olcekli-yatirimlar\" width=\"300\" height=\"200\" \/><\/a> oldu\u011fu G\u00fcne\u015f Enerjisi Yat\u0131r\u0131mc\u0131lar\u0131 Derne\u011fi\u2019nin (G\u00dcYAD) kurulu\u015f imza t\u00f6renine ev sahipli\u011fi yapt\u0131. T\u00f6ren sonras\u0131 ger\u00e7ekle\u015fen G\u00dcYAD \u00f6zel oturumunda konu\u015fan <strong>Zorlu Enerji Genel M\u00fcd\u00fcr Yard\u0131mc\u0131s\u0131 Ya\u011fmur \u00d6zdemir<\/strong>, \u201c<em>Zorlu Enerji olarak g\u00fcne\u015f yat\u0131r\u0131mlar\u0131n\u0131n her alan\u0131nda var olmak ve b\u00fcy\u00fck \u00f6l\u00e7ekli yat\u0131r\u0131mlar hayata ge\u00e7irmek istiyoruz<\/em>\u201d diyerek \u015f\u00f6yle devam etti: \u201c<em>T\u00fcrkiye\u2019de g\u00fcne\u015f enerjisinde ilerlemenin en \u00f6nemli ad\u0131mlar\u0131ndan biri \u00e7at\u0131 pazar\u0131. Bu alan\u0131n desteklenmesiyle panel \u00fcretiminin \u00fclkemizde yap\u0131lmas\u0131n\u0131n da \u00f6n\u00fc a\u00e7\u0131labilir. Di\u011fer yandan solar \u00e7at\u0131 uygulamalar\u0131n\u0131n geli\u015fmesinin \u00f6n\u00fcndeki en \u00f6nemli engellerden biri mevzuatla ilgili. Bu konuda Yenilenebilir Enerji Genel M\u00fcd\u00fcrl\u00fc\u011f\u00fc ile \u00e7al\u0131\u015fmalar y\u00fcr\u00fct\u00fcyoruz. Mevzuatla ilgili sorunlar\u0131n a\u015f\u0131lmas\u0131yla birlikte T\u00fcrkiye\u2019de de geli\u015fmi\u015f entegre solar \u00e7at\u0131 sistemleri kurulabilecektir.\u201d<\/em><\/p>\n<p><strong>\u201cTe\u015fvik s\u00fcrelerinin uzat\u0131lmas\u0131 sekt\u00f6r\u00fcn gelece\u011fi a\u00e7\u0131s\u0131ndan alternatif olabilecektir\u201d<\/strong><\/p>\n<p>G\u00fcne\u015f enerjisi ba\u015fta olmak \u00fczere t\u00fcm yenilenebilir enerji projelerinin desteklenmesinde y\u00fcksek bor\u00e7lanma maliyetlerinin d\u00fc\u015f\u00fcr\u00fclmesinin \u00f6nemine de\u011finen \u00d6zdemir, tarifelerin d\u00fc\u015f\u00fcr\u00fcl\u00fcp, te\u015fvik s\u00fcrelerinin uzat\u0131lmas\u0131n\u0131n sekt\u00f6r\u00fcn gelece\u011fi a\u00e7\u0131s\u0131ndan bir alternatif sunabilece\u011finin vurgusunu yapt\u0131.<\/p>\n<p>Bu y\u0131l 9\u2019uncusu d\u00fczenlenen T\u00fcrkiye\u2019nin en b\u00fcy\u00fck enerji organizasyonlar\u0131ndan EIF Uluslararas\u0131 Enerji Kongresi ve Fuar\u0131 sekt\u00f6r\u00fcn \u00f6nde gelen kamu kurum ve kurulu\u015flar\u0131 ile \u015firketlerini bulu\u015fturdu. 3-4 Kas\u0131m tarihleri aras\u0131nda d\u00fczenlenen etkinlik, 150\u2019den fazla \u015firket ve binlerce ki\u015fiyi a\u011f\u0131rl\u0131yor. Zorlu Enerji, etkinlikte, G\u00dcYAD \u00f6zel oturumunun yan\u0131 s\u0131ra \u201cEnerji Santrallerinde \u0130\u015fletme Bak\u0131m Rehabilitasyon\u201d ve \u201cJeotermal Santral Bak\u0131m ve Rehabilitasyonu\u201d oturumlar\u0131nda yer alarak bu alanlardaki deneyim ve uzmanl\u0131klar\u0131n\u0131 payda\u015f kurumlardan kat\u0131l\u0131mc\u0131larla payla\u015ft\u0131.<\/p>\n<p>Kaynak: B\u00fcltenler<\/p>","protected":false},"excerpt":{"rendered":"<p>Sorry, this entry is only available in Turkish. For the sake of viewer convenience, the content is shown below in the alternative language. You may click the link to switch the active language.EIF 2016 Uluslararas\u0131 Enerji Kongresi ve Fuar\u0131 kapsam\u0131nda d\u00fczenlenen G\u00dcYAD \u00f6zel oturumunda konu\u015fan Zorlu Enerji Genel M\u00fcd\u00fcr Yard\u0131mc\u0131s\u0131 Ya\u011fmur \u00d6zdemir, solar \u00e7at\u0131 uygulamalar\u0131n\u0131n [&hellip;]<\/p>\n","protected":false},"author":1,"featured_media":58895,"comment_status":"open","ping_status":"open","sticky":false,"template":"","format":"standard","meta":[],"categories":[53,49],"tags":[63,67,1009,2698,165,2326,227,13,2569,23133,22975,4269,32080,32081,32079,344],"views":881,"_links":{"self":[{"href":"https:\/\/www.enerjigazetesi.ist\/en\/wp-json\/wp\/v2\/posts\/58894"}],"collection":[{"href":"https:\/\/www.enerjigazetesi.ist\/en\/wp-json\/wp\/v2\/posts"}],"about":[{"href":"https:\/\/www.enerjigazetesi.ist\/en\/wp-json\/wp\/v2\/types\/post"}],"author":[{"embeddable":true,"href":"https:\/\/www.enerjigazetesi.ist\/en\/wp-json\/wp\/v2\/users\/1"}],"replies":[{"embeddable":true,"href":"https:\/\/www.enerjigazetesi.ist\/en\/wp-json\/wp\/v2\/comments?post=58894"}],"version-history":[{"count":1,"href":"https:\/\/www.enerjigazetesi.ist\/en\/wp-json\/wp\/v2\/posts\/58894\/revisions"}],"predecessor-version":[{"id":58896,"href":"https:\/\/www.enerjigazetesi.ist\/en\/wp-json\/wp\/v2\/posts\/58894\/revisions\/58896"}],"wp:featuredmedia":[{"embeddable":true,"href":"https:\/\/www.enerjigazetesi.ist\/en\/wp-json\/wp\/v2\/media\/58895"}],"wp:attachment":[{"href":"https:\/\/www.enerjigazetesi.ist\/en\/wp-json\/wp\/v2\/media?parent=58894"}],"wp:term":[{"taxonomy":"category","embeddable":true,"href":"https:\/\/www.enerjigazetesi.ist\/en\/wp-json\/wp\/v2\/categories?post=58894"},{"taxonomy":"post_tag","embeddable":true,"href":"https:\/\/www.enerjigazetesi.ist\/en\/wp-json\/wp\/v2\/tags?post=58894"}],"curies":[{"name":"wp","href":"https:\/\/api.w.org\/{rel}","templated":true}]}}