{"id":5888,"date":"2013-02-01T10:24:48","date_gmt":"2013-02-01T07:24:48","guid":{"rendered":"https:\/\/www.enerjigazetesi.ist\/?p=5888"},"modified":"2013-02-01T10:47:45","modified_gmt":"2013-02-01T07:47:45","slug":"avrupada-binalarda-enerji-verimliligi","status":"publish","type":"post","link":"https:\/\/www.enerjigazetesi.ist\/en\/avrupada-binalarda-enerji-verimliligi\/","title":{"rendered":"(Turkish) Avrupa\u2019da Binalarda Enerji Verimlili\u011fi\u2026"},"content":{"rendered":"<p class=\"qtranxs-available-languages-message qtranxs-available-languages-message-en\">Sorry, this entry is only available in <a href=\"https:\/\/www.enerjigazetesi.ist\/tr\/wp-json\/wp\/v2\/posts\/5888\" class=\"qtranxs-available-language-link qtranxs-available-language-link-tr\" title=\"Turkish\">Turkish<\/a>. For the sake of viewer convenience, the content is shown below in the alternative language. You may click the link to switch the active language.<\/p><p><strong>Binalar bug\u00fcn birer enerji t\u00fcketicisidirler.binalar\u0131n yap\u0131 standartlar\u0131na g\u00f6re bina i\u00e7i elektrik kullan\u0131m\u0131, ayd\u0131nlatma ve iklimlendirmeyi de beraberinde sa\u011flamak b\u00fcy\u00fck miktarda hem fosil hem de elektrik enerjisi ihtiyac\u0131na yol a\u00e7makta. E\u011fer yenilenebilir enerj kaynaklar\u0131n\u0131n b\u00f6lgesel kullan\u0131m\u0131 artarsa \u00fcretim fazlas\u0131n\u0131n hatlara beslenmesiyle gelecekte binalar\u0131m\u0131z net enerji sa\u011flay\u0131c\u0131lar\u0131 olabilirler.<\/strong><\/p>\n<p><img loading=\"lazy\" class=\"alignleft size-medium wp-image-5889\" title=\"avrupa-da-binalar-da-enerji-verimliligi\" src=\"https:\/\/www.enerjigazetesi.ist\/wp-content\/uploads\/2013\/02\/avrupa-da-binalar-da-enerji-verimliligi-300x174.png\" alt=\"\" width=\"300\" height=\"174\" srcset=\"https:\/\/www.enerjigazetesi.ist\/wp-content\/uploads\/2013\/02\/avrupa-da-binalar-da-enerji-verimliligi-300x174.png 300w, https:\/\/www.enerjigazetesi.ist\/wp-content\/uploads\/2013\/02\/avrupa-da-binalar-da-enerji-verimliligi-500x290.png 500w, https:\/\/www.enerjigazetesi.ist\/wp-content\/uploads\/2013\/02\/avrupa-da-binalar-da-enerji-verimliligi-80x46.png 80w, https:\/\/www.enerjigazetesi.ist\/wp-content\/uploads\/2013\/02\/avrupa-da-binalar-da-enerji-verimliligi.png 508w\" sizes=\"(max-width: 300px) 100vw, 300px\" \/>Binalardaki enerji standartlar\u0131n\u0131n y\u00fcksek, verimlili\u011fin fazla ve t\u00fcketimin az olmas\u0131 y\u0131ll\u0131k t\u00fcketim ortalamas\u0131 i\u00e7in pozitif bir etki olu\u015fturabilir. Yine de bug\u00fcn izole pilot yap\u0131lar ve bu t\u00fcr binalar bulunmakta. Ancak, Avrupa Parlementosu\u00a0 2019 sonras\u0131 yeni kamu binalar\u0131 ve t\u00fcm yeni 2021 sonras\u0131 binalar\u0131n s\u0131f\u0131r enerji standart\u0131na uygun olmas\u0131n\u0131 gerektiren bir yasa tasar\u0131s\u0131 haz\u0131rl\u0131\u011f\u0131nda. S\u0131f\u0131r enerji standart\u0131na sahip binalar di\u011fer bir deyi\u015fle y\u0131ll\u0131k enerji t\u00fcketim ortalamas\u0131na pozitif\u00a0 ya da n\u00f6tr etkiye sahip binalar olacak. S\u0131f\u0131r enerji standart\u0131n\u0131n binalar\u0131n de\u011ferlendirilmesinde bir prensip haline gelmesi\u00a0 i\u00e7in \u00e7al\u0131\u015f\u0131l\u0131yor.<\/p>\n<p>Ne olursa olsun standart belli durumlar i\u00e7in g\u00fcne\u015f enerjisinin kullan\u0131lmas\u0131na \u00f6nemli katk\u0131da bulunacak.G\u00fcne\u015f enerjisine dayal\u0131 termal sistemler, su ve mekan \u0131s\u0131tmada veya\u00a0 gereken durumlarda so\u011futma amac\u0131yla t\u00fcketilen enerji miktar\u0131n\u0131\u00a0 b\u00fcy\u00fck \u00f6l\u00e7\u00fcde d\u00fc\u015f\u00fcrecek.<\/p>\n<p>G\u00fcne\u015fe dayal\u0131 elektrik \u00fcretimi yapan sistemler sadece kullan\u0131lan enerjiyi sa\u011flamakla kalmay\u0131p enerji \u00fcretimi fazlas\u0131n\u0131 \u015febekelere verebilir. G\u00fcne\u015fe dayal\u0131 enerji sistemlerinin bina yap\u0131s\u0131n\u0131 ve \u00f6mr\u00fcn\u00fc olumsuz etkilemeden entegrasyonunu sa\u011flamak bu i\u015fin gelece\u011fi a\u00e7\u0131s\u0131ndan\u00a0 b\u00fcy\u00fck sorunlardan biri. Baz\u0131 \u00f6zel durumlar i\u00e7in de kar\u015f\u0131l\u0131k bulabilecek ve uygulanabilirli\u011fi fazla ve elektrik hatlar\u0131ndaki negatif etkiyi minimuma indirebilecek konseptler geli\u015ftirmek \u00f6nemli. G\u00fcne\u015f ve r\u00fczgar gibi yenilenebilir enerji kaynaklar\u0131ndan meydana gelen enerji dalgalanmas\u0131 artt\u0131k\u00e7a bu konunun \u00f6nemi de ileride artacakt\u0131r. i\u015fletme y\u00f6netimi ve kontrol\u00fc i\u00e7in uygun konseptler \u00fczerinde \u00e7al\u0131\u015fmak \u00f6ncelikler aras\u0131nda.<\/p>\n<p><strong>Yazar: \u0130hsan Eray KETENC\u0130\/ Yalova \u00dcniversitesi <\/strong><\/p>\n<p><strong>(Fraunhofer institue for solar energy systems ISE) raporundan bir \u00e7eviridir.<\/strong><\/p>\n<p><strong>Yay\u0131nc\u0131: <a href=\"https:\/\/www.enerjigazetesi.ist\" target=\"_blank\">EnerjiGazetesi<\/a><\/strong><\/p>","protected":false},"excerpt":{"rendered":"<p>Sorry, this entry is only available in Turkish. For the sake of viewer convenience, the content is shown below in the alternative language. You may click the link to switch the active language.Binalar bug\u00fcn birer enerji t\u00fcketicisidirler.binalar\u0131n yap\u0131 standartlar\u0131na g\u00f6re bina i\u00e7i elektrik kullan\u0131m\u0131, ayd\u0131nlatma ve iklimlendirmeyi de beraberinde sa\u011flamak b\u00fcy\u00fck miktarda hem fosil hem [&hellip;]<\/p>\n","protected":false},"author":1,"featured_media":5889,"comment_status":"open","ping_status":"open","sticky":false,"template":"","format":"standard","meta":[],"categories":[53,52],"tags":[1964,2100,1762,103,12,1876,2101,133],"views":837,"_links":{"self":[{"href":"https:\/\/www.enerjigazetesi.ist\/en\/wp-json\/wp\/v2\/posts\/5888"}],"collection":[{"href":"https:\/\/www.enerjigazetesi.ist\/en\/wp-json\/wp\/v2\/posts"}],"about":[{"href":"https:\/\/www.enerjigazetesi.ist\/en\/wp-json\/wp\/v2\/types\/post"}],"author":[{"embeddable":true,"href":"https:\/\/www.enerjigazetesi.ist\/en\/wp-json\/wp\/v2\/users\/1"}],"replies":[{"embeddable":true,"href":"https:\/\/www.enerjigazetesi.ist\/en\/wp-json\/wp\/v2\/comments?post=5888"}],"version-history":[{"count":3,"href":"https:\/\/www.enerjigazetesi.ist\/en\/wp-json\/wp\/v2\/posts\/5888\/revisions"}],"predecessor-version":[{"id":5891,"href":"https:\/\/www.enerjigazetesi.ist\/en\/wp-json\/wp\/v2\/posts\/5888\/revisions\/5891"}],"wp:featuredmedia":[{"embeddable":true,"href":"https:\/\/www.enerjigazetesi.ist\/en\/wp-json\/wp\/v2\/media\/5889"}],"wp:attachment":[{"href":"https:\/\/www.enerjigazetesi.ist\/en\/wp-json\/wp\/v2\/media?parent=5888"}],"wp:term":[{"taxonomy":"category","embeddable":true,"href":"https:\/\/www.enerjigazetesi.ist\/en\/wp-json\/wp\/v2\/categories?post=5888"},{"taxonomy":"post_tag","embeddable":true,"href":"https:\/\/www.enerjigazetesi.ist\/en\/wp-json\/wp\/v2\/tags?post=5888"}],"curies":[{"name":"wp","href":"https:\/\/api.w.org\/{rel}","templated":true}]}}