{"id":58849,"date":"2016-11-04T14:51:47","date_gmt":"2016-11-04T11:51:47","guid":{"rendered":"https:\/\/www.enerjigazetesi.ist\/?p=58849"},"modified":"2016-11-04T14:55:03","modified_gmt":"2016-11-04T11:55:03","slug":"turebin-ruzgar-enerjisi-ve-etkilesim-raporu-yayimlandi","status":"publish","type":"post","link":"https:\/\/www.enerjigazetesi.ist\/en\/turebin-ruzgar-enerjisi-ve-etkilesim-raporu-yayimlandi\/","title":{"rendered":"(Turkish) T\u00dcREB&#8217;in R\u00fczgar Enerjisi ve Etkile\u015fim Raporu Yay\u0131mland\u0131"},"content":{"rendered":"<p class=\"qtranxs-available-languages-message qtranxs-available-languages-message-en\">Sorry, this entry is only available in <a href=\"https:\/\/www.enerjigazetesi.ist\/tr\/wp-json\/wp\/v2\/posts\/58849\" class=\"qtranxs-available-language-link qtranxs-available-language-link-tr\" title=\"Turkish\">Turkish<\/a>. For the sake of viewer convenience, the content is shown below in the alternative language. You may click the link to switch the active language.<\/p><p><strong><span style=\"color: #0a0a0a;\">T\u00fcrkiye R\u00fczgar Enerjisi Birli\u011fi (T\u00dcREB) taraf\u0131ndan R\u00fczgar Enerjisi ve Etkile\u015fim Raporu yay\u0131mla<a href=\"https:\/\/www.enerjigazetesi.ist\/wp-content\/uploads\/2015\/11\/alternatif-enerji-ruzgar-turbini-500x500_c.jpg\"><img loading=\"lazy\" class=\"alignright  wp-image-46905\" src=\"https:\/\/www.enerjigazetesi.ist\/wp-content\/uploads\/2015\/11\/alternatif-enerji-ruzgar-turbini-500x500_c-300x300.jpg\" alt=\"alternatif-enerji-ruzgar-turbini-500x500_c\" width=\"300\" height=\"197\" \/><\/a>nd\u0131. <\/span><\/strong><\/p>\n<p>Raporda, r\u00fczgar enerjisi sekt\u00f6r\u00fcn\u00fcn i\u00e7inde bulundu\u011fu durumun analizi ve tespitleri yap\u0131ld\u0131.<\/p>\n<p>Ayr\u0131ca, d\u00fcnyadaki iyi uygulamalar\u0131n \u00fclkemiz dinamiklerine uyumu, \u00f6ng\u00f6r\u00fclebilir ve s\u00fcrd\u00fcr\u00fclebilir yat\u0131r\u0131m ortam\u0131na dair de\u011ferlendirmeler ile\u00a0r\u00fczgar kapasitenin maksimum seviyede dahil olmas\u0131 i\u00e7in senaryo analizlerine de yer verildi.<\/p>\n<p><strong style=\"color: #0a0a0a;\">Rapor \u0130\u00e7eri\u011fi<\/strong><\/p>\n<p>3.Her y\u0131l 1000 MW RES ile neler olur?\u2026\u2026\u2026\u2026\u2026\u2026\u2026\u2026\u2026\u2026\u202624<br \/>\n4.Mevcut Durum Analizi\u2026\u2026\u2026\u2026..\u2026\u2026\u2026\u2026\u2026\u2026\u2026\u2026\u2026\u2026\u2026\u2026\u2026\u202633<br \/>\na)Mevzuat Yap\u0131s\u0131\u2026.\u2026\u2026\u2026\u2026\u2026\u2026\u2026\u2026\u2026\u2026\u2026..\u2026\u2026\u2026\u2026\u2026\u2026\u2026\u202637<br \/>\nb)Proje Geli\u015ftirme ve Yat\u0131r\u0131m S\u00fcreci\u2026\u2026\u2026\u2026\u2026\u2026\u2026\u2026\u2026\u2026..40<br \/>\nc)Ticari Ortam\u2026\u2026\u2026\u2026\u2026\u2026\u2026\u2026\u2026\u2026\u2026\u2026\u2026\u2026\u2026\u2026\u2026\u2026\u2026\u2026\u2026\u202649<br \/>\nd)Fiziksel ve Teknik Etkenler\u2026\u2026\u2026..\u2026\u2026\u2026\u2026\u2026\u2026\u2026\u2026\u2026\u2026\u2026.57<br \/>\ne)Yerli Sanayi\u2026\u2026\u2026\u2026\u2026\u2026\u2026\u2026\u2026\u2026\u2026\u2026\u2026\u2026\u2026\u2026\u2026\u2026\u2026\u2026\u2026\u202667<br \/>\n5.Stratejik \u00d6neriler ve Yol Haritas\u0131\u2026\u2026\u2026\u2026\u2026\u2026\u2026\u2026\u2026\u2026\u2026\u2026\u202669<br \/>\n6.Ekler\u2026\u2026\u2026\u2026\u2026\u2026\u2026\u2026\u2026\u2026\u2026\u2026\u2026\u2026\u2026\u2026\u2026\u2026\u2026\u2026\u2026\u2026\u2026\u2026\u2026\u2026..96<br \/>\na)Ek 1: Analitik \u00e7al\u0131\u015fmalar\u0131n yakla\u015f\u0131m\u0131 ve metodolojisi\u202697<br \/>\nb)Ek 2: \u0130hale s\u00fcre\u00e7leri i\u015fleyi\u015fi \u00f6nerisi\u2026\u2026\u2026\u2026\u2026\u2026\u2026\u2026\u2026.106<br \/>\nc)Ek 3: Seviyelendirilmi\u015f elektrik maliyeti\u2026\u2026\u2026\u2026\u2026\u2026..110<br \/>\nd)Ek 4: Seviyelendirilmi\u015felektrik maliyeti hassasiyet analizi\u2026\u2026\u2026\u2026\u2026\u2026\u2026\u2026\u2026\u2026\u2026\u2026\u2026\u2026\u2026\u2026\u2026\u2026\u2026\u2026\u2026\u2026\u2026\u2026116<br \/>\ne)Ek 5: Seviyelendirilmi\u015felektrik maliyeti vaka \u00e7al\u0131\u015fmas\u0131\u2026\u2026\u2026\u2026\u2026\u2026\u2026\u2026\u2026\u2026\u2026\u2026\u2026\u2026\u2026\u2026\u2026\u2026\u2026\u2026\u2026\u2026.120<br \/>\nf)Ek 6: \u0130letim altyap\u0131s\u0131n\u0131n daha fazla yenilenebilir enerji entegrasyonuna haz\u0131rlanmas\u0131\u2026\u2026\u2026\u2026\u2026\u2026\u2026\u2026..124<br \/>\ng)Ek 7: Uluslararas\u0131 \u00f6rnekler\u2026\u2026\u2026\u2026\u2026\u2026\u2026\u2026\u2026\u2026\u2026\u2026\u2026..144<br \/>\n7.Referanslar\u2026\u2026\u2026\u2026\u2026\u2026\u2026\u2026\u2026\u2026\u2026\u2026\u2026\u2026\u2026\u2026\u2026\u2026\u2026\u2026\u2026\u2026.164<\/p>\n<p>Rapora <a href=\"http:\/\/www.tureb.com.tr\/files\/tureb_sayfa\/duyurular\/2016_10_ekim_duyuru\/tureb_ruzgar_enerjisi_ve_etkilesim_raporu.pdf\" target=\"_blank\">Ula\u015fmak \u0130\u00e7in TIKLAYINIZ&gt;&gt;&gt;<\/a><\/p>\n<p>Kaynak: <a href=\"http:\/\/www.tureb.com.tr\/turebsayfa\/duyurular\/turkiye-ruzgar-enerjisi-birligi-ruzgar-enerjisi-ve-etkilesim-raporu\" target=\"_blank\">T\u00dcREB<\/a><\/p>\n<p>&nbsp;<\/p>","protected":false},"excerpt":{"rendered":"<p>Sorry, this entry is only available in Turkish. For the sake of viewer convenience, the content is shown below in the alternative language. You may click the link to switch the active language.T\u00fcrkiye R\u00fczgar Enerjisi Birli\u011fi (T\u00dcREB) taraf\u0131ndan R\u00fczgar Enerjisi ve Etkile\u015fim Raporu yay\u0131mland\u0131. Raporda, r\u00fczgar enerjisi sekt\u00f6r\u00fcn\u00fcn i\u00e7inde bulundu\u011fu durumun analizi ve tespitleri yap\u0131ld\u0131. [&hellip;]<\/p>\n","protected":false},"author":1,"featured_media":46905,"comment_status":"open","ping_status":"open","sticky":false,"template":"","format":"standard","meta":[],"categories":[53,50],"tags":[63,67,1009,2698,165,474,69,16,231,23318,22615,4784,1682,3390],"views":1014,"_links":{"self":[{"href":"https:\/\/www.enerjigazetesi.ist\/en\/wp-json\/wp\/v2\/posts\/58849"}],"collection":[{"href":"https:\/\/www.enerjigazetesi.ist\/en\/wp-json\/wp\/v2\/posts"}],"about":[{"href":"https:\/\/www.enerjigazetesi.ist\/en\/wp-json\/wp\/v2\/types\/post"}],"author":[{"embeddable":true,"href":"https:\/\/www.enerjigazetesi.ist\/en\/wp-json\/wp\/v2\/users\/1"}],"replies":[{"embeddable":true,"href":"https:\/\/www.enerjigazetesi.ist\/en\/wp-json\/wp\/v2\/comments?post=58849"}],"version-history":[{"count":3,"href":"https:\/\/www.enerjigazetesi.ist\/en\/wp-json\/wp\/v2\/posts\/58849\/revisions"}],"predecessor-version":[{"id":58852,"href":"https:\/\/www.enerjigazetesi.ist\/en\/wp-json\/wp\/v2\/posts\/58849\/revisions\/58852"}],"wp:featuredmedia":[{"embeddable":true,"href":"https:\/\/www.enerjigazetesi.ist\/en\/wp-json\/wp\/v2\/media\/46905"}],"wp:attachment":[{"href":"https:\/\/www.enerjigazetesi.ist\/en\/wp-json\/wp\/v2\/media?parent=58849"}],"wp:term":[{"taxonomy":"category","embeddable":true,"href":"https:\/\/www.enerjigazetesi.ist\/en\/wp-json\/wp\/v2\/categories?post=58849"},{"taxonomy":"post_tag","embeddable":true,"href":"https:\/\/www.enerjigazetesi.ist\/en\/wp-json\/wp\/v2\/tags?post=58849"}],"curies":[{"name":"wp","href":"https:\/\/api.w.org\/{rel}","templated":true}]}}