{"id":58828,"date":"2016-11-04T13:05:08","date_gmt":"2016-11-04T10:05:08","guid":{"rendered":"https:\/\/www.enerjigazetesi.ist\/?p=58828"},"modified":"2016-11-04T13:05:36","modified_gmt":"2016-11-04T10:05:36","slug":"aksa-ganada-kurdugu-370-megavatlik-santralini-devreye-aliyor","status":"publish","type":"post","link":"https:\/\/www.enerjigazetesi.ist\/en\/aksa-ganada-kurdugu-370-megavatlik-santralini-devreye-aliyor\/","title":{"rendered":"(Turkish) Aksa Gana\u2019da Kurdu\u011fu 370 Megavatl\u0131k Santralini Devreye Al\u0131yor"},"content":{"rendered":"<p class=\"qtranxs-available-languages-message qtranxs-available-languages-message-en\">Sorry, this entry is only available in <a href=\"https:\/\/www.enerjigazetesi.ist\/tr\/wp-json\/wp\/v2\/posts\/58828\" class=\"qtranxs-available-language-link qtranxs-available-language-link-tr\" title=\"Turkish\">Turkish<\/a>. For the sake of viewer convenience, the content is shown below in the alternative language. You may click the link to switch the active language.<\/p><p><\/p>\n<p class=\"selectionShareable\" style=\"color: #0a0a0a;\"><strong>Aksa Enerji, ge\u00e7en y\u0131l Gana Cumhuriyeti H\u00fck\u00fcmeti ile anla\u015ft\u0131\u011f\u0131 370 megavatl\u0131k enerji santralini, Aral\u0131k ay\u0131 itibar\u0131yla a\u015famal\u0131 olarak devreye alaca\u011f\u0131n\u0131 duyurdu.<\/strong><span id=\"more-84880\"><\/span><\/p>\n<p class=\"selectionShareable\" style=\"color: #0a0a0a;\">Aksa Enerji\u2019den yap\u0131lan a\u00e7\u0131klamaya g\u00f6re, \u015firket, T\u00fcrkiye-Afrika Ekonomi ve \u0130\u015f Forumu\u2019nda g\u00f6r\u00fc\u015fmelerini hem bakan hem de \u015firket d\u00fczeyinde s\u00fcrd\u00fcrmektedir.<img loading=\"lazy\" class=\"alignright size-medium wp-image-58829\" src=\"https:\/\/www.enerjigazetesi.ist\/wp-content\/uploads\/2016\/11\/aksa-ganada-kurdugu-370-megavatlik-santralini-devreye-aliyor-300x168.jpg\" alt=\"aksa-ganada-kurdugu-370-megavatlik-santralini-devreye-aliyor\" width=\"300\" height=\"168\" srcset=\"https:\/\/www.enerjigazetesi.ist\/wp-content\/uploads\/2016\/11\/aksa-ganada-kurdugu-370-megavatlik-santralini-devreye-aliyor-300x168.jpg 300w, https:\/\/www.enerjigazetesi.ist\/wp-content\/uploads\/2016\/11\/aksa-ganada-kurdugu-370-megavatlik-santralini-devreye-aliyor-500x280.jpg 500w, https:\/\/www.enerjigazetesi.ist\/wp-content\/uploads\/2016\/11\/aksa-ganada-kurdugu-370-megavatlik-santralini-devreye-aliyor-80x44.jpg 80w, https:\/\/www.enerjigazetesi.ist\/wp-content\/uploads\/2016\/11\/aksa-ganada-kurdugu-370-megavatlik-santralini-devreye-aliyor.jpg 696w\" sizes=\"(max-width: 300px) 100vw, 300px\" \/><\/p>\n<p class=\"selectionShareable\" style=\"color: #0a0a0a;\">Son d\u00f6nemde enerji ihtiyac\u0131 artan Afrika k\u0131tas\u0131n\u0131n, Aksa Enerji\u2019nin yeni oda\u011f\u0131 oldu\u011fu belirtilen a\u00e7\u0131klamada, T\u00fcrkiye\u2019deki enerji sekt\u00f6r\u00fcnde ya\u015fanan arz fazlas\u0131 nedeniyle y\u00f6n\u00fcn\u00fc yurt d\u0131\u015f\u0131na \u00e7eviren \u015firketin, yat\u0131r\u0131mlar\u0131yla k\u0131ta \u00fclkelerindeki enerji sorununa \u00e7\u00f6z\u00fcm getirdi\u011fi belirtildi.<\/p>\n<p class=\"selectionShareable\" style=\"color: #0a0a0a;\">Aksa Enerji, a\u015famal\u0131 olarak devreye alaca\u011f\u0131 santralde \u00fcretece\u011fi enerji ile Gana\u2019n\u0131n elektrik ihtiyac\u0131n\u0131n yakla\u015f\u0131k y\u00fczde 22\u2019sini kar\u015f\u0131layabilecektir.<\/p>\n<p class=\"selectionShareable\" style=\"color: #0a0a0a;\">G\u00f6r\u00fc\u015flerine yer verilen Aksa Enerji \u00dcst Y\u00f6neticisi C\u00fcneyt Uygun, Gana Cumhuriyeti ve Madagaskar Cumhuriyeti ile imzalad\u0131klar\u0131 anla\u015fmalara yenilerini ekleyeceklerini belirterek, \u015funlar\u0131\u00a0belirtti:<\/p>\n<p class=\"selectionShareable\" style=\"color: #0a0a0a;\">\u201cAral\u0131k ay\u0131nda Gana Cumhuriyeti\u2019ndeki santrali faaliyete ge\u00e7irece\u011fiz. Yeni anla\u015fmalar ile Afrika \u00fclkelerinde Aksa Enerji\u2019nin varl\u0131\u011f\u0131n\u0131 g\u00fc\u00e7lendirece\u011fiz. B\u00f6lgede santral kurma vaadini yerine getirmemi\u015f enerji yat\u0131r\u0131mc\u0131lar\u0131 nedeniyle Afrika pazar\u0131nda g\u00fcven \u00e7ok \u00f6nemlidir. Aksa Enerji olarak b\u00f6lgede fark\u0131m\u0131z\u0131 ortaya koyduk. Gana\u2019daki proje in\u015faat\u0131m\u0131z devam ederken a\u011fustos ay\u0131nda Madagaskar Cumhuriyeti ile 120 megavat kapasiteli bir fuel-oil santralinin kurulmas\u0131 ve \u00fcretilen elektri\u011fin 20 y\u0131l s\u00fcreyle garantili sat\u0131\u015f\u0131n\u0131n yap\u0131lmas\u0131 i\u00e7in anla\u015fma sa\u011flad\u0131k. Afrika k\u0131tas\u0131ndaki bu ikinci projemiz, \u015firketimizin yurt d\u0131\u015f\u0131na a\u00e7\u0131l\u0131m stratejisinin hayata ge\u00e7irilmesi a\u00e7\u0131s\u0131ndan \u00f6nemli bir ad\u0131m olmu\u015ftur.\u201d<\/p>\n<p class=\"selectionShareable\" style=\"color: #0a0a0a;\">Madagaskar santralinin y\u0131lda yakla\u015f\u0131k 700 bin megavat garantili sat\u0131\u015f yapaca\u011f\u0131n\u0131 \u00f6ng\u00f6rd\u00fcklerini aktaran Uygun, ba\u015fka Afrika \u00fclkeleriyle g\u00f6r\u00fc\u015fmelerinin de devam etti\u011fini\u00a0ifade etti.<\/p>\n<p class=\"selectionShareable\" style=\"color: #0a0a0a;\">Gelecek d\u00f6nemde T\u00fcrkiye\u2019deki fuel-oil santrallerini di\u011fer Afrika \u00fclkelerine de ta\u015f\u0131maya devam edeceklerini duyuran Uygun, \u201c\u00d6nceli\u011fimiz, elimizdeki kaynaklar\u0131 kullanarak Afrika\u2019n\u0131n her yerine elektrik ula\u015ft\u0131rmakt\u0131r. T\u00fcrkiye-Afrika Ekonomi ve \u0130\u015f Forumu\u2019nda bu hedefimize bir ad\u0131m daha yakla\u015fm\u0131\u015f bulunmaktay\u0131z.\u201d de\u011ferlendirmelerine yer verdi.<\/p>\n<p class=\"selectionShareable\" style=\"color: #0a0a0a;\">Kaynak: B\u00fcltenler<\/p>\n<p><\/p>","protected":false},"excerpt":{"rendered":"<p>Sorry, this entry is only available in Turkish. For the sake of viewer convenience, the content is shown below in the alternative language. You may click the link to switch the active language. Aksa Enerji, ge\u00e7en y\u0131l Gana Cumhuriyeti H\u00fck\u00fcmeti ile anla\u015ft\u0131\u011f\u0131 370 megavatl\u0131k enerji santralini, Aral\u0131k ay\u0131 itibar\u0131yla a\u015famal\u0131 olarak devreye alaca\u011f\u0131n\u0131 duyurdu. Aksa [&hellip;]<\/p>\n","protected":false},"author":1,"featured_media":58829,"comment_status":"open","ping_status":"open","sticky":false,"template":"","format":"standard","meta":[],"categories":[53],"tags":[1571,68,61,19638,1451,2873,63,67,1009,2698,2838,165,30354,1975,32003],"views":788,"_links":{"self":[{"href":"https:\/\/www.enerjigazetesi.ist\/en\/wp-json\/wp\/v2\/posts\/58828"}],"collection":[{"href":"https:\/\/www.enerjigazetesi.ist\/en\/wp-json\/wp\/v2\/posts"}],"about":[{"href":"https:\/\/www.enerjigazetesi.ist\/en\/wp-json\/wp\/v2\/types\/post"}],"author":[{"embeddable":true,"href":"https:\/\/www.enerjigazetesi.ist\/en\/wp-json\/wp\/v2\/users\/1"}],"replies":[{"embeddable":true,"href":"https:\/\/www.enerjigazetesi.ist\/en\/wp-json\/wp\/v2\/comments?post=58828"}],"version-history":[{"count":1,"href":"https:\/\/www.enerjigazetesi.ist\/en\/wp-json\/wp\/v2\/posts\/58828\/revisions"}],"predecessor-version":[{"id":58830,"href":"https:\/\/www.enerjigazetesi.ist\/en\/wp-json\/wp\/v2\/posts\/58828\/revisions\/58830"}],"wp:featuredmedia":[{"embeddable":true,"href":"https:\/\/www.enerjigazetesi.ist\/en\/wp-json\/wp\/v2\/media\/58829"}],"wp:attachment":[{"href":"https:\/\/www.enerjigazetesi.ist\/en\/wp-json\/wp\/v2\/media?parent=58828"}],"wp:term":[{"taxonomy":"category","embeddable":true,"href":"https:\/\/www.enerjigazetesi.ist\/en\/wp-json\/wp\/v2\/categories?post=58828"},{"taxonomy":"post_tag","embeddable":true,"href":"https:\/\/www.enerjigazetesi.ist\/en\/wp-json\/wp\/v2\/tags?post=58828"}],"curies":[{"name":"wp","href":"https:\/\/api.w.org\/{rel}","templated":true}]}}