{"id":58818,"date":"2016-11-03T23:25:53","date_gmt":"2016-11-03T20:25:53","guid":{"rendered":"https:\/\/www.enerjigazetesi.ist\/?p=58818"},"modified":"2016-11-03T23:25:53","modified_gmt":"2016-11-03T20:25:53","slug":"turkiyede-gaz-ticareti-platformu-icin-dugmeye-basildi","status":"publish","type":"post","link":"https:\/\/www.enerjigazetesi.ist\/en\/turkiyede-gaz-ticareti-platformu-icin-dugmeye-basildi\/","title":{"rendered":"(Turkish) T\u00fcrkiye&#8217;de Gaz Ticareti Platformu \u0130\u00e7in D\u00fc\u011fmeye Bas\u0131ld\u0131"},"content":{"rendered":"<p class=\"qtranxs-available-languages-message qtranxs-available-languages-message-en\">Sorry, this entry is only available in <a href=\"https:\/\/www.enerjigazetesi.ist\/tr\/wp-json\/wp\/v2\/posts\/58818\" class=\"qtranxs-available-language-link qtranxs-available-language-link-tr\" title=\"Turkish\">Turkish<\/a>. For the sake of viewer convenience, the content is shown below in the alternative language. You may click the link to switch the active language.<\/p><p><strong>EIF 2016 9. Uluslararas\u0131 Enerji Kongresi ve Fuar\u0131 enerji sekt\u00f6r\u00fc \u00fcst d\u00fczey \u015firket y\u00f6neticilerini, karar al\u0131c\u0131lar\u0131, enerji sekt\u00f6r\u00fc kanaat \u00f6nderlerini, sivil toplum kurulu\u015flar\u0131 y\u00f6neticilerini, akademisyenleri ve d\u00fczenleyici kurulu\u015flar\u0131 bir araya getiriyor. D\u00fcnya Enerji Koridorlar\u0131nda yer alan T\u00fcrkiye\u2019nin ileriye y\u00f6nelik geli\u015fme s\u00fcrecine sa\u011flayaca\u011f\u0131 katk\u0131lar\u0131n a\u00e7\u0131kland\u0131\u011f\u0131 a\u00e7\u0131l\u0131\u015f\u0131n ard\u0131ndan yo\u011fun kat\u0131l\u0131m ile sekt\u00f6r liderleri bir araya geldi. A\u00e7\u0131l\u0131\u015fta konu\u015fma yapan T.C. Enerji ve Tabii Kaynaklar Bakanl\u0131\u011f\u0131 M\u00fcste\u015far\u0131 Fatih D\u00f6nmez T\u00fcrkiye\u2019nin gaz ticaret platformu i\u00e7in d\u00fc\u011fmeye bast\u0131\u011f\u0131n\u0131\u00a0ifade etti.<\/strong><\/p>\n<p>Kongre ve fuar\u0131n a\u00e7\u0131l\u0131\u015f\u0131n\u0131; TBMM Enerji Komisyonu Ba\u015fkan\u0131 Say\u0131n Ziya Altunyald\u0131z, TC Enerji ve Tabii Kaynaklar Bakanl\u0131\u011f\u0131 M\u00fcste\u015far\u0131 Say\u0131n Fatih D\u00f6nmez, T\u00fcrkiye Petrolleri Genel M\u00fcd\u00fcr\u00fc Say\u0131n Besim \u015ei\u015fman<strong> ve Global Enerji Derne\u011fi \u2013 EIF Y\u00fcr\u00fctme Kurulu Ba\u015fk<a href=\"https:\/\/www.enerjigazetesi.ist\/wp-content\/uploads\/2016\/11\/turkiyede-gaz-ticareti-platformu-icin-dugmeye-basildi.jpg\"><img loading=\"lazy\" class=\"alignright wp-image-58819 size-medium\" src=\"https:\/\/www.enerjigazetesi.ist\/wp-content\/uploads\/2016\/11\/turkiyede-gaz-ticareti-platformu-icin-dugmeye-basildi-300x200.jpg\" alt=\"turkiyede-gaz-ticareti-platformu-icin-dugmeye-basildi\" width=\"300\" height=\"200\" srcset=\"https:\/\/www.enerjigazetesi.ist\/wp-content\/uploads\/2016\/11\/turkiyede-gaz-ticareti-platformu-icin-dugmeye-basildi-300x200.jpg 300w, https:\/\/www.enerjigazetesi.ist\/wp-content\/uploads\/2016\/11\/turkiyede-gaz-ticareti-platformu-icin-dugmeye-basildi-1024x682.jpg 1024w, https:\/\/www.enerjigazetesi.ist\/wp-content\/uploads\/2016\/11\/turkiyede-gaz-ticareti-platformu-icin-dugmeye-basildi-500x333.jpg 500w, https:\/\/www.enerjigazetesi.ist\/wp-content\/uploads\/2016\/11\/turkiyede-gaz-ticareti-platformu-icin-dugmeye-basildi-75x50.jpg 75w, https:\/\/www.enerjigazetesi.ist\/wp-content\/uploads\/2016\/11\/turkiyede-gaz-ticareti-platformu-icin-dugmeye-basildi.jpg 1200w\" sizes=\"(max-width: 300px) 100vw, 300px\" \/><\/a>an\u0131 Say\u0131n Av.\u00c7i\u011fdem \u015eelli Dilek ger\u00e7ekle\u015ftirdi.<\/strong><\/p>\n<p><strong>ORTA D\u00dcZEYDEN KURTULMAK \u0130\u00c7\u0130N \u201cYEKA MODEL\u0130 \u00d6NEML\u0130\u201d<\/strong><\/p>\n<p><strong>TC Enerji ve Tabii Kaynaklar Bakanl\u0131\u011f\u0131 M\u00fcste\u015far\u0131 Fatih D\u00f6nmez:<\/strong> \u00dclkemizin daha h\u0131zl\u0131 b\u00fcy\u00fcmesi i\u00e7in birka\u00e7 hususa dikkat etmeliyiz. T\u00fcketim kadar \u00fcretebiliyor olmal\u0131y\u0131z. \u00d6zel sekt\u00f6r hem i\u00e7erde hem d\u0131\u015farda daha aktif olmal\u0131. Enerji d\u00fcnyas\u0131 uzun d\u00f6nemli de\u011fi\u015fime girdi. Daha \u00e7ok istihdam daha d\u00fc\u015f\u00fck cari a\u00e7\u0131k s\u00f6z konusu. Yerli kaynaklar ve yerli teknolojiler \u00f6nceli\u011fimiz. Bu noktada YEKA Modeli \u00e7ok \u00f6nemli. T\u00fcrkiye\u2019de YEKA Modeli orta gelir d\u00fczeyinden kurtulmas\u0131 i\u00e7in \u00e7ok \u00f6nemli. Teknoloji entegreli enerji yat\u0131r\u0131mlar\u0131 \u00f6nceli\u011fimiz. K\u00f6m\u00fcr kalk\u0131nmada bir basamak kendi kayna\u011f\u0131m\u0131z. R\u00fczgar da . Do\u011falgazda da son 10 y\u0131lda en hareketli d\u00f6neme girdik. T\u00fcrkiye gaz ticaret platformu i\u00e7in d\u00fc\u011fmeye bast\u0131. 2017de bu platform haz\u0131r olacak. Bota\u015f ticareti b\u00f6lgesel de oyuncu olacak. D\u00fcnya enerji sekt\u00f6r\u00fcnde sars\u0131lmayan ta\u015f kalmad\u0131. Pazar\u0131 b\u00fcy\u00fct\u00fcp teknolojik lider olmak i\u00e7in \u00e7al\u0131\u015fmal\u0131y\u0131z.<\/p>\n<p><strong>OECD\u2019DE 1. OLDUK<\/strong><\/p>\n<p><strong>TBMM Enerji Komisyonu Ba\u015fkan\u0131 Ziya Altunyald\u0131z: <\/strong>Uluslararas\u0131 enerji ajans\u0131 yak\u0131n zamanda bir rapor a\u00e7\u0131klad\u0131. 2017de enerji yat\u0131r\u0131mlar\u0131nda d\u00fc\u015fme beklendi\u011fini dile getirdi. T\u00fcrkiye enerji ba\u011f\u0131ml\u0131s\u0131 bir \u00fclke. Yeni politikalar belirleniyor. Reel politi\u011fi kazand\u0131rma ve d\u00f6n\u00fc\u015ft\u00fcrme \u00e7al\u0131\u015fmalar\u0131 yap\u0131l\u0131yor. Enerjide son 13 y\u0131lda t\u00fcketim 2.5 artt\u0131. OECD i\u00e7inde 1. Olduk. D\u00fcnyada \u00c7in\u2019den sonra 2.olduk. Yenilenebilir enerjiye \u00f6ncelik vermek zorunday\u0131z. N\u00fckleer uzun d\u00f6nem tart\u0131\u015f\u0131lmas\u0131na ra\u011fmen \u00f6zellikle Paris\u2019ten sonra olmazsa olmaz oldu bizim i\u00e7in. Enerji arz g\u00fcvenli\u011fi de bir o kadar \u00f6nemli. K\u00fcresel enerjinin kurallar\u0131 belirlenirken T\u00fcrkiye Cumhuriyeti ad\u0131mlar\u0131n\u0131 do\u011fru atmal\u0131. D\u00f6n\u00fc\u015f\u00fcme h\u0131zl\u0131 ayak uydurabilmeli. Yerli ekipmanlarla yat\u0131r\u0131mlar\u0131n ger\u00e7ekle\u015fmesi i\u00e7in \u00e7al\u0131\u015f\u0131yoruz. K\u00fcresel enerji ak\u0131m\u0131n\u0131n merkezi olma yolunda h\u0131zla ilerliyoruz\u201d dedi.<\/p>\n<p><strong>T\u00fcrkiye Petrolleri Genel M\u00fcd\u00fcr\u00fc Besim \u015ei\u015fman: <\/strong>T\u00fcrkiye Petrolleri olarak petrol ve gaz potansiyelini ortaya \u00e7\u0131karmak en \u00f6nemli misyonumuz. D\u00fcnyada kaynaklar \u00fczerinden sava\u015f var. Enerji sava\u015f\u0131n sebebi de\u011fil arac\u0131. Enerjiye h\u00fckmeden sava\u015f\u0131 kazan\u0131yor. Enerji kaynaklar\u0131na sahip olma konusunda agresif olmal\u0131y\u0131z. Petrol fiyatlar\u0131 ciddi anlamda s\u0131k\u0131nt\u0131 yarat\u0131yor. Yenilenebilir konusunda \u00e7ok g\u00fczel ad\u0131mlar at\u0131l\u0131yor. Ke\u015fke r\u00fczgarla g\u00fcne\u015fle sorunlar\u0131 \u00e7\u00f6zsek de bizlere de gerek kalmasa.<\/p>\n<p><strong>Global Enerji Derne\u011fi Ba\u015fkan\u0131 Av. \u00c7i\u011fdem \u015eelli Dilek:<\/strong> \u201cB\u00fcy\u00fcyen T\u00fcrkiye hamlesinde b\u00fcy\u00fck \u00f6nem ta\u015f\u0131yan enerji, yap\u0131lan son \u00e7al\u0131\u015fmalarla birlikte d\u0131\u015fa ba\u011f\u0131ml\u0131l\u0131ktan kurtuluyor. Enerjinin \u00f6zel sekt\u00f6re a\u00e7\u0131lmas\u0131n ard\u0131ndan geli\u015fen yenilenebilen enerji \u00fcretimi, muas\u0131r medeniyetlerin kulland\u0131\u011f\u0131 n\u00fckleer enerji yat\u0131r\u0131mlar\u0131 ile T\u00fcrkiye enerji alan\u0131nda kendi kendine yetebilen \u00fclke konumuna geliyor. Bu y\u0131l 9.su d\u00fczenlenecek olan EIF Enerji Kongresi ve Fuar\u0131 ve paralelinde ger\u00e7ekle\u015ftirilecek olan Petrol ve Gaz Kongresi ve Fuar\u0131 uluslararas\u0131 sekt\u00f6r liderlerini misafir ederek hem d\u00fcnya piyasas\u0131 hakk\u0131nda bilgi verecek hem de yeni i\u015f birliklerinin ve ticaret alanlar\u0131n\u0131n kap\u0131s\u0131n\u0131 aralayacak\u201d dedi.<\/p>\n<p>Kaynak: B\u00fcltenler<\/p>","protected":false},"excerpt":{"rendered":"<p>Sorry, this entry is only available in Turkish. For the sake of viewer convenience, the content is shown below in the alternative language. You may click the link to switch the active language.EIF 2016 9. Uluslararas\u0131 Enerji Kongresi ve Fuar\u0131 enerji sekt\u00f6r\u00fc \u00fcst d\u00fczey \u015firket y\u00f6neticilerini, karar al\u0131c\u0131lar\u0131, enerji sekt\u00f6r\u00fc kanaat \u00f6nderlerini, sivil toplum kurulu\u015flar\u0131 [&hellip;]<\/p>\n","protected":false},"author":1,"featured_media":58819,"comment_status":"open","ping_status":"open","sticky":false,"template":"","format":"standard","meta":[],"categories":[46,53],"tags":[32060,32061,92,226,19761,2092,2677,32059,63,67,1009,2698,165,27530,20360],"views":1022,"_links":{"self":[{"href":"https:\/\/www.enerjigazetesi.ist\/en\/wp-json\/wp\/v2\/posts\/58818"}],"collection":[{"href":"https:\/\/www.enerjigazetesi.ist\/en\/wp-json\/wp\/v2\/posts"}],"about":[{"href":"https:\/\/www.enerjigazetesi.ist\/en\/wp-json\/wp\/v2\/types\/post"}],"author":[{"embeddable":true,"href":"https:\/\/www.enerjigazetesi.ist\/en\/wp-json\/wp\/v2\/users\/1"}],"replies":[{"embeddable":true,"href":"https:\/\/www.enerjigazetesi.ist\/en\/wp-json\/wp\/v2\/comments?post=58818"}],"version-history":[{"count":1,"href":"https:\/\/www.enerjigazetesi.ist\/en\/wp-json\/wp\/v2\/posts\/58818\/revisions"}],"predecessor-version":[{"id":58820,"href":"https:\/\/www.enerjigazetesi.ist\/en\/wp-json\/wp\/v2\/posts\/58818\/revisions\/58820"}],"wp:featuredmedia":[{"embeddable":true,"href":"https:\/\/www.enerjigazetesi.ist\/en\/wp-json\/wp\/v2\/media\/58819"}],"wp:attachment":[{"href":"https:\/\/www.enerjigazetesi.ist\/en\/wp-json\/wp\/v2\/media?parent=58818"}],"wp:term":[{"taxonomy":"category","embeddable":true,"href":"https:\/\/www.enerjigazetesi.ist\/en\/wp-json\/wp\/v2\/categories?post=58818"},{"taxonomy":"post_tag","embeddable":true,"href":"https:\/\/www.enerjigazetesi.ist\/en\/wp-json\/wp\/v2\/tags?post=58818"}],"curies":[{"name":"wp","href":"https:\/\/api.w.org\/{rel}","templated":true}]}}