{"id":58806,"date":"2016-11-03T16:07:38","date_gmt":"2016-11-03T13:07:38","guid":{"rendered":"https:\/\/www.enerjigazetesi.ist\/?p=58806"},"modified":"2016-11-03T16:50:33","modified_gmt":"2016-11-03T13:50:33","slug":"enerji-fuarlarinin-promosyon-urunlerindeki-yeni-trendi-solar-gunes-enerjili-masa-lambasi","status":"publish","type":"post","link":"https:\/\/www.enerjigazetesi.ist\/en\/enerji-fuarlarinin-promosyon-urunlerindeki-yeni-trendi-solar-gunes-enerjili-masa-lambasi\/","title":{"rendered":"(Turkish) Enerji Fuarlar\u0131&#8217;n\u0131n Promosyon \u00dcr\u00fcn\u00fcndeki Yeni Trendi Solar Masa Lambas\u0131"},"content":{"rendered":"<p class=\"qtranxs-available-languages-message qtranxs-available-languages-message-en\">Sorry, this entry is only available in <a href=\"https:\/\/www.enerjigazetesi.ist\/tr\/wp-json\/wp\/v2\/posts\/58806\" class=\"qtranxs-available-language-link qtranxs-available-language-link-tr\" title=\"Turkish\">Turkish<\/a>. For the sake of viewer convenience, the content is shown below in the alternative language. You may click the link to switch the active language.<\/p><p><\/p>\n<h1>Solar G\u00fcne\u015f Enerjili Masa Lambas\u0131<\/h1>\n<p><strong>Her y\u0131l d\u00fczenlenen enerji fuarlar\u0131nda firmalar ak\u0131lda kal\u0131c\u0131l\u0131k sa\u011flamak ve marka bilinirliklerini \u00f6n plana \u00e7\u0131karmak i\u00e7in standlar\u0131n\u0131 ziyaret eden m\u00fc\u015fterilerine\u00a0\u00e7e\u015fitli promosyon \u00fcr\u00fcnleri da\u011f\u0131tmaktad\u0131rlar.<\/strong><\/p>\n<p><strong>Bu y\u0131l\u0131n trendi<\/strong> ise ba\u015fta <strong>g\u00fcne\u015f enerjisi ve t\u00fcm enerji sekt\u00f6r\u00fc<\/strong> olmak \u00fczere her an markan\u0131n <a href=\"https:\/\/www.enerjigazetesi.ist\/wp-content\/uploads\/2016\/11\/enerji-fuarlarinin-promosyon-urunlerindeki-yeni-trendi-solar-gunes-enerjili-masa-lambasi-2.jpg\"><img loading=\"lazy\" class=\"alignright  wp-image-58807\" src=\"https:\/\/www.enerjigazetesi.ist\/wp-content\/uploads\/2016\/11\/enerji-fuarlarinin-promosyon-urunlerindeki-yeni-trendi-solar-gunes-enerjili-masa-lambasi-2-300x300.jpg\" alt=\"enerji-fuarlarinin-promosyon-urunlerindeki-yeni-trendi-solar-gunes-enerjili-masa-lambasi-2\" width=\"300\" height=\"233\" \/><\/a>\u00f6n planda olmas\u0131n\u0131 sa\u011flayan ve m\u00fc\u015fterilere de kullan\u0131m kolayl\u0131\u011f\u0131 ile <span style=\"text-decoration: underline;\">fayda sa\u011flayan<\/span>\u00a0&#8216;\u00a0<strong>Solar G\u00fcne\u015f Enerjili Masa Lambalar\u0131d\u0131r &#8216;.<\/strong><\/p>\n<p>Sizde fuarda stand\u0131n\u0131z\u0131 ziyaret eden m\u00fc\u015fterilerinizin g\u00f6z\u00fcnde kal\u0131c\u0131 bir etki yaratmak i\u00e7in onlara &#8216;<strong>Solar G\u00fcne\u015f Enerjili Masa Lambas\u0131&#8217;<\/strong>\u00a0hediye edebilirsiniz.<\/p>\n<p>Enerji sekt\u00f6r\u00fcne y\u00f6nelik <strong>10 y\u0131l\u0131 a\u015fk\u0131n s\u00fcredir\u00a0<\/strong>elektronik promosyon \u00fcr\u00fcn tedari\u011fi <strong>ithalat\u0131 ve ihracat\u0131<\/strong> yapan sekt\u00f6r\u00fcn\u00fcn marka firmalar\u0131 aras\u0131nda yer alan<strong> &#8216; glt promosyon &#8216;<\/strong> firmas\u0131 ile ileti\u015fime ge\u00e7ebilirsiniz.<\/p>\n<p><span style=\"text-decoration: underline;\"><strong>\u00dcr\u00fcn\u00fcn Detayl\u0131 Bilgisi:<\/strong><\/span><\/p>\n<p><strong>&#8216;Solar G\u00fcne\u015f Enerjili Masa Lambas\u0131&#8217;<\/strong><\/p>\n<p>Elektrik \u015febekesine ba\u011fl\u0131 olmayan yerlerde ( ev, i\u015fyeri ve kamp ) kullan\u0131m i\u00e7in tasarlanm\u0131\u015ft\u0131r.<\/p>\n<p>G\u00fcne\u015f enerjisi ile tam doluluk oran\u0131na ula\u015ft\u0131ktan sonra y\u00fcksek g\u00fc\u00e7l\u00fc \u0131\u015f\u0131k 72 saate kadar kullan\u0131m sa\u011flar. \u00c7ocuklar\u0131n ve ailelerin hava karard\u0131ktan sonra kullan\u0131m\u0131 i\u00e7in tasarlanm\u0131\u015f ev ayd\u0131nlatmas\u0131 i\u00e7inde kullan\u0131labilece\u011finiz bir \u00fcr\u00fcnd\u00fcr.<\/p>\n<p><strong>Ba\u015fka Nerelerde Kullan\u0131labilinir?<\/strong><\/p>\n<p>Ev ve i\u015fyeri harici \u00f6zellikle kamp tarz\u0131 yerlerde ayd\u0131nlatma ve okuma \u0131\u015f\u0131\u011f\u0131 olarak rahat\u00e7a kullan\u0131labilmektedir.<\/p>\n<p><span style=\"text-decoration: underline;\"><strong>Teknik \u00f6zellikleri:<\/strong><\/span><\/p>\n<p>\u2022 25 l\u00fcmen toplam ak\u0131, n\u00f6tr renk LED G\u00fcc\u00fc<\/p>\n<p>\u2022 \u00dc\u00e7 \u0131\u015f\u0131k modu: Turbo (25 l\u00fcmen); Normal (13 l\u00fcmen); D\u00fc\u015f\u00fck (2 l\u00fcmen)<\/p>\n<p>\u2022 360 derecelik ortam geni\u015f a\u00e7\u0131s\u0131<\/p>\n<p>\u2022 5 y\u0131l garantili Lityum Ferro-Fosfat (LFP) pil<\/p>\n<p>\u2022 Entegre 350 mW polikristal g\u00fcne\u015f paneli<\/p>\n<p>\u2022 Drop dayan\u0131kl\u0131, UV dayan\u0131ml\u0131, IP65 polikarbonat ve ABS g\u00f6vde<\/p>\n<p>\u2022 Suya dayan\u0131kl\u0131 ya\u011fmur ve nem korumas\u0131 i\u00e7in O-ring contal\u0131<\/p>\n<p>\u2022 Pil zay\u0131flad\u0131\u011f\u0131nda Aktif batarya y\u00f6netimi otomatik olarak d\u00fc\u015f\u00fck g\u00fc\u00e7te harcamaya ge\u00e7er.<\/p>\n<p>\u2022 Standart 2 y\u0131l garantilidir.<\/p>\n<p><span style=\"text-decoration: underline;\"><strong>Boyut ve A\u011f\u0131rl\u0131k:<\/strong><\/span><\/p>\n<p>\u2022 Lamba Boyut: 101 x 88 x 40 mm<\/p>\n<p>\u2022 Stand Boyut: 110 x 110 x 154 mm<\/p>\n<p>\u2022 Genel Boyutlar: 196 x 110mm<\/p>\n<p>\u2022 A\u011f\u0131rl\u0131k: 150 g<\/p>\n<p><span style=\"text-decoration: underline;\"><strong>Kutu \u0130\u00e7eri\u011fi:<\/strong><\/span><\/p>\n<p>Entegre g\u00fcne\u015f paneli ile \u2022 LED g\u00fcne\u015f \u0131\u015f\u0131\u011f\u0131<\/p>\n<p>\u2022 \u00c7oklu kullan\u0131m stand\u0131<\/p>\n<p>\u2022 Garanti kart\u0131 ve kullan\u0131m k\u0131lavuzu<\/p>\n<p><span style=\"text-decoration: underline;\"><span style=\"color: #993300;\"><strong>Sorular\u0131n\u0131z ve Toplu Sipari\u015fleriniz \u0130\u00e7in:<\/strong><\/span><\/span><span style=\"color: #993300;\"><strong>\u00a0<\/strong><\/span><strong>T:<\/strong> 0212 243 93 37 &#8211; <strong>M:<\/strong> <a href=\"mailto:info@glt.com.tr\">info@glt.com.tr<\/a> &#8211; <strong>W:<\/strong> <a href=\"http:\/\/www.glt.com.tr\" target=\"_blank\">www.glt.com.tr<\/a><\/p>","protected":false},"excerpt":{"rendered":"<p>Sorry, this entry is only available in Turkish. For the sake of viewer convenience, the content is shown below in the alternative language. You may click the link to switch the active language. Solar G\u00fcne\u015f Enerjili Masa Lambas\u0131 Her y\u0131l d\u00fczenlenen enerji fuarlar\u0131nda firmalar ak\u0131lda kal\u0131c\u0131l\u0131k sa\u011flamak ve marka bilinirliklerini \u00f6n plana \u00e7\u0131karmak i\u00e7in standlar\u0131n\u0131 [&hellip;]<\/p>\n","protected":false},"author":1,"featured_media":58808,"comment_status":"open","ping_status":"open","sticky":false,"template":"","format":"standard","meta":[],"categories":[53,49,4,157],"tags":[63,67,1009,2698,165,31669,227,13,23133,22975,4269,32058,32056,32057],"views":2958,"_links":{"self":[{"href":"https:\/\/www.enerjigazetesi.ist\/en\/wp-json\/wp\/v2\/posts\/58806"}],"collection":[{"href":"https:\/\/www.enerjigazetesi.ist\/en\/wp-json\/wp\/v2\/posts"}],"about":[{"href":"https:\/\/www.enerjigazetesi.ist\/en\/wp-json\/wp\/v2\/types\/post"}],"author":[{"embeddable":true,"href":"https:\/\/www.enerjigazetesi.ist\/en\/wp-json\/wp\/v2\/users\/1"}],"replies":[{"embeddable":true,"href":"https:\/\/www.enerjigazetesi.ist\/en\/wp-json\/wp\/v2\/comments?post=58806"}],"version-history":[{"count":9,"href":"https:\/\/www.enerjigazetesi.ist\/en\/wp-json\/wp\/v2\/posts\/58806\/revisions"}],"predecessor-version":[{"id":58817,"href":"https:\/\/www.enerjigazetesi.ist\/en\/wp-json\/wp\/v2\/posts\/58806\/revisions\/58817"}],"wp:featuredmedia":[{"embeddable":true,"href":"https:\/\/www.enerjigazetesi.ist\/en\/wp-json\/wp\/v2\/media\/58808"}],"wp:attachment":[{"href":"https:\/\/www.enerjigazetesi.ist\/en\/wp-json\/wp\/v2\/media?parent=58806"}],"wp:term":[{"taxonomy":"category","embeddable":true,"href":"https:\/\/www.enerjigazetesi.ist\/en\/wp-json\/wp\/v2\/categories?post=58806"},{"taxonomy":"post_tag","embeddable":true,"href":"https:\/\/www.enerjigazetesi.ist\/en\/wp-json\/wp\/v2\/tags?post=58806"}],"curies":[{"name":"wp","href":"https:\/\/api.w.org\/{rel}","templated":true}]}}