{"id":58786,"date":"2016-11-03T13:52:12","date_gmt":"2016-11-03T10:52:12","guid":{"rendered":"https:\/\/www.enerjigazetesi.ist\/?p=58786"},"modified":"2016-11-03T13:52:12","modified_gmt":"2016-11-03T10:52:12","slug":"besinci-ruzgar-enerjisi-kongresi-02-kasim-da-basladi","status":"publish","type":"post","link":"https:\/\/www.enerjigazetesi.ist\/en\/besinci-ruzgar-enerjisi-kongresi-02-kasim-da-basladi\/","title":{"rendered":"(Turkish) Be\u015finci R\u00fczgar Enerjisi Kongresi 02 Kas\u0131m&#8217;da Ba\u015flad\u0131"},"content":{"rendered":"<p class=\"qtranxs-available-languages-message qtranxs-available-languages-message-en\">Sorry, this entry is only available in <a href=\"https:\/\/www.enerjigazetesi.ist\/tr\/wp-json\/wp\/v2\/posts\/58786\" class=\"qtranxs-available-language-link qtranxs-available-language-link-tr\" title=\"Turkish\">Turkish<\/a>. For the sake of viewer convenience, the content is shown below in the alternative language. You may click the link to switch the active language.<\/p><p><strong>R\u00fczgarla Daha G\u00fc\u00e7l\u00fc Bir T\u00fcrkiye\u201d temas\u0131yla ger\u00e7ekle\u015fen kongrenin a\u00e7\u0131l\u0131\u015f konu\u015fmalar\u0131nda T\u00dcREB Ba\u015fkan\u0131 Mustafa Serdar Ataseven, EPDK Ba\u015fkan\u0131 Mustafa Y\u0131lmaz, Enerji ve Tabi Kaynaklar Bakanl\u0131\u011f\u0131 M\u00fcste\u015far\u0131 Fatih D\u00f6nmez, TBMM Enerji Komisyonu Ba\u015fkan\u0131 Ziya Altunyald\u0131z yer ald\u0131.<\/strong><\/p>\n<p>T\u00fcrkiye R\u00fczgar Enerjisi Birli\u011fi taraf\u0131ndan d\u00fczenlenen \u201cT\u00dcREK 2016\u201d bug\u00fcn (2 kas\u0131m) K\u00fclt\u00fcr ve Turizm Bakanl\u0131\u011f\u0131 G\u00fczel Sanatlar Genel M\u00fcd\u00fcrl\u00fc\u011f\u00fc Devlet Halk Danslar\u0131 Toplulu\u011fu\u2019nun sundu\u011fu muhte\u015fem bir g\u00f6steri ile JW Marriott Otel\u2019de ba\u015flad\u0131.<\/p>\n<p><strong>\u201cR\u00fczgarla Daha G\u00fc\u00e7l\u00fc<a href=\"https:\/\/www.enerjigazetesi.ist\/wp-content\/uploads\/2016\/11\/besinci-ruzgar-enerjisi-kongresi-02-kasim-da-basladi.jpg\"><img loading=\"lazy\" class=\"alignleft size-medium wp-image-58787\" src=\"https:\/\/www.enerjigazetesi.ist\/wp-content\/uploads\/2016\/11\/besinci-ruzgar-enerjisi-kongresi-02-kasim-da-basladi-300x200.jpg\" alt=\"besinci-ruzgar-enerjisi-kongresi-02-kasim-da-basladi\" width=\"300\" height=\"200\" srcset=\"https:\/\/www.enerjigazetesi.ist\/wp-content\/uploads\/2016\/11\/besinci-ruzgar-enerjisi-kongresi-02-kasim-da-basladi-300x200.jpg 300w, https:\/\/www.enerjigazetesi.ist\/wp-content\/uploads\/2016\/11\/besinci-ruzgar-enerjisi-kongresi-02-kasim-da-basladi-1024x682.jpg 1024w, https:\/\/www.enerjigazetesi.ist\/wp-content\/uploads\/2016\/11\/besinci-ruzgar-enerjisi-kongresi-02-kasim-da-basladi-500x333.jpg 500w, https:\/\/www.enerjigazetesi.ist\/wp-content\/uploads\/2016\/11\/besinci-ruzgar-enerjisi-kongresi-02-kasim-da-basladi-75x50.jpg 75w, https:\/\/www.enerjigazetesi.ist\/wp-content\/uploads\/2016\/11\/besinci-ruzgar-enerjisi-kongresi-02-kasim-da-basladi.jpg 1200w\" sizes=\"(max-width: 300px) 100vw, 300px\" \/><\/a> Bir T\u00fcrkiye\u201d<\/strong> temas\u0131yla ger\u00e7ekle\u015fen kongrenin a\u00e7\u0131l\u0131\u015f konu\u015fmalar\u0131nda T\u00dcREB Ba\u015fkan\u0131 Mustafa Serdar Ataseven, EPDK Ba\u015fkan\u0131 Mustafa Y\u0131lmaz, Enerji ve Tabi Kaynaklar Bakanl\u0131\u011f\u0131 M\u00fcste\u015far\u0131 Fatih D\u00f6nmez, TBMM Enerji Komisyonu Ba\u015fkan\u0131 Ziya Altunyald\u0131z yer ald\u0131.<\/p>\n<p>Ankara&#8217;da 2 g\u00fcn s\u00fcrecek etkinlikte 14 oturum ve 65 konu\u015fmac\u0131\u00a0kat\u0131l\u0131m g\u00f6sterecektir.<\/p>\n<p>Kongrede, r\u00fczgar enerjisine y\u00f6nelik T\u00dcREB taraf\u0131ndan haz\u0131rlanan R\u00fczgar Master Plan\u0131, YEKA ve yerli \u00fcretimle ilgili planlar ile yat\u0131r\u0131m ve r\u00fczgar sanayisi alan\u0131nda \u0130ran ve Orta Do\u011fu ve Kuzey Afrika pazar\u0131 olanaklar\u0131, ertelenen yeni ba\u015fvurular ve te\u015fvik konular\u0131 tart\u0131\u015f\u0131lacakt\u0131r.<\/p>\n<p>Ev sahibi s\u0131fat\u0131yla konu\u015fan T\u00dcREB Ba\u015fkan\u0131 Mustafa Serdar Ataseven \u201cR\u00fczgarla Daha G\u00fc\u00e7l\u00fc T\u00fcrkiye\u201d temas\u0131yla ger\u00e7ekle\u015ftirdikleri kongrede yer alan \u00f6nemli ba\u015fl\u0131klara de\u011findi. <em>\u00a0<\/em>K\u0131sa bir s\u00fcre \u00f6nce yay\u0131nlanan YEKA Y\u00f6netmeli\u011finin sekt\u00f6re etkisi, Yekdem s\u00fcreci, ge\u00e7en y\u0131l al\u0131nan 3.000 MW\u2019l\u0131k ba\u015fvurular\u0131n ve nisan 2017\u2019de al\u0131nmas\u0131 beklenen 2.000 MW\u2019l\u0131k ba\u015fvurular\u0131n konu al\u0131naca\u011f\u0131 oturumlara dikkat \u00e7ekti. T\u00fcrkiye\u2019deki f\u0131rsatlar\u0131n yan\u0131s\u0131ra MENA B\u00f6lgesinde (Ortado\u011fu, Kuzey Afrika ve T\u00fcrki Cumhuriyetler) enerji tasarrufu ve s\u00fcrd\u00fcr\u00fclebilir enerji \u00fcretimi i\u00e7in umut verici f\u0131rsatlar oldu\u011funu da hat\u0131rlatan Ataseven, haz\u0131rlad\u0131klar\u0131 master plan \u00e7al\u0131\u015fmalar\u0131n\u0131n sekt\u00f6re \u0131\u015f\u0131k tutaca\u011f\u0131n\u0131 da s\u00f6zlerine eklemi\u015ftir.<\/p>\n<p><strong>Nisan 2017\u2019de rekor ba\u015fvuru bekliyoruz<\/strong><\/p>\n<p>EPDK Ba\u015fkan\u0131 Mustafa Y\u0131lmaz, ekim 2016\u2019da yap\u0131lmas\u0131 gereken ba\u015fvurular\u0131n nisan 2017 ilk haftas\u0131na al\u0131nd\u0131\u011f\u0131n\u0131 ve rekor bir ba\u015fvuru beklediklerini ifade etti. Yeni ba\u015fvurulara y\u00f6nelik mevzuat de\u011fi\u015fikliklerinin s\u00fcratle tamamlanaca\u011f\u0131n\u0131 belirten Y\u0131lmaz, nisan 2015\u2019te yap\u0131lan de\u011fi\u015fikliklerle birlikte Yekdem kapsam\u0131nda desteklenmekte olan santrallerin serbest piyasada faaliyet g\u00f6stermeye ba\u015flad\u0131\u011f\u0131n\u0131, bu de\u011fi\u015fikli\u011fin deste\u011fin azalt\u0131lmas\u0131 anlam\u0131na gelmedi\u011fini belirtti. Bu tesisleri basiretli bir piyasa oyuncusu haline getirdiklerini ve esnekliklerini artt\u0131rd\u0131klar\u0131n\u0131 s\u00f6yleyen Y\u0131lmaz, Yekdem\u2019in yan gelip yatma yeri haline gelmesini istemediklerini vurgulam\u0131\u015ft\u0131r.<\/p>\n<p>9 Ekim\u2019de yay\u0131nlanan Yeka y\u00f6netmeli\u011fi ile r\u00fczgar enerjisi kaynak alanlar\u0131n\u0131n etkin ve verimli kullan\u0131lmas\u0131na imkan sa\u011flanaca\u011f\u0131n\u0131, ayn\u0131 zamanda \u00fcretim tesislerinde kullan\u0131lan ileri teknoloji i\u00e7eren aksam\u0131n yerli olarak \u00fcretilmesinin m\u00fcmk\u00fcn olaca\u011f\u0131n\u0131 belirtti. \u0130lerleyen d\u00f6nemde Off shore kaynaklar\u0131n\u0131n da sekt\u00f6re dahil olmas\u0131yla sekt\u00f6r\u00fcn daha \u00e7ok ilgi g\u00f6rece\u011fini belirten Y\u0131lmaz, r\u00fczgar enerjisi sekt\u00f6r\u00fc bu \u00e7al\u0131\u015fmalarla her zamankinden daha cazip olacakt\u0131r\u00a0ifadelerine yer verdi.<\/p>\n<p><strong>2017 ilk \u00e7eyrekte YEKA\u2019larda r\u00fczgar i\u00e7in bir model planlamaktay\u0131z<\/strong><\/p>\n<p>Enerji ve Tabi Kaynaklar Bakanl\u0131\u011f\u0131 M\u00fcste\u015far\u0131 Fatih D\u00f6nmez ise master plan \u00e7al\u0131\u015fmalar\u0131n\u0131n sonu\u00e7lar\u0131n\u0131 oturumda de\u011ferlendireceklerini ve yak\u0131ndan takip edeceklerini\u00a0s\u00f6yledi.<\/p>\n<p>\u0130novasyon ve teknolojinin ba\u015fd\u00f6nd\u00fcr\u00fcc\u00fc bir h\u0131zla geli\u015fti\u011fini s\u00f6yleyen D\u00f6nmez,\u00a0 verimlilik artarken, maliyetlerin de azalmas\u0131n\u0131n sevindirici oldu\u011funu belirtti. Teknolojiyi iyi kullanan ama fazla \u00fcretemeyen \u00fclkeler a\u00e7\u0131s\u0131ndan yerli ekipman\u0131 te\u015fvik edici baz\u0131 mekanizmalar\u0131n geli\u015ftirilmesinin zorunlu oldu\u011fundan bahseden D\u00f6nmez \u015f\u00f6yle devam etti: \u201cYerli ekipman kullan\u0131lmas\u0131n\u0131 te\u015fvik eden bir model geli\u015ftirdik. Ad\u0131 YEKA. \u0130lk ad\u0131mlar\u0131n\u0131 at\u0131yoruz. G\u00fcne\u015fte aral\u0131k ay\u0131nda 1.000 MW\u2019l\u0131k ihaleye \u00e7\u0131kaca\u011f\u0131z, ard\u0131ndan 2017 ilk \u00e7eyre\u011finde ise benzer bir modeli r\u00fczgar i\u00e7in haz\u0131rl\u0131yoruz. R\u00fczgarda tek bir alanda 1.000 MW kapasiteyi yakalama imkan\u0131m\u0131z yok. Bunun yerine \u00e7oktan se\u00e7meli model \u00fczerinde \u00e7al\u0131\u015f\u0131yoruz. Birden fazla ilde birden fazla trafo merkezinde bir portf\u00f6yle \u00e7\u0131kmay\u0131 planl\u0131yoruz. Yat\u0131r\u0131mc\u0131 alan\u0131 belirleyip talepte bulunacak. Bu \u015fekilde yol alma hedefindeyiz.\u201d\u00a0dedi.<\/p>\n<p>Yeka d\u0131\u015f\u0131nda yar\u0131\u015fma gerektiren yerlerde ba\u015fka de\u011fi\u015fikli\u011fe gittiklerinin de alt\u0131n\u0131 \u00e7izen D\u00f6nmez, ikinci en b\u00fcy\u00fck de\u011fi\u015fikliklerinin bu oldu\u011funu ifade etti. Bekleyen 2.000 MW\u2019l\u0131k ba\u015fvurular\u0131n da bu kapsamda de\u011ferlendirilece\u011fini, dinamik olan bu modelin bir\u00e7ok \u00fclkede uyguland\u0131\u011f\u0131n\u0131 da belirtti.<\/p>\n<p><strong>Enerji end\u00fcstris<\/strong><strong>ini desteklemeye devam edece\u011fiz<\/strong><\/p>\n<p>T\u00fcrkiye R\u00fczgar Enerjisi Kongresi&#8217;nde konu\u015fan TBMM Sanayi, Ticaret, Enerji, Tabii Kaynaklar, Bilgi ve Teknoloji Komisyonu Ba\u015fkan\u0131 Ziya Altunyald\u0131z,\u00a0enerji sekt\u00f6r\u00fcnde\u00a0\u00f6nemli paradigma de\u011fi\u015fikliklerinin ya\u015fand\u0131\u011f\u0131n\u0131\u00a0ifade etti. Kamunun \u00f6zel sekt\u00f6rle\u00a0birlikte hareket etti\u011fini dile getiren Altunyald\u0131z, &#8220;Birlikte y\u00fcr\u00fcyoruz, sorunlar\u0131m\u0131z\u0131 birlikte \u00e7\u00f6z\u00fcyoruz. Bu \u015fekilde sadece ge\u00e7en sene bin megavatl\u0131k ilave kurulu g\u00fc\u00e7 r\u00fczgar enerjisine eklendi. Bu \u00e7al\u0131\u015fma anlay\u0131\u015f\u0131na devam edece\u011fiz.&#8221; dedi.<\/p>\n<p>T\u00fcrkiye&#8217;nin enerji alan\u0131ndaki 2023 hedefleri do\u011frultusunda \u00f6nemli ilerleme kaydetti\u011fini belirten Altunyald\u0131z, &#8220;\u015eu an 78 bin hedefini ger\u00e7ekle\u015ftirdik, amac\u0131m\u0131z 120 bin kurulu g\u00fcce ula\u015fmak, 48 bin megavatl\u0131k r\u00fczgar potansiyelinin 20 bin megavat\u0131n\u0131 2023 y\u0131l\u0131na kadar ger\u00e7ekle\u015ftirmek istiyoruz. Beraber\u00a0\u00e7al\u0131\u015farak ger\u00e7ekle\u015ftirece\u011fiz.&#8221; diye konu\u015ftu.<\/p>\n<p>Altunyald\u0131z, son d\u00f6nemde enerji alan\u0131nda\u00a0Yenilenebilir Enerji Kaynak Alanlar\u0131 (YEKA) modeli, yerli enerji kaynaklar\u0131ndan \u00fcretim ve\u00a0n\u00fckleer enerji ba\u015fl\u0131klar\u0131n\u0131n \u00f6n plana \u00e7\u0131kt\u0131\u011f\u0131n\u0131 ifade etti.<\/p>\n<p>T\u00fcrkiye&#8217;de son 13 y\u0131lda ortalama y\u00fczde 5\u2019in \u00fczerinde b\u00fcy\u00fcme ger\u00e7ekle\u015fti\u011fini aktaran Altunyald\u0131z, &#8220;Sanayi \u00fcretimi y\u00fczde 5.3 b\u00fcy\u00fcd\u00fc. Sanayi \u00fcretimiyle enerji aras\u0131nda entegrasyon var, enerji tedarikini zaman\u0131nda yapamazsak g\u00fcnl\u00fck hayat ve \u00fcretim aks\u0131yor.&#8221; dedi.<\/p>\n<p>Altunyald\u0131z,\u00a0enerji end\u00fcstrisi, makina, ekipman ve te\u00e7hizat\u0131n T\u00fcrkiye&#8217;de \u00fcretilmesi gerekti\u011fini vurgulayarak, &#8220;Enerji end\u00fcstrisini de yerli ekipman \u00fcretimini de te\u015fvikle, Ar-Ge yat\u0131r\u0131mlar\u0131n\u0131n desteklenmesiyle, be\u015finci b\u00f6lge destekleriyle, kurumlar vergisi indirimleriyle, stopaj deste\u011fi ve vergi indirimleriyle desteklemeye devam edece\u011fiz.&#8221; diye konu\u015ftu.<\/p>\n<p>Yerli kaynaklardan elektrik \u00fcretiminin a\u011f\u0131rl\u0131k kazanmas\u0131 ve yenilenebilir enerjinin elektrikteki pay\u0131n\u0131n y\u00fczde 30&#8217;a \u00e7\u0131kar\u0131lmas\u0131 i\u00e7in \u00e7al\u0131\u015fmalar\u0131n s\u00fcrd\u00fc\u011f\u00fcn\u00fc ifade eden Altunyald\u0131z, T\u00fcrkiye&#8217;nin enerji \u00fcretim ve da\u011f\u0131t\u0131m merkezi olma konusunda iddias\u0131 bulundu\u011funu ve sekt\u00f6rde at\u0131lan olumlu ad\u0131mlar\u0131n yat\u0131r\u0131mlar\u0131 h\u0131zland\u0131raca\u011f\u0131n\u0131\u00a0belirtti.<\/p>\n<p>Kaynak: B\u00fcltenler<\/p>","protected":false},"excerpt":{"rendered":"<p>Sorry, this entry is only available in Turkish. For the sake of viewer convenience, the content is shown below in the alternative language. You may click the link to switch the active language.R\u00fczgarla Daha G\u00fc\u00e7l\u00fc Bir T\u00fcrkiye\u201d temas\u0131yla ger\u00e7ekle\u015fen kongrenin a\u00e7\u0131l\u0131\u015f konu\u015fmalar\u0131nda T\u00dcREB Ba\u015fkan\u0131 Mustafa Serdar Ataseven, EPDK Ba\u015fkan\u0131 Mustafa Y\u0131lmaz, Enerji ve Tabi Kaynaklar [&hellip;]<\/p>\n","protected":false},"author":1,"featured_media":58787,"comment_status":"open","ping_status":"open","sticky":false,"template":"","format":"standard","meta":[],"categories":[53,50],"tags":[63,67,1009,2698,165,3388,474,69,16,26715,23318,22615,312,4784,324,1682,6645],"views":1127,"_links":{"self":[{"href":"https:\/\/www.enerjigazetesi.ist\/en\/wp-json\/wp\/v2\/posts\/58786"}],"collection":[{"href":"https:\/\/www.enerjigazetesi.ist\/en\/wp-json\/wp\/v2\/posts"}],"about":[{"href":"https:\/\/www.enerjigazetesi.ist\/en\/wp-json\/wp\/v2\/types\/post"}],"author":[{"embeddable":true,"href":"https:\/\/www.enerjigazetesi.ist\/en\/wp-json\/wp\/v2\/users\/1"}],"replies":[{"embeddable":true,"href":"https:\/\/www.enerjigazetesi.ist\/en\/wp-json\/wp\/v2\/comments?post=58786"}],"version-history":[{"count":1,"href":"https:\/\/www.enerjigazetesi.ist\/en\/wp-json\/wp\/v2\/posts\/58786\/revisions"}],"predecessor-version":[{"id":58788,"href":"https:\/\/www.enerjigazetesi.ist\/en\/wp-json\/wp\/v2\/posts\/58786\/revisions\/58788"}],"wp:featuredmedia":[{"embeddable":true,"href":"https:\/\/www.enerjigazetesi.ist\/en\/wp-json\/wp\/v2\/media\/58787"}],"wp:attachment":[{"href":"https:\/\/www.enerjigazetesi.ist\/en\/wp-json\/wp\/v2\/media?parent=58786"}],"wp:term":[{"taxonomy":"category","embeddable":true,"href":"https:\/\/www.enerjigazetesi.ist\/en\/wp-json\/wp\/v2\/categories?post=58786"},{"taxonomy":"post_tag","embeddable":true,"href":"https:\/\/www.enerjigazetesi.ist\/en\/wp-json\/wp\/v2\/tags?post=58786"}],"curies":[{"name":"wp","href":"https:\/\/api.w.org\/{rel}","templated":true}]}}