{"id":58769,"date":"2016-11-02T13:19:35","date_gmt":"2016-11-02T10:19:35","guid":{"rendered":"https:\/\/www.enerjigazetesi.ist\/?p=58769"},"modified":"2016-11-02T13:19:35","modified_gmt":"2016-11-02T10:19:35","slug":"yingli-solarin-gunes-lambasi-afrikali-cocuklarin-gelecegini-aydinlatiyor","status":"publish","type":"post","link":"https:\/\/www.enerjigazetesi.ist\/en\/yingli-solarin-gunes-lambasi-afrikali-cocuklarin-gelecegini-aydinlatiyor\/","title":{"rendered":"(Turkish) Yingli Solar\u2019\u0131n G\u00fcne\u015f Lambas\u0131 Afrikal\u0131 \u00c7ocuklar\u0131n Gelece\u011fini Ayd\u0131nlat\u0131yor"},"content":{"rendered":"<p class=\"qtranxs-available-languages-message qtranxs-available-languages-message-en\">Sorry, this entry is only available in <a href=\"https:\/\/www.enerjigazetesi.ist\/tr\/wp-json\/wp\/v2\/posts\/58769\" class=\"qtranxs-available-language-link qtranxs-available-language-link-tr\" title=\"Turkish\">Turkish<\/a>. For the sake of viewer convenience, the content is shown below in the alternative language. You may click the link to switch the active language.<\/p><p><strong>Merkezi \u00c7in\u2019de bulunan ve d\u00fcnyan\u0131n en b\u00fcy\u00fck g\u00fcne\u015f paneli \u00fcreticilerinden biri olan Yingli Solar, yoksulluk ve iklim de\u011fi\u015fikli\u011fiyle m\u00fccadele eden SolarAid ile i\u015fbirli\u011fi yaparak, g\u00fcne\u015f enerjisiyle \u00e7al\u0131\u015fan, d\u00fcnyan\u0131n en hesapl\u0131 lambas\u0131n\u0131 \u00fcretti. \u00d6zellikle Afrika\u2019daki yoksul ve elektri\u011fe eri\u015fimi olmayan b\u00f6lgeler i\u00e7in tasarlanan g\u00fcne\u015f lambas\u0131n\u0131n fiyat\u0131 sadece 5 ABD dolar\u0131 (15 TL).<\/strong><\/p>\n<p>D\u00fcnyan\u0131n en b\u00fcy\u00fck g\u00fcne\u015f paneli\u00fcreticilerinden birisi olan ve herkes i\u00e7in g\u00fcvenilir ye\u015fil enerji sa\u011flama misyonuna sahip olan <strong>Yingli Solar<\/strong>, yoksulluk v<a href=\"https:\/\/www.enerjigazetesi.ist\/wp-content\/uploads\/2016\/11\/yingli-solarin-gunes-lambasi-afrikali-cocuklarin-gelecegini-aydinlatiyor.jpg\"><img loading=\"lazy\" class=\"alignleft size-medium wp-image-58770\" src=\"https:\/\/www.enerjigazetesi.ist\/wp-content\/uploads\/2016\/11\/yingli-solarin-gunes-lambasi-afrikali-cocuklarin-gelecegini-aydinlatiyor-300x205.jpg\" alt=\"yingli-solarin-gunes-lambasi-afrikali-cocuklarin-gelecegini-aydinlatiyor\" width=\"300\" height=\"205\" srcset=\"https:\/\/www.enerjigazetesi.ist\/wp-content\/uploads\/2016\/11\/yingli-solarin-gunes-lambasi-afrikali-cocuklarin-gelecegini-aydinlatiyor-300x205.jpg 300w, https:\/\/www.enerjigazetesi.ist\/wp-content\/uploads\/2016\/11\/yingli-solarin-gunes-lambasi-afrikali-cocuklarin-gelecegini-aydinlatiyor-1024x700.jpg 1024w, https:\/\/www.enerjigazetesi.ist\/wp-content\/uploads\/2016\/11\/yingli-solarin-gunes-lambasi-afrikali-cocuklarin-gelecegini-aydinlatiyor-500x342.jpg 500w, https:\/\/www.enerjigazetesi.ist\/wp-content\/uploads\/2016\/11\/yingli-solarin-gunes-lambasi-afrikali-cocuklarin-gelecegini-aydinlatiyor-73x50.jpg 73w, https:\/\/www.enerjigazetesi.ist\/wp-content\/uploads\/2016\/11\/yingli-solarin-gunes-lambasi-afrikali-cocuklarin-gelecegini-aydinlatiyor.jpg 1200w\" sizes=\"(max-width: 300px) 100vw, 300px\" \/><\/a>e iklim de\u011fi\u015fikli\u011fiyle m\u00fccadelede \u00f6nc\u00fc uluslararas\u0131 yard\u0131m organizasyonu <strong>SolarAid<\/strong> ile i\u015fbirli\u011fi yaparak Afrika\u2019daki yoksul ve enerjiye eri\u015fimi sorunlu olan b\u00f6lgelerdeki insanlar\u0131n hayat\u0131n\u0131 kolayla\u015ft\u0131rmak amac\u0131yla g\u00fcne\u015f enerjisiyle \u00e7al\u0131\u015fan, d\u00fcnyan\u0131n en hesapl\u0131 lambas\u0131 SM100 modelini \u00fcretti.<\/p>\n<p><strong>Afrika\u2019da 598 milyon insan karanl\u0131kta<\/strong><\/p>\n<p>G\u00fcne\u015f lambas\u0131, Yingli Solar Avrupa taraf\u0131ndan, \u0130ngiltere\u2019deki bir tasar\u0131m ajans\u0131n\u0131n deste\u011fiyle \u00fcretildi. SolarAid\u2019in amac\u0131 Afrika\u2019da elektri\u011fe eri\u015fimi k\u0131s\u0131tl\u0131 olan 598 milyon ki\u015fiye elektrik g\u00f6t\u00fcrmek ve Afrika\u2019n\u0131n k\u0131rsal b\u00f6lgelerinde kullan\u0131labilecek, sa\u011flam ve dayan\u0131kl\u0131, ayn\u0131 zamanda sat\u0131\u015f fiyat\u0131 5 ABD dolar\u0131n\u0131 ge\u00e7meyecek bir g\u00fcne\u015f lambas\u0131 tedarik etmekti.<\/p>\n<p><strong>9 bin adet lamba Afrika\u2019ya ula\u015ft\u0131<\/strong><\/p>\n<p>SolarAid CEO\u2019su <strong>Nick Sireau<\/strong>: \u201c10 y\u0131l \u00f6nce SolarAid\u2019de \u00e7al\u0131\u015fmaya ba\u015flad\u0131\u011f\u0131mda Afrika\u2019da i\u00e7in \u00fcretilen lambalar\u0131n fiyat\u0131 25 ABD dolar\u0131n\u0131 buluyordu. Ge\u00e7en 10 y\u0131lda fiyatlar d\u00fc\u015ft\u00fc ve SolarAid olarak d\u00fcnyan\u0131n en ucuz maliyetli g\u00fcne\u015f lambas\u0131n\u0131 ihtiya\u00e7 sahiplerine ula\u015ft\u0131rmaktan gurur duyuyoruz. B\u00f6ylece Afrika\u2019da evlerde art\u0131k gazya\u011f\u0131 lambas\u0131 kullan\u0131lmayacak. Gazya\u011f\u0131 lambalar\u0131 hem sa\u011fl\u0131\u011fa zararl\u0131 hem de yang\u0131n \u00e7\u0131karma riski \u00e7ok y\u00fcksek\u201d dedi.<\/p>\n<p><strong>Afrika\u2019da milyonlarca ev ayd\u0131nlan\u0131yor<\/strong><\/p>\n<p>SolarAid, A\u011fustos 2016 tarihinden itibaren Uganda, Malawi ve Zambiya\u2019da 9 bin adet g\u00fcne\u015f lambas\u0131n\u0131n da\u011f\u0131t\u0131m\u0131n\u0131 ger\u00e7ekle\u015ftirdi. Nick Sireau, lambalar\u0131n g\u00fcne\u015f \u0131\u015f\u0131\u011f\u0131 ile \u015farj olduktan sonra 5 saatten uzun s\u00fcre parlak \u0131\u015f\u0131k verdi\u011fini belirterek \u201cLambay\u0131 masa lambas\u0131 olarak kullanmak m\u00fcmk\u00fcn, ayr\u0131ca duvara da as\u0131labiliyor. Dikd\u00f6rtgen tasar\u0131m\u0131 sayesinde ayaklar\u0131ndan ba\u011f\u0131ms\u0131z olarak kullan\u0131labiliyor ve ellerin serbest kalmas\u0131 gerekti\u011finde bir bantla kafa lambas\u0131na d\u00f6n\u00fc\u015ft\u00fcr\u00fclebiliyor\u201d diye konu\u015ftu.<\/p>\n<p><strong>\u00c7ocuklar ders \u00e7al\u0131\u015fabilecek<\/strong><\/p>\n<p>Yingli Solar Avrupa Genel M\u00fcd\u00fcr\u00fc <strong>Darren Thompson<\/strong>: \u201cAfrika\u2019daki milyonlarca yoksul aileye g\u00fcvenilir \u0131\u015f\u0131k kayna\u011f\u0131 olacak bu lamba sadece hayatlar\u0131 kurtarmakla kalmayacak, gece karanl\u0131\u011f\u0131nda \u0131\u015f\u0131k vererek \u00e7ocuklar\u0131n e\u011fitimine de katk\u0131da bulunacak. Bu projede SolarAid i\u00e7in m\u00fcmk\u00fcn olabilecek en d\u00fc\u015f\u00fck fiyattan dayan\u0131kl\u0131 ve y\u00fcksek kaliteli g\u00fcne\u015f lambas\u0131 \u00fcretmekten gurur duyuyoruz. Elektrikten yoksun ya\u015fayan milyonlarca insan\u0131n ya\u015fam kalitesi bu sayede artacak. Yingli Solar olarak \u2018Herkes \u0130\u00e7in G\u00fcvenilir ve Hesapl\u0131 Ye\u015fil Enerji\u201d misyonumuzu bu proje ile hayata ge\u00e7irmenin mutlulu\u011funu ya\u015f\u0131yoruz\u201d dedi.<\/p>\n<p>Kaynak: B\u00fcltenler<\/p>","protected":false},"excerpt":{"rendered":"<p>Sorry, this entry is only available in Turkish. For the sake of viewer convenience, the content is shown below in the alternative language. You may click the link to switch the active language.Merkezi \u00c7in\u2019de bulunan ve d\u00fcnyan\u0131n en b\u00fcy\u00fck g\u00fcne\u015f paneli \u00fcreticilerinden biri olan Yingli Solar, yoksulluk ve iklim de\u011fi\u015fikli\u011fiyle m\u00fccadele eden SolarAid ile i\u015fbirli\u011fi [&hellip;]<\/p>\n","protected":false},"author":1,"featured_media":58770,"comment_status":"open","ping_status":"open","sticky":false,"template":"","format":"standard","meta":[],"categories":[53,49],"tags":[1976,32033,63,67,1009,2698,165,227,13,23133,32032,22975,4269,4206],"views":1105,"_links":{"self":[{"href":"https:\/\/www.enerjigazetesi.ist\/en\/wp-json\/wp\/v2\/posts\/58769"}],"collection":[{"href":"https:\/\/www.enerjigazetesi.ist\/en\/wp-json\/wp\/v2\/posts"}],"about":[{"href":"https:\/\/www.enerjigazetesi.ist\/en\/wp-json\/wp\/v2\/types\/post"}],"author":[{"embeddable":true,"href":"https:\/\/www.enerjigazetesi.ist\/en\/wp-json\/wp\/v2\/users\/1"}],"replies":[{"embeddable":true,"href":"https:\/\/www.enerjigazetesi.ist\/en\/wp-json\/wp\/v2\/comments?post=58769"}],"version-history":[{"count":1,"href":"https:\/\/www.enerjigazetesi.ist\/en\/wp-json\/wp\/v2\/posts\/58769\/revisions"}],"predecessor-version":[{"id":58771,"href":"https:\/\/www.enerjigazetesi.ist\/en\/wp-json\/wp\/v2\/posts\/58769\/revisions\/58771"}],"wp:featuredmedia":[{"embeddable":true,"href":"https:\/\/www.enerjigazetesi.ist\/en\/wp-json\/wp\/v2\/media\/58770"}],"wp:attachment":[{"href":"https:\/\/www.enerjigazetesi.ist\/en\/wp-json\/wp\/v2\/media?parent=58769"}],"wp:term":[{"taxonomy":"category","embeddable":true,"href":"https:\/\/www.enerjigazetesi.ist\/en\/wp-json\/wp\/v2\/categories?post=58769"},{"taxonomy":"post_tag","embeddable":true,"href":"https:\/\/www.enerjigazetesi.ist\/en\/wp-json\/wp\/v2\/tags?post=58769"}],"curies":[{"name":"wp","href":"https:\/\/api.w.org\/{rel}","templated":true}]}}