{"id":58720,"date":"2016-11-01T12:55:26","date_gmt":"2016-11-01T09:55:26","guid":{"rendered":"https:\/\/www.enerjigazetesi.ist\/?p=58720"},"modified":"2016-11-01T12:57:16","modified_gmt":"2016-11-01T09:57:16","slug":"agrida-yapilan-sabotaj-ile-van-gazsiz-kaldi","status":"publish","type":"post","link":"https:\/\/www.enerjigazetesi.ist\/en\/agrida-yapilan-sabotaj-ile-van-gazsiz-kaldi\/","title":{"rendered":"(Turkish) A\u011fr\u0131\u2019da Yap\u0131lan Sabotaj \u0130le Van Gazs\u0131z Kald\u0131"},"content":{"rendered":"<p class=\"qtranxs-available-languages-message qtranxs-available-languages-message-en\">Sorry, this entry is only available in <a href=\"https:\/\/www.enerjigazetesi.ist\/tr\/wp-json\/wp\/v2\/posts\/58720\" class=\"qtranxs-available-language-link qtranxs-available-language-link-tr\" title=\"Turkish\">Turkish<\/a>. For the sake of viewer convenience, the content is shown below in the alternative language. You may click the link to switch the active language.<\/p><p><\/p>\n<p class=\"selectionShareable\" style=\"color: #0a0a0a;\"><strong>A\u011fr\u0131\u2019n\u0131n Do\u011fubayaz\u0131t il\u00e7esinde, \u0130ran\u2019dan T\u00fcrkiye\u2019ye gelen boru hatt\u0131nda ya\u015fanan patlama sonucu do\u011falgaz ak\u0131\u015f\u0131n\u0131n kesilmesi, Van\u2019da gaz kesintisine neden oldu.\u00a0Aksa Van Do\u011falgaz Da\u011f\u0131t\u0131m A.\u015e. M\u00fcd\u00fcr\u00fc Salim \u00c7ekici taraf\u0131ndan Do\u011fubayaz\u0131t il\u00e7esindeki sabotajdan dolay\u0131 Van\u2019da gaz kesintisi ya\u015fand\u0131\u011f\u0131 belirtildi.<\/strong><\/p>\n<p class=\"selectionShareable\" style=\"color: #0a0a0a;\">Sabotaj\u0131n Van\u2019a gelen boru hatt\u0131 \u00fczerine yap\u0131ld\u0131\u011f\u0131 i\u00e7in kente gaz verilemedi\u011fini ifade eden \u00c7ekici, \u015funlar\u0131<a href=\"https:\/\/www.enerjigazetesi.ist\/wp-content\/uploads\/2016\/02\/dogalgaz-tuketiminde-tum-zamanlarin-rekoru-kirildi.jpg\"><img loading=\"lazy\" class=\"alignright size-medium wp-image-49920\" src=\"https:\/\/www.enerjigazetesi.ist\/wp-content\/uploads\/2016\/02\/dogalgaz-tuketiminde-tum-zamanlarin-rekoru-kirildi-300x165.jpg\" alt=\"dogalgaz-tuketimi\" width=\"300\" height=\"165\" srcset=\"https:\/\/www.enerjigazetesi.ist\/wp-content\/uploads\/2016\/02\/dogalgaz-tuketiminde-tum-zamanlarin-rekoru-kirildi-300x165.jpg 300w, https:\/\/www.enerjigazetesi.ist\/wp-content\/uploads\/2016\/02\/dogalgaz-tuketiminde-tum-zamanlarin-rekoru-kirildi-500x276.jpg 500w, https:\/\/www.enerjigazetesi.ist\/wp-content\/uploads\/2016\/02\/dogalgaz-tuketiminde-tum-zamanlarin-rekoru-kirildi-80x44.jpg 80w, https:\/\/www.enerjigazetesi.ist\/wp-content\/uploads\/2016\/02\/dogalgaz-tuketiminde-tum-zamanlarin-rekoru-kirildi.jpg 696w\" sizes=\"(max-width: 300px) 100vw, 300px\" \/><\/a> s\u00f6yledi:<\/p>\n<p class=\"selectionShareable\" style=\"color: #0a0a0a;\">\u201c\u015eebekemizdeki stok gaz\u0131n da t\u00fckenmesi nedeniyle bu g\u00fcnden itibaren kent genelinde kesinti ya\u015fanm\u0131\u015ft\u0131r. Onar\u0131m \u00e7al\u0131\u015fmalar\u0131 tamamlan\u0131r tamamlanmaz biz lisans alan\u0131m\u0131zdaki abonelerimize kademeli olarak gaz vermeye \u00e7al\u0131\u015faca\u011f\u0131z. \u015eu anda onar\u0131m \u00e7al\u0131\u015fmalar\u0131n\u0131n devam etti\u011fini biliyoruz. En k\u0131sa zamanda bu \u00e7al\u0131\u015fmalar\u0131n tamamlanarak gaz ak\u0131\u015f\u0131n\u0131n sa\u011flanmas\u0131n\u0131 \u00fcmit etmekteyiz. Kesinti nedeniyle vatanda\u015flar\u0131n yak\u0131c\u0131 cihazlar\u0131n\u0131 kapal\u0131 konuma getirmesi gerekmektedir.\u201d<\/p>\n<p class=\"selectionShareable\" style=\"color: #0a0a0a;\">Do\u011falgaz da\u011f\u0131t\u0131m \u015firketi, kentteki abonelerine, \u201cBOTA\u015e iletim hatt\u0131na d\u00fczenlenen sabotaj nedeniyle gaz arz\u0131nda kesintiler ya\u015fanacakt\u0131r\u201d yaz\u0131l\u0131 mesaj g\u00f6ndererek kesinti konusunda bilgi verdi.<\/p>\n<p class=\"selectionShareable\" style=\"color: #0a0a0a;\">Haberin <a href=\"http:\/\/enerjienstitusu.com\/2016\/10\/31\/agridaki-sabotaj-vani-gazsiz-birakti\/\" target=\"_blank\" rel=\"nofollow\">Devam\u0131 \u0130\u00e7in TIKLAYINIZ&gt;&gt;&gt;<\/a><\/p>\n<p class=\"selectionShareable\" style=\"color: #0a0a0a;\">Kaynak: Enerji Enstit\u00fcs\u00fc<\/p>\n<p><\/p>","protected":false},"excerpt":{"rendered":"<p>Sorry, this entry is only available in Turkish. For the sake of viewer convenience, the content is shown below in the alternative language. You may click the link to switch the active language. A\u011fr\u0131\u2019n\u0131n Do\u011fubayaz\u0131t il\u00e7esinde, \u0130ran\u2019dan T\u00fcrkiye\u2019ye gelen boru hatt\u0131nda ya\u015fanan patlama sonucu do\u011falgaz ak\u0131\u015f\u0131n\u0131n kesilmesi, Van\u2019da gaz kesintisine neden oldu.\u00a0Aksa Van Do\u011falgaz Da\u011f\u0131t\u0131m [&hellip;]<\/p>\n","protected":false},"author":1,"featured_media":49920,"comment_status":"open","ping_status":"open","sticky":false,"template":"","format":"standard","meta":[],"categories":[46,53],"tags":[6358,24405,531,92,876,226,19761,13665,2092,2677,63,67,1009,2698,165,5805,4224],"views":652,"_links":{"self":[{"href":"https:\/\/www.enerjigazetesi.ist\/en\/wp-json\/wp\/v2\/posts\/58720"}],"collection":[{"href":"https:\/\/www.enerjigazetesi.ist\/en\/wp-json\/wp\/v2\/posts"}],"about":[{"href":"https:\/\/www.enerjigazetesi.ist\/en\/wp-json\/wp\/v2\/types\/post"}],"author":[{"embeddable":true,"href":"https:\/\/www.enerjigazetesi.ist\/en\/wp-json\/wp\/v2\/users\/1"}],"replies":[{"embeddable":true,"href":"https:\/\/www.enerjigazetesi.ist\/en\/wp-json\/wp\/v2\/comments?post=58720"}],"version-history":[{"count":2,"href":"https:\/\/www.enerjigazetesi.ist\/en\/wp-json\/wp\/v2\/posts\/58720\/revisions"}],"predecessor-version":[{"id":58722,"href":"https:\/\/www.enerjigazetesi.ist\/en\/wp-json\/wp\/v2\/posts\/58720\/revisions\/58722"}],"wp:featuredmedia":[{"embeddable":true,"href":"https:\/\/www.enerjigazetesi.ist\/en\/wp-json\/wp\/v2\/media\/49920"}],"wp:attachment":[{"href":"https:\/\/www.enerjigazetesi.ist\/en\/wp-json\/wp\/v2\/media?parent=58720"}],"wp:term":[{"taxonomy":"category","embeddable":true,"href":"https:\/\/www.enerjigazetesi.ist\/en\/wp-json\/wp\/v2\/categories?post=58720"},{"taxonomy":"post_tag","embeddable":true,"href":"https:\/\/www.enerjigazetesi.ist\/en\/wp-json\/wp\/v2\/tags?post=58720"}],"curies":[{"name":"wp","href":"https:\/\/api.w.org\/{rel}","templated":true}]}}