{"id":58678,"date":"2016-10-31T15:35:08","date_gmt":"2016-10-31T12:35:08","guid":{"rendered":"https:\/\/www.enerjigazetesi.ist\/?p=58678"},"modified":"2016-10-31T15:35:48","modified_gmt":"2016-10-31T12:35:48","slug":"natig-aliyev-petrol-uretiminin-artirilmamasi-tekliflerini-destekliyoruz","status":"publish","type":"post","link":"https:\/\/www.enerjigazetesi.ist\/en\/natig-aliyev-petrol-uretiminin-artirilmamasi-tekliflerini-destekliyoruz\/","title":{"rendered":"(Turkish) Natig Aliyev: \u201cPetrol \u00dcretiminin Art\u0131r\u0131lmamas\u0131 Tekliflerini Destekliyoruz\u201d"},"content":{"rendered":"<p class=\"qtranxs-available-languages-message qtranxs-available-languages-message-en\">Sorry, this entry is only available in <a href=\"https:\/\/www.enerjigazetesi.ist\/tr\/wp-json\/wp\/v2\/posts\/58678\" class=\"qtranxs-available-language-link qtranxs-available-language-link-tr\" title=\"Turkish\">Turkish<\/a>. For the sake of viewer convenience, the content is shown below in the alternative language. You may click the link to switch the active language.<\/p><p><\/p>\n<p class=\"selectionShareable\" style=\"color: #0a0a0a;\"><strong>Azerbaycan Enerji Bakan\u0131 Natig Aliyev, petrol \u00fcretiminin art\u0131r\u0131lmamas\u0131 y\u00f6n\u00fcndeki uluslararas\u0131 teklifleri desteklediklerini\u00a0ifade etti.<a href=\"https:\/\/www.enerjigazetesi.ist\/wp-content\/uploads\/2016\/02\/petrol-uretimini-donduran-ulkelerin-sayisi-artabilir.jpg\"><img loading=\"lazy\" class=\"alignright size-medium wp-image-50747\" src=\"https:\/\/www.enerjigazetesi.ist\/wp-content\/uploads\/2016\/02\/petrol-uretimini-donduran-ulkelerin-sayisi-artabilir-300x165.jpg\" alt=\"petrol-uretimi\" width=\"300\" height=\"165\" srcset=\"https:\/\/www.enerjigazetesi.ist\/wp-content\/uploads\/2016\/02\/petrol-uretimini-donduran-ulkelerin-sayisi-artabilir-300x165.jpg 300w, https:\/\/www.enerjigazetesi.ist\/wp-content\/uploads\/2016\/02\/petrol-uretimini-donduran-ulkelerin-sayisi-artabilir-500x276.jpg 500w, https:\/\/www.enerjigazetesi.ist\/wp-content\/uploads\/2016\/02\/petrol-uretimini-donduran-ulkelerin-sayisi-artabilir-80x44.jpg 80w, https:\/\/www.enerjigazetesi.ist\/wp-content\/uploads\/2016\/02\/petrol-uretimini-donduran-ulkelerin-sayisi-artabilir.jpg 696w\" sizes=\"(max-width: 300px) 100vw, 300px\" \/><\/a><\/strong><span id=\"more-84715\"><\/span><\/p>\n<p class=\"selectionShareable\" style=\"color: #0a0a0a;\">Viyana\u2019da yap\u0131lacak toplant\u0131 i\u00e7in de de\u011ferlendirmelerde bulunan Aliyev, \u00fclkesinin d\u00fcnya petrol piyasas\u0131n\u0131n d\u00fczenlenmesi, istikrara kavu\u015fmas\u0131 ve petrol fiyatlar\u0131n\u0131n artmas\u0131 i\u00e7in \u00f6nerilen teklifleri destekledi\u011fini ve nihai mutabakat elde edilmesi i\u00e7in katk\u0131 yapmaya haz\u0131r oldu\u011funu\u00a0s\u00f6yledi.<\/p>\n<p class=\"selectionShareable\" style=\"color: #0a0a0a;\">Aliyev, \u201c As\u0131l konu OPEC \u00fcyeleri \u00f6zellikle de \u0130ran, Libya, Nijerya ve Suudi Arabistan aras\u0131ndaki anla\u015fmazl\u0131klar\u0131n giderilmesidir. Azerbaycan, kendi petrol \u00fcretimini ve ihrac\u0131n\u0131 art\u0131rmayaca\u011f\u0131 konusundaki tutumunu toplant\u0131da bir daha beyan edecektir\u201d ifadelerine yer verdi.<\/p>\n<p class=\"selectionShareable\" style=\"color: #0a0a0a;\">Haberin <a href=\"http:\/\/enerjienstitusu.com\/2016\/10\/28\/azerbaycan-enerji-bakani-petrol-uretiminin-artirilmamasi-yonundeki-teklifleri-destekliyoruz\/\" target=\"_blank\" rel=\"nofollow\">Devam\u0131 \u0130\u00e7in TIKLAYINIZ&gt;&gt;&gt;<\/a><\/p>\n<p class=\"selectionShareable\" style=\"color: #0a0a0a;\">Kaynak: Enerji Enstit\u00fcs\u00fc<\/p>\n<p><\/p>","protected":false},"excerpt":{"rendered":"<p>Sorry, this entry is only available in Turkish. For the sake of viewer convenience, the content is shown below in the alternative language. You may click the link to switch the active language. Azerbaycan Enerji Bakan\u0131 Natig Aliyev, petrol \u00fcretiminin art\u0131r\u0131lmamas\u0131 y\u00f6n\u00fcndeki uluslararas\u0131 teklifleri desteklediklerini\u00a0ifade etti. Viyana\u2019da yap\u0131lacak toplant\u0131 i\u00e7in de de\u011ferlendirmelerde bulunan Aliyev, \u00fclkesinin [&hellip;]<\/p>\n","protected":false},"author":1,"featured_media":50747,"comment_status":"open","ping_status":"open","sticky":false,"template":"","format":"standard","meta":[],"categories":[53,44],"tags":[23241,8983,63,67,1009,2698,165,23242,1377,59,79,2388,6790,887,2522,1369,32006],"views":619,"_links":{"self":[{"href":"https:\/\/www.enerjigazetesi.ist\/en\/wp-json\/wp\/v2\/posts\/58678"}],"collection":[{"href":"https:\/\/www.enerjigazetesi.ist\/en\/wp-json\/wp\/v2\/posts"}],"about":[{"href":"https:\/\/www.enerjigazetesi.ist\/en\/wp-json\/wp\/v2\/types\/post"}],"author":[{"embeddable":true,"href":"https:\/\/www.enerjigazetesi.ist\/en\/wp-json\/wp\/v2\/users\/1"}],"replies":[{"embeddable":true,"href":"https:\/\/www.enerjigazetesi.ist\/en\/wp-json\/wp\/v2\/comments?post=58678"}],"version-history":[{"count":3,"href":"https:\/\/www.enerjigazetesi.ist\/en\/wp-json\/wp\/v2\/posts\/58678\/revisions"}],"predecessor-version":[{"id":58681,"href":"https:\/\/www.enerjigazetesi.ist\/en\/wp-json\/wp\/v2\/posts\/58678\/revisions\/58681"}],"wp:featuredmedia":[{"embeddable":true,"href":"https:\/\/www.enerjigazetesi.ist\/en\/wp-json\/wp\/v2\/media\/50747"}],"wp:attachment":[{"href":"https:\/\/www.enerjigazetesi.ist\/en\/wp-json\/wp\/v2\/media?parent=58678"}],"wp:term":[{"taxonomy":"category","embeddable":true,"href":"https:\/\/www.enerjigazetesi.ist\/en\/wp-json\/wp\/v2\/categories?post=58678"},{"taxonomy":"post_tag","embeddable":true,"href":"https:\/\/www.enerjigazetesi.ist\/en\/wp-json\/wp\/v2\/tags?post=58678"}],"curies":[{"name":"wp","href":"https:\/\/api.w.org\/{rel}","templated":true}]}}