{"id":58647,"date":"2016-10-30T23:00:22","date_gmt":"2016-10-30T20:00:22","guid":{"rendered":"https:\/\/www.enerjigazetesi.ist\/?p=58647"},"modified":"2016-10-30T23:00:22","modified_gmt":"2016-10-30T20:00:22","slug":"yunan-elektrik-dagitim-sirketine-en-yuksek-teklif-cin-tarafindan-verildi","status":"publish","type":"post","link":"https:\/\/www.enerjigazetesi.ist\/en\/yunan-elektrik-dagitim-sirketine-en-yuksek-teklif-cin-tarafindan-verildi\/","title":{"rendered":"(Turkish) Yunan Elektrik Da\u011f\u0131t\u0131m \u015eirketine En Y\u00fcksek Teklif \u00c7in Taraf\u0131ndan Verildi"},"content":{"rendered":"<p class=\"qtranxs-available-languages-message qtranxs-available-languages-message-en\">Sorry, this entry is only available in <a href=\"https:\/\/www.enerjigazetesi.ist\/tr\/wp-json\/wp\/v2\/posts\/58647\" class=\"qtranxs-available-language-link qtranxs-available-language-link-tr\" title=\"Turkish\">Turkish<\/a>. For the sake of viewer convenience, the content is shown below in the alternative language. You may click the link to switch the active language.<\/p><p><\/p>\n<p class=\"selectionShareable\" style=\"color: #0a0a0a;\"><strong>Yunanistan Elektrik \u0130letim \u0130\u015fletmesinin (ADMIE) \u00f6zelle\u015ftirme ihalesinde, en y\u00fcksek teklif \u00c7in\u2019in Kamu Elektrik \u015eebekesi Kurumuna ba\u011fl\u0131 SGID \u015firketi taraf\u0131ndan verildi.<\/strong><span id=\"more-84683\"><\/span><\/p>\n<p class=\"selectionShareable\" style=\"color: #0a0a0a;\">Yunanistan Kamu Enerji Kurumu<img loading=\"lazy\" class=\"alignleft size-medium wp-image-31776\" src=\"https:\/\/www.enerjigazetesi.ist\/wp-content\/uploads\/2014\/09\/elektrik-dagitim-sebekesini-kullanici-da-yapabilecek-300x221.jpg\" alt=\"elektrik-dagitim-sebekesi\" width=\"300\" height=\"221\" srcset=\"https:\/\/www.enerjigazetesi.ist\/wp-content\/uploads\/2014\/09\/elektrik-dagitim-sebekesini-kullanici-da-yapabilecek-300x221.jpg 300w, https:\/\/www.enerjigazetesi.ist\/wp-content\/uploads\/2014\/09\/elektrik-dagitim-sebekesini-kullanici-da-yapabilecek-500x369.jpg 500w, https:\/\/www.enerjigazetesi.ist\/wp-content\/uploads\/2014\/09\/elektrik-dagitim-sebekesini-kullanici-da-yapabilecek-67x50.jpg 67w, https:\/\/www.enerjigazetesi.ist\/wp-content\/uploads\/2014\/09\/elektrik-dagitim-sebekesini-kullanici-da-yapabilecek.jpg 540w\" sizes=\"(max-width: 300px) 100vw, 300px\" \/>nun (DEI) a\u00e7\u0131klamas\u0131na g\u00f6re SGID, ADMIE\u2019nin y\u00fczde 24\u2019l\u00fck hissesinin \u00f6zelle\u015ftirilmesi i\u00e7in 320 milyon avroluk bir teklif verdi.<\/p>\n<p class=\"selectionShareable\" style=\"color: #0a0a0a;\">Teklifin, gelecek pazartesi g\u00fcn\u00fc toplanacak y\u00f6netim kurulu toplant\u0131s\u0131nda onaylanmas\u0131 beklenmektedir. Konuya ili\u015fkin nihai karar 24 Kas\u0131m\u2019da yap\u0131lacak hissedarlar toplant\u0131s\u0131nda\u00a0verilecektir.<\/p>\n<p class=\"selectionShareable\" style=\"color: #0a0a0a;\">Hisse devrinin yap\u0131lmas\u0131\u00a0halinde ADMIE\u2019de devletin pay\u0131 y\u00fczde 51\u2019e d\u00fc\u015ferken, stratejik yat\u0131r\u0131mc\u0131yla birlikte al\u0131nacak ortak kararla \u015firketin y\u00f6neticisi de belirlenecektir.<\/p>\n<p class=\"selectionShareable\" style=\"color: #0a0a0a;\">ADMIE i\u00e7in ayr\u0131ca, \u0130talyan TERNA \u015firketi de teklifini vermi\u015fti. Yunanistan\u2019\u0131n kredit\u00f6rleriyle yapt\u0131\u011f\u0131 kurtarma paketi anla\u015fmas\u0131 \u00e7er\u00e7evesinde, elektrik piyasas\u0131 serbestle\u015ftirilerek kamunun pay\u0131n\u0131n azalt\u0131lmas\u0131\u00a0hedeflenmektedir.<\/p>\n<p><\/p>","protected":false},"excerpt":{"rendered":"<p>Sorry, this entry is only available in Turkish. For the sake of viewer convenience, the content is shown below in the alternative language. You may click the link to switch the active language. Yunanistan Elektrik \u0130letim \u0130\u015fletmesinin (ADMIE) \u00f6zelle\u015ftirme ihalesinde, en y\u00fcksek teklif \u00c7in\u2019in Kamu Elektrik \u015eebekesi Kurumuna ba\u011fl\u0131 SGID \u015firketi taraf\u0131ndan verildi. Yunanistan Kamu [&hellip;]<\/p>\n","protected":false},"author":1,"featured_media":31776,"comment_status":"open","ping_status":"open","sticky":false,"template":"","format":"standard","meta":[],"categories":[51,53],"tags":[12697,31997,31998,68,61,19638,1451,2873,63,67,1009,2698,165,31999,32000,32001],"views":654,"_links":{"self":[{"href":"https:\/\/www.enerjigazetesi.ist\/en\/wp-json\/wp\/v2\/posts\/58647"}],"collection":[{"href":"https:\/\/www.enerjigazetesi.ist\/en\/wp-json\/wp\/v2\/posts"}],"about":[{"href":"https:\/\/www.enerjigazetesi.ist\/en\/wp-json\/wp\/v2\/types\/post"}],"author":[{"embeddable":true,"href":"https:\/\/www.enerjigazetesi.ist\/en\/wp-json\/wp\/v2\/users\/1"}],"replies":[{"embeddable":true,"href":"https:\/\/www.enerjigazetesi.ist\/en\/wp-json\/wp\/v2\/comments?post=58647"}],"version-history":[{"count":1,"href":"https:\/\/www.enerjigazetesi.ist\/en\/wp-json\/wp\/v2\/posts\/58647\/revisions"}],"predecessor-version":[{"id":58648,"href":"https:\/\/www.enerjigazetesi.ist\/en\/wp-json\/wp\/v2\/posts\/58647\/revisions\/58648"}],"wp:featuredmedia":[{"embeddable":true,"href":"https:\/\/www.enerjigazetesi.ist\/en\/wp-json\/wp\/v2\/media\/31776"}],"wp:attachment":[{"href":"https:\/\/www.enerjigazetesi.ist\/en\/wp-json\/wp\/v2\/media?parent=58647"}],"wp:term":[{"taxonomy":"category","embeddable":true,"href":"https:\/\/www.enerjigazetesi.ist\/en\/wp-json\/wp\/v2\/categories?post=58647"},{"taxonomy":"post_tag","embeddable":true,"href":"https:\/\/www.enerjigazetesi.ist\/en\/wp-json\/wp\/v2\/tags?post=58647"}],"curies":[{"name":"wp","href":"https:\/\/api.w.org\/{rel}","templated":true}]}}