{"id":58635,"date":"2016-10-29T13:09:36","date_gmt":"2016-10-29T10:09:36","guid":{"rendered":"https:\/\/www.enerjigazetesi.ist\/?p=58635"},"modified":"2016-10-29T13:10:46","modified_gmt":"2016-10-29T10:10:46","slug":"cumhuriyetimizin-93-yilinda-cumhuriyet-bayramimiz-kutlu-olsun","status":"publish","type":"post","link":"https:\/\/www.enerjigazetesi.ist\/en\/cumhuriyetimizin-93-yilinda-cumhuriyet-bayramimiz-kutlu-olsun\/","title":{"rendered":"(Turkish) Cumhuriyetimizin 93.Y\u0131l\u0131nda Cumhuriyet Bayram\u0131 Hepimize Kutlu Olsun!"},"content":{"rendered":"<p class=\"qtranxs-available-languages-message qtranxs-available-languages-message-en\">Sorry, this entry is only available in <a href=\"https:\/\/www.enerjigazetesi.ist\/tr\/wp-json\/wp\/v2\/posts\/58635\" class=\"qtranxs-available-language-link qtranxs-available-language-link-tr\" title=\"Turkish\">Turkish<\/a>. For the sake of viewer convenience, the content is shown below in the alternative language. You may click the link to switch the active language.<\/p><p><\/p>\n<p class=\"selectionShareable\" style=\"color: #525252;\">\u00a0&#8221; Cumhuriyet, demokratik idarenin tam ve m\u00fckemmel bir ifadesidir. Bu rejim, halk\u0131n geli\u015fimini ve y\u00fckseli\u015fini sa\u011flayan, onlardan esirlik, soysuzluk, dalkavukluk h<a href=\"https:\/\/www.enerjigazetesi.ist\/wp-content\/uploads\/2016\/10\/cumhuriyetimizin-93-yilinda-cumhuriyet-bayramimiz-kutlu-olsun.jpg\"><img loading=\"lazy\" class=\"alignleft size-medium wp-image-58636\" src=\"https:\/\/www.enerjigazetesi.ist\/wp-content\/uploads\/2016\/10\/cumhuriyetimizin-93-yilinda-cumhuriyet-bayramimiz-kutlu-olsun-300x198.jpg\" alt=\"cumhuriyetimizin-93-yilinda-cumhuriyet-bayramimiz-kutlu-olsun\" width=\"300\" height=\"198\" srcset=\"https:\/\/www.enerjigazetesi.ist\/wp-content\/uploads\/2016\/10\/cumhuriyetimizin-93-yilinda-cumhuriyet-bayramimiz-kutlu-olsun-300x198.jpg 300w, https:\/\/www.enerjigazetesi.ist\/wp-content\/uploads\/2016\/10\/cumhuriyetimizin-93-yilinda-cumhuriyet-bayramimiz-kutlu-olsun-500x330.jpg 500w, https:\/\/www.enerjigazetesi.ist\/wp-content\/uploads\/2016\/10\/cumhuriyetimizin-93-yilinda-cumhuriyet-bayramimiz-kutlu-olsun-75x50.jpg 75w, https:\/\/www.enerjigazetesi.ist\/wp-content\/uploads\/2016\/10\/cumhuriyetimizin-93-yilinda-cumhuriyet-bayramimiz-kutlu-olsun.jpg 620w\" sizes=\"(max-width: 300px) 100vw, 300px\" \/><\/a>islerini uzakla\u015ft\u0131ran bir yoldur.<\/p>\n<p class=\"selectionShareable\" style=\"color: #525252;\">Cumhuriyeti, ve onun gereklerini y\u00fcksek sesle anlat\u0131n\u0131z. Bunu y\u00fcreklere yerle\u015ftirmek i\u00e7in elveri\u015fli olan hi\u00e7bir durumu ka\u00e7\u0131rmay\u0131n\u0131z. &#8220;<\/p>\n<p class=\"selectionShareable\" style=\"color: #525252; text-align: right;\"><strong>Mustafa Kemal ATAT\u00dcRK<\/strong><\/p>\n<p class=\"selectionShareable\" style=\"color: #525252; text-align: left;\">&#8221; Ba\u015fta Cumhuriyetimizin kurucusu Gazi Mustafa Kemal Atat\u00fcrk olmak \u00fczere silah arkada\u015flar\u0131n\u0131 ve aziz \u015fehitlerimizi rahmetle, kahraman gazilerimizi minnet ve \u015f\u00fckranla anaraktan t\u00fcm milletimizin Cumhuriyet Bayram\u0131n\u0131 kutlar\u0131z. &#8220;<\/p>\n<p class=\"selectionShareable\" style=\"color: #525252; text-align: right;\"><strong>Enerji Gazetesi<\/strong><\/p>\n<p><\/p>","protected":false},"excerpt":{"rendered":"<p>Sorry, this entry is only available in Turkish. For the sake of viewer convenience, the content is shown below in the alternative language. You may click the link to switch the active language. \u00a0&#8221; Cumhuriyet, demokratik idarenin tam ve m\u00fckemmel bir ifadesidir. Bu rejim, halk\u0131n geli\u015fimini ve y\u00fckseli\u015fini sa\u011flayan, onlardan esirlik, soysuzluk, dalkavukluk hislerini uzakla\u015ft\u0131ran [&hellip;]<\/p>\n","protected":false},"author":1,"featured_media":58636,"comment_status":"open","ping_status":"open","sticky":false,"template":"","format":"standard","meta":[],"categories":[53,4],"tags":[19200,19199,63,67,1009,2698,165,6443,31993],"views":1507,"_links":{"self":[{"href":"https:\/\/www.enerjigazetesi.ist\/en\/wp-json\/wp\/v2\/posts\/58635"}],"collection":[{"href":"https:\/\/www.enerjigazetesi.ist\/en\/wp-json\/wp\/v2\/posts"}],"about":[{"href":"https:\/\/www.enerjigazetesi.ist\/en\/wp-json\/wp\/v2\/types\/post"}],"author":[{"embeddable":true,"href":"https:\/\/www.enerjigazetesi.ist\/en\/wp-json\/wp\/v2\/users\/1"}],"replies":[{"embeddable":true,"href":"https:\/\/www.enerjigazetesi.ist\/en\/wp-json\/wp\/v2\/comments?post=58635"}],"version-history":[{"count":3,"href":"https:\/\/www.enerjigazetesi.ist\/en\/wp-json\/wp\/v2\/posts\/58635\/revisions"}],"predecessor-version":[{"id":58639,"href":"https:\/\/www.enerjigazetesi.ist\/en\/wp-json\/wp\/v2\/posts\/58635\/revisions\/58639"}],"wp:featuredmedia":[{"embeddable":true,"href":"https:\/\/www.enerjigazetesi.ist\/en\/wp-json\/wp\/v2\/media\/58636"}],"wp:attachment":[{"href":"https:\/\/www.enerjigazetesi.ist\/en\/wp-json\/wp\/v2\/media?parent=58635"}],"wp:term":[{"taxonomy":"category","embeddable":true,"href":"https:\/\/www.enerjigazetesi.ist\/en\/wp-json\/wp\/v2\/categories?post=58635"},{"taxonomy":"post_tag","embeddable":true,"href":"https:\/\/www.enerjigazetesi.ist\/en\/wp-json\/wp\/v2\/tags?post=58635"}],"curies":[{"name":"wp","href":"https:\/\/api.w.org\/{rel}","templated":true}]}}