{"id":58592,"date":"2016-10-28T11:32:51","date_gmt":"2016-10-28T08:32:51","guid":{"rendered":"https:\/\/www.enerjigazetesi.ist\/?p=58592"},"modified":"2016-10-28T11:33:44","modified_gmt":"2016-10-28T08:33:44","slug":"epdk-elektrik-sayaclarinda-yaz-saati-duzenlemesi-gerceklestirdi","status":"publish","type":"post","link":"https:\/\/www.enerjigazetesi.ist\/en\/epdk-elektrik-sayaclarinda-yaz-saati-duzenlemesi-gerceklestirdi\/","title":{"rendered":"(Turkish) EPDK Elektrik Saya\u00e7lar\u0131nda Yaz saati D\u00fczenlemesi Ger\u00e7ekle\u015ftirdi"},"content":{"rendered":"<p class=\"qtranxs-available-languages-message qtranxs-available-languages-message-en\">Sorry, this entry is only available in <a href=\"https:\/\/www.enerjigazetesi.ist\/tr\/wp-json\/wp\/v2\/posts\/58592\" class=\"qtranxs-available-language-link qtranxs-available-language-link-tr\" title=\"Turkish\">Turkish<\/a>. For the sake of viewer convenience, the content is shown below in the alternative language. You may click the link to switch the active language.<\/p><p><\/p>\n<p class=\"selectionShareable\" style=\"color: #0a0a0a;\"><strong>Enerji Piyasas\u0131 D\u00fczenleme Kurumu (EPDK) Bakanlar Kurulu karar\u0131yla y\u0131l boyu s\u00fcrd\u00fcr\u00fclecek olan yaz saati uygulamas\u0131n\u0131n, elektrik saya\u00e7lar\u0131ndaki t\u00fcketimde sapmalara sebep olmas\u0131n\u0131 engellemek i\u00e7in d\u00fczenleme ger\u00e7ekle\u015ftirdi.<\/strong><span id=\"more-84691\"><\/span><\/p>\n<p class=\"selectionShareable\" style=\"color: #0a0a0a;\">EPDK\u2019n\u0131n a\u00e7\u0131klamas\u0131nda, elektrik t\u00fcketimini \u00f6l\u00e7me ama\u00e7l\u0131 tesis edilen elektronik saya\u00e7lar\u0131n 30 Ekim 2016 Pazar g\u00fcn\u00fc, daha \u00f6nceden programland\u0131\u011f\u0131 gibi kendisini otomatik olarak bir saat geri alaca\u011f\u0131 ifade edilerek, \u201cS\u00f6z konusu d<a href=\"https:\/\/www.enerjigazetesi.ist\/wp-content\/uploads\/2013\/05\/elektrik-sayaci-akilli-sayac-degisimi.jpg\"><img loading=\"lazy\" class=\"alignright size-medium wp-image-10796\" src=\"https:\/\/www.enerjigazetesi.ist\/wp-content\/uploads\/2013\/05\/elektrik-sayaci-akilli-sayac-degisimi-300x182.jpg\" alt=\"elektrik-sayaci-akilli-sayac-degisimi\" width=\"300\" height=\"182\" srcset=\"https:\/\/www.enerjigazetesi.ist\/wp-content\/uploads\/2013\/05\/elektrik-sayaci-akilli-sayac-degisimi-300x182.jpg 300w, https:\/\/www.enerjigazetesi.ist\/wp-content\/uploads\/2013\/05\/elektrik-sayaci-akilli-sayac-degisimi-500x303.jpg 500w, https:\/\/www.enerjigazetesi.ist\/wp-content\/uploads\/2013\/05\/elektrik-sayaci-akilli-sayac-degisimi-80x48.jpg 80w, https:\/\/www.enerjigazetesi.ist\/wp-content\/uploads\/2013\/05\/elektrik-sayaci-akilli-sayac-degisimi.jpg 505w\" sizes=\"(max-width: 300px) 100vw, 300px\" \/><\/a>urum \u00fc\u00e7 zamanl\u0131 tarife \u00fczerinden elektrik t\u00fcketen t\u00fcketiciler d\u00fc\u015f\u00fcn\u00fcld\u00fc\u011f\u00fcnde; saya\u00e7 saati ile ger\u00e7ek saat aras\u0131nda bulunan bir saatlik fark g\u00fcnd\u00fcz, puant ve gece zaman dilimlerinde birer saatlik kaymalara ve \u00fc\u00e7 zamanl\u0131 tarife dilimlerine g\u00f6re t\u00fcketimlerini belirleyen bu t\u00fcketicilerin yan\u0131lmas\u0131na sebep olacakt\u0131r.\u201d\u00a0ifadelerine yer verildi.<\/p>\n<p class=\"selectionShareable\" style=\"color: #0a0a0a;\">Da\u011f\u0131t\u0131m Lisans\u0131 Sahibi T\u00fczel Ki\u015filer ve G\u00f6revli Tedarik \u015eirketlerinin Tarife Uygulamalar\u0131na \u0130li\u015fkin Usul ve Esaslar\u2019a ili\u015fkin kurul karar\u0131nda yap\u0131lan de\u011fi\u015fikliklere g\u00f6re, \u00e7ok zamanl\u0131 tarifelerin uygulanmas\u0131 bak\u0131m\u0131ndan farkl\u0131 saya\u00e7 t\u00fcrlerine g\u00f6re \u015fu d\u00fczenlemeler yap\u0131lm\u0131\u015ft\u0131r:<\/p>\n<p class=\"selectionShareable\" style=\"color: #0a0a0a;\">\u201cSaya\u00e7 saati s\u00fcrekli yaz saati uygulamas\u0131na g\u00f6re g\u00fcncellenmemi\u015f saya\u00e7lar \u00fczerinden t\u00fcketimleri \u00f6l\u00e7\u00fclen t\u00fcketiciler i\u00e7in ekim ay\u0131n\u0131n son pazar g\u00fcn\u00fc ile mart ay\u0131n\u0131n son pazar g\u00fcn\u00fc aras\u0131nda, g\u00fcnd\u00fcz d\u00f6nemi saat 07.00 ile 18.00 aras\u0131nda, puant d\u00f6nemi saat 18.00 ile 23.00 aras\u0131nda, gece d\u00f6nemi saat 23.00 ile 07.00 aras\u0131 olarak, mart ay\u0131n\u0131n son pazar g\u00fcn\u00fc ile ekim ay\u0131n\u0131n son pazar g\u00fcn\u00fc aras\u0131nda ise g\u00fcnd\u00fcz d\u00f6nemi saat 06.00 ile 17.00, puant d\u00f6nemi saat 17.00 ile 22.00 aras\u0131nda gece d\u00f6nemi saat 22.00 ile 06.00 olarak belirlenmi\u015ftir. Saya\u00e7 saati s\u00fcrekli yaz saati uygulamas\u0131na g\u00f6re g\u00fcncellenmi\u015f saya\u00e7lar \u00fczerinden t\u00fcketimleri \u00f6l\u00e7\u00fclen t\u00fcketiciler i\u00e7inse y\u0131l boyunca g\u00fcnd\u00fcz d\u00f6nemi saat 06.00 ile 17.00 aras\u0131nda, puant d\u00f6nemi saat 17.00 ile 22.00 aras\u0131nda ve gece d\u00f6nemiyse saat 22.00 ile 06.00 aras\u0131nda olmak \u00fczere uygulanmaya devam edilecektir\u201d<\/p>\n<p class=\"selectionShareable\" style=\"color: #0a0a0a;\">Yanl\u0131\u015f uygulamalar\u0131 \u00f6nlemek amac\u0131yla elektronik saya\u00e7 sahibi olan ve 3 zamanl\u0131 tarife \u00fczerinden elektrik kullanan t\u00fcketiciler i\u00e7in s\u00fcrekli yaz saati uygulamas\u0131na ge\u00e7ilmesi nedeni ile saya\u00e7 zamanlar\u0131 kal\u0131c\u0131 olarak g\u00fcncellenene kadar uygulanmak \u00fczere bu d\u00fczenlemenin yap\u0131ld\u0131\u011f\u0131 belirtilen a\u00e7\u0131klamada, \u201cNihai faturalara yans\u0131yacak herhangi bir art\u0131\u015f kesinlikle s\u00f6z konusu olmayacakt\u0131r. Yap\u0131lan de\u011fi\u015fiklik g\u00f6revli tedarik \u015firketleri taraf\u0131ndan ilgili t\u00fcketicilere (SMS,e-posta, fatura \u00fczerindeki a\u00e7\u0131klamalar v.s yoluyla) bildirilecektir.\u201d\u00a0a\u00e7\u0131klamalar\u0131na yer verilmi\u015ftir.<\/p>\n<p class=\"selectionShareable\" style=\"color: #0a0a0a;\">Kaynak: <a href=\"http:\/\/enerjienstitusu.com\/2016\/10\/27\/epdkdan-elektrik-sayaclarina-yaz-saati-duzenlemesi\/\" target=\"_blank\" rel=\"nofollow\">Enerji Enstit\u00fcs\u00fc<\/a><\/p>\n<p><\/p>","protected":false},"excerpt":{"rendered":"<p>Sorry, this entry is only available in Turkish. For the sake of viewer convenience, the content is shown below in the alternative language. You may click the link to switch the active language. Enerji Piyasas\u0131 D\u00fczenleme Kurumu (EPDK) Bakanlar Kurulu karar\u0131yla y\u0131l boyu s\u00fcrd\u00fcr\u00fclecek olan yaz saati uygulamas\u0131n\u0131n, elektrik saya\u00e7lar\u0131ndaki t\u00fcketimde sapmalara sebep olmas\u0131n\u0131 engellemek [&hellip;]<\/p>\n","protected":false},"author":1,"featured_media":10796,"comment_status":"open","ping_status":"open","sticky":false,"template":"","format":"standard","meta":[],"categories":[51,53],"tags":[31971,68,61,19638,11791,2873,130,31972,63,67,1009,2698,1046,165,750,31973],"views":2179,"_links":{"self":[{"href":"https:\/\/www.enerjigazetesi.ist\/en\/wp-json\/wp\/v2\/posts\/58592"}],"collection":[{"href":"https:\/\/www.enerjigazetesi.ist\/en\/wp-json\/wp\/v2\/posts"}],"about":[{"href":"https:\/\/www.enerjigazetesi.ist\/en\/wp-json\/wp\/v2\/types\/post"}],"author":[{"embeddable":true,"href":"https:\/\/www.enerjigazetesi.ist\/en\/wp-json\/wp\/v2\/users\/1"}],"replies":[{"embeddable":true,"href":"https:\/\/www.enerjigazetesi.ist\/en\/wp-json\/wp\/v2\/comments?post=58592"}],"version-history":[{"count":2,"href":"https:\/\/www.enerjigazetesi.ist\/en\/wp-json\/wp\/v2\/posts\/58592\/revisions"}],"predecessor-version":[{"id":58594,"href":"https:\/\/www.enerjigazetesi.ist\/en\/wp-json\/wp\/v2\/posts\/58592\/revisions\/58594"}],"wp:featuredmedia":[{"embeddable":true,"href":"https:\/\/www.enerjigazetesi.ist\/en\/wp-json\/wp\/v2\/media\/10796"}],"wp:attachment":[{"href":"https:\/\/www.enerjigazetesi.ist\/en\/wp-json\/wp\/v2\/media?parent=58592"}],"wp:term":[{"taxonomy":"category","embeddable":true,"href":"https:\/\/www.enerjigazetesi.ist\/en\/wp-json\/wp\/v2\/categories?post=58592"},{"taxonomy":"post_tag","embeddable":true,"href":"https:\/\/www.enerjigazetesi.ist\/en\/wp-json\/wp\/v2\/tags?post=58592"}],"curies":[{"name":"wp","href":"https:\/\/api.w.org\/{rel}","templated":true}]}}