{"id":58567,"date":"2016-10-27T10:20:18","date_gmt":"2016-10-27T07:20:18","guid":{"rendered":"https:\/\/www.enerjigazetesi.ist\/?p=58567"},"modified":"2016-10-27T10:24:19","modified_gmt":"2016-10-27T07:24:19","slug":"dunyada-saat-basi-30-bin-gunes-paneli-kurulumu-yapilacak","status":"publish","type":"post","link":"https:\/\/www.enerjigazetesi.ist\/en\/dunyada-saat-basi-30-bin-gunes-paneli-kurulumu-yapilacak\/","title":{"rendered":"(Turkish) D\u00fcnya&#8217;da Saat Ba\u015f\u0131 30 Bin G\u00fcne\u015f Paneli Kurulumu Yap\u0131lacak"},"content":{"rendered":"<p class=\"qtranxs-available-languages-message qtranxs-available-languages-message-en\">Sorry, this entry is only available in <a href=\"https:\/\/www.enerjigazetesi.ist\/tr\/wp-json\/wp\/v2\/posts\/58567\" class=\"qtranxs-available-language-link qtranxs-available-language-link-tr\" title=\"Turkish\">Turkish<\/a>. For the sake of viewer convenience, the content is shown below in the alternative language. You may click the link to switch the active language.<\/p><p><\/p>\n<p class=\"selectionShareable\" style=\"color: #0a0a0a;\"><strong>Yenilenebilir enerji d\u00fcnya \u00e7ap\u0131nda y\u00fckseli\u015fini s\u00fcrd\u00fcrmektedir. Uluslararas\u0131 Enerji Ajans\u0131 (IEA) d\u00fcn yenilenebilir enerji i\u00e7in be\u015f y\u0131ll\u0131k b\u00fcy\u00fcme \u00f6ng\u00f6r\u00fclerini ciddi bi\u00e7imde y\u00fckseltti. Ayr\u0131ca ge\u00e7ti\u011fimiz y\u0131l yenilenebilir enerjinin k\u00f6m\u00fcr\u00fc ge\u00e7erek d\u00fcnyada kurulu g\u00fc\u00e7 bak\u0131m\u0131ndan en b\u00fcy\u00fck enerji kayna\u011f\u0131 haline geldi\u011fini a\u00e7\u0131klad\u0131. IEA tahminlerine g\u00f6re, \u00f6n\u00fcm\u00fczdeki 5 y\u0131l i\u00e7inde d\u00fcnya \u00e7ap\u0131nda saat ba\u015f\u0131 30 bin g\u00fcne\u015f paneli ve 2.5 r\u00fczg\u00e2r t\u00fcrbini kurulacakt\u0131r.<\/strong><span id=\"more-84665\"><\/span><\/p>\n<p class=\"selectionShareable\" style=\"color: #0a0a0a;\">H\u00fcrriyet\u2019ten Merve Erdil\u2019in haberine g\u00f6re, yenilenebilir\u00a0enerji, \u00fclkelerin te\u015fvikleri ve maliyetlerindeki keskin d\u00fc\u015f\u00fc\u015fler sayesinde k\u00f6m\u00fcr art\u0131k <a href=\"https:\/\/www.enerjigazetesi.ist\/wp-content\/uploads\/2016\/04\/gunes-santrali-ges-tarlasi-kurmak-istiyorum-peki-nereden-baslamaliyim.jpg\"><img loading=\"lazy\" class=\"alignleft size-medium wp-image-51895\" src=\"https:\/\/www.enerjigazetesi.ist\/wp-content\/uploads\/2016\/04\/gunes-santrali-ges-tarlasi-kurmak-istiyorum-peki-nereden-baslamaliyim-300x189.jpg\" alt=\"gunes-santrali-ges-tarlasi\" width=\"300\" height=\"189\" srcset=\"https:\/\/www.enerjigazetesi.ist\/wp-content\/uploads\/2016\/04\/gunes-santrali-ges-tarlasi-kurmak-istiyorum-peki-nereden-baslamaliyim-300x189.jpg 300w, https:\/\/www.enerjigazetesi.ist\/wp-content\/uploads\/2016\/04\/gunes-santrali-ges-tarlasi-kurmak-istiyorum-peki-nereden-baslamaliyim-500x316.jpg 500w, https:\/\/www.enerjigazetesi.ist\/wp-content\/uploads\/2016\/04\/gunes-santrali-ges-tarlasi-kurmak-istiyorum-peki-nereden-baslamaliyim-80x50.jpg 80w, https:\/\/www.enerjigazetesi.ist\/wp-content\/uploads\/2016\/04\/gunes-santrali-ges-tarlasi-kurmak-istiyorum-peki-nereden-baslamaliyim.jpg 765w\" sizes=\"(max-width: 300px) 100vw, 300px\" \/><\/a>\u00e7ok gerilerde kald\u0131. Uluslararas\u0131 Enerji Ajans\u0131 (IEA) d\u00fcn bir a\u00e7\u0131klama yaparak, be\u015f y\u0131ll\u0131k yenilenebilir enerji b\u00fcy\u00fcme tahminlerini y\u00fckseltti. Ayr\u0131ca 2015\u2019in yenilenebilir a\u00e7\u0131s\u0131ndan rekor y\u0131l\u0131 oldu\u011fu belirtildi. Buna g\u00f6re, yenilenebilir ge\u00e7ti\u011fimiz y\u0131l k\u00f6m\u00fcr\u00fc ge\u00e7erek, kurulu g\u00fc\u00e7 bak\u0131m\u0131ndan d\u00fcnyan\u0131n en b\u00fcy\u00fck enerji kayna\u011f\u0131 haline geldi. Ge\u00e7en y\u0131l d\u00fcnya \u00e7ap\u0131nda her g\u00fcn yakla\u015f\u0131k 500 bin g\u00fcne\u015f paneli kurulumu yap\u0131ld\u0131. Hatta \u00c7in gibi \u00fclkelerde saat ba\u015f\u0131 iki adet r\u00fczgar t\u00fcrbini kuruldu. Yenilenebilir enerji h\u0131zl\u0131 b\u00fcy\u00fcmesini \u00f6n\u00fcm\u00fczdeki be\u015f y\u0131lda da s\u00fcrd\u00fcrecektir. IEA tahminlerine g\u00f6re, \u00f6n\u00fcm\u00fczdeki 5 y\u0131l i\u00e7inde d\u00fcnyada saat ba\u015f\u0131 30 bin g\u00fcne\u015f paneli ve 2.5 r\u00fczgar t\u00fcrbini kurulacakt\u0131r. K\u00fcresel elektrik kapasitesindeki b\u00fcy\u00fcmenin en az y\u00fczde 60\u2019\u0131 yenilenebilir enerjiden gelecektir. K\u0131yaslama yapacak olursak, bu oran bug\u00fcn ABD ve Avrupa Birli\u011fi\u2019nin toplam elektrik \u00fcretimini dahi a\u015fmaktad\u0131r.<\/p>\n<p class=\"selectionShareable\" style=\"color: #0a0a0a;\"><strong>SAAT BA\u015eI 2 T\u00dcRB\u0130N<\/strong><\/p>\n<p class=\"selectionShareable\" style=\"color: #0a0a0a;\">\u2018Orta Vadeli Yenilenebilir Piyasas\u0131 Raporu\u2019nu g\u00fcncelleyen IEA, yenilenebilir enerji i\u00e7in be\u015f y\u0131ll\u0131k b\u00fcy\u00fcme tahminlerini yukar\u0131 \u00e7ekti. \u00d6n\u00fcm\u00fczdeki be\u015f y\u0131lda yenilenebilir enerji, elektrik \u00fcretiminde en h\u0131zl\u0131 b\u00fcy\u00fcyen enerji kayna\u011f\u0131 olmay\u0131 s\u00fcrd\u00fcrecektir. 2015\u2019te y\u00fczde 23 olan pay\u0131n\u0131 2021\u2019de y\u00fczde 28\u2019e \u00e7\u0131karacakt\u0131r. Ayr\u0131ca 2015-2021 y\u0131llar\u0131 aras\u0131nda, fotovoltaik g\u00fcne\u015f enerjisinde maliyetlerin d\u00f6rtte bir, r\u00fczgar enerjisinde de maliyetlerin y\u00fczde 15 d\u00fc\u015fmesi beklenmektedir. IEA\u2019ya g\u00f6re, ge\u00e7ti\u011fimiz y\u0131l yenilenebilir enerji a\u00e7\u0131s\u0131ndan bir d\u00f6n\u00fcm noktas\u0131 olmu\u015ftur. G\u00fcne\u015f ve r\u00fczgar enerjisi \u00f6nc\u00fcl\u00fc\u011f\u00fcnde, d\u00fcnyada eklenen yeni kurulu g\u00fcc\u00fcn yar\u0131s\u0131ndan fazlas\u0131 yenilenebilir enerjiden sa\u011flanm\u0131\u015ft\u0131r. S\u00f6z konusu art\u0131\u015fta, rekor seviyede b\u00fcy\u00fcyen r\u00fczgar enerjisi etkili olurken, 2015\u2019te 66 gigavat (GW) r\u00fczgar, 49 GW fotovoltaik g\u00fcne\u015f enerjisi kapasitesi de eklenmi\u015ftir. Yani ge\u00e7en y\u0131l her g\u00fcn yakla\u015f\u0131k yar\u0131m milyon g\u00fcne\u015f paneli kurulumu ger\u00e7ekle\u015fti. R\u00fczgardaki yeni kapasitenin yakla\u015f\u0131k yar\u0131s\u0131n\u0131 tek ba\u015f\u0131na \u00fcstlenen \u00c7in\u2019de ise 2015\u2019te saat ba\u015f\u0131 ortalama 2 r\u00fczgar t\u00fcrbini kurulmu\u015ftur. IEA Ba\u015fkan\u0131 Dr. Fatih Birol, \u201cK\u00fcresel elektrik piyasalar\u0131nda, yenilenebilir enerjinin \u00f6nc\u00fcl\u00fck etti\u011fi bir de\u011fi\u015fime tan\u0131kl\u0131k etmekteyiz. \u00a0Di\u011fer alanlarda da oldu\u011fu gibi yenilenebilir enerjide de b\u00fcy\u00fcmenin a\u011f\u0131rl\u0131k merkezi y\u00fckselen pazarlara kaymaktad\u0131r\u201d\u00a0a\u00e7\u0131klamalar\u0131na yer verildi.<\/p>\n<p class=\"selectionShareable\" style=\"color: #0a0a0a;\"><strong>R\u00dcZG\u00c2RDA T\u00dcRK\u0130YE\u00a0D\u00dcNYA 15\u2019\u0130NC\u0130S\u0130<\/strong><\/p>\n<p class=\"selectionShareable\" style=\"color: #0a0a0a;\">Di\u011fer yandan K\u00fcresel R\u00fczgar Enerjisi Konseyi (Global Wind Energy Council-GWEC) 2016 y\u0131l\u0131 K\u00fcresel R\u00fczgar Enerjisi G\u00f6r\u00fcn\u00fcm\u00fc raporunu da yay\u0131mlad\u0131. GWEC verilerine g\u00f6re, d\u00fcnyadaki r\u00fczgar enerjisi kurulu g\u00fcc\u00fc 2015 y\u0131l\u0131nda 63 GW d\u00fczeyinde art\u0131\u015f ile toplamda 433 GW\u2019l\u0131k kurulu g\u00fcce ula\u015fm\u0131\u015ft\u0131r. \u00c7in 145.362 MW\u2019l\u0131k kurulu g\u00fc\u00e7 ile bu alanda ilk s\u0131rada gelirken, ikinci s\u0131radaki ABD\u2019deki kurulu g\u00fc\u00e7 74.471 MW, \u00fc\u00e7\u00fcnc\u00fc s\u0131radaki Almanya\u2019da ise 44.947 MW d\u00fczeyinde bulunmaktad\u0131r. T\u00fcrkiye ise 2015 sonunda ula\u015ft\u0131\u011f\u0131 4.694 MW\u2019l\u0131k kurulu g\u00fc\u00e7 ile s\u0131ralamada 15. olarak yer almaktad\u0131r.<\/p>\n<p class=\"selectionShareable\" style=\"color: #0a0a0a;\">Haberin Devam\u0131 \u0130\u00e7in\u00a0<a style=\"color: #1e73be;\" href=\"http:\/\/www.hurriyet.com.tr\/saat-basi-30-bin-gunes-paneli-40258865\" target=\"_blank\" rel=\"nofollow\">T\u0131klay\u0131n\u0131z<\/a>&gt;&gt;&gt;<\/p>\n<p class=\"selectionShareable\" style=\"color: #0a0a0a;\">Kaynak: H\u00fcrriyet<\/p>\n<p><\/p>","protected":false},"excerpt":{"rendered":"<p>Sorry, this entry is only available in Turkish. For the sake of viewer convenience, the content is shown below in the alternative language. You may click the link to switch the active language. Yenilenebilir enerji d\u00fcnya \u00e7ap\u0131nda y\u00fckseli\u015fini s\u00fcrd\u00fcrmektedir. Uluslararas\u0131 Enerji Ajans\u0131 (IEA) d\u00fcn yenilenebilir enerji i\u00e7in be\u015f y\u0131ll\u0131k b\u00fcy\u00fcme \u00f6ng\u00f6r\u00fclerini ciddi bi\u00e7imde y\u00fckseltti. Ayr\u0131ca [&hellip;]<\/p>\n","protected":false},"author":1,"featured_media":51895,"comment_status":"open","ping_status":"open","sticky":false,"template":"","format":"standard","meta":[],"categories":[53,49],"tags":[2132,63,67,1009,2698,165,2326,227,13,23133,108,22975,2401,4269,1023,2923,31959,474,69,3766,23318,312,4784,324,17,1022,105],"views":780,"_links":{"self":[{"href":"https:\/\/www.enerjigazetesi.ist\/en\/wp-json\/wp\/v2\/posts\/58567"}],"collection":[{"href":"https:\/\/www.enerjigazetesi.ist\/en\/wp-json\/wp\/v2\/posts"}],"about":[{"href":"https:\/\/www.enerjigazetesi.ist\/en\/wp-json\/wp\/v2\/types\/post"}],"author":[{"embeddable":true,"href":"https:\/\/www.enerjigazetesi.ist\/en\/wp-json\/wp\/v2\/users\/1"}],"replies":[{"embeddable":true,"href":"https:\/\/www.enerjigazetesi.ist\/en\/wp-json\/wp\/v2\/comments?post=58567"}],"version-history":[{"count":4,"href":"https:\/\/www.enerjigazetesi.ist\/en\/wp-json\/wp\/v2\/posts\/58567\/revisions"}],"predecessor-version":[{"id":58571,"href":"https:\/\/www.enerjigazetesi.ist\/en\/wp-json\/wp\/v2\/posts\/58567\/revisions\/58571"}],"wp:featuredmedia":[{"embeddable":true,"href":"https:\/\/www.enerjigazetesi.ist\/en\/wp-json\/wp\/v2\/media\/51895"}],"wp:attachment":[{"href":"https:\/\/www.enerjigazetesi.ist\/en\/wp-json\/wp\/v2\/media?parent=58567"}],"wp:term":[{"taxonomy":"category","embeddable":true,"href":"https:\/\/www.enerjigazetesi.ist\/en\/wp-json\/wp\/v2\/categories?post=58567"},{"taxonomy":"post_tag","embeddable":true,"href":"https:\/\/www.enerjigazetesi.ist\/en\/wp-json\/wp\/v2\/tags?post=58567"}],"curies":[{"name":"wp","href":"https:\/\/api.w.org\/{rel}","templated":true}]}}