{"id":58538,"date":"2016-10-26T21:43:11","date_gmt":"2016-10-26T18:43:11","guid":{"rendered":"https:\/\/www.enerjigazetesi.ist\/?p=58538"},"modified":"2016-10-26T21:43:34","modified_gmt":"2016-10-26T18:43:34","slug":"etaderin-yeni-baskani-recep-girismen-oldu","status":"publish","type":"post","link":"https:\/\/www.enerjigazetesi.ist\/en\/etaderin-yeni-baskani-recep-girismen-oldu\/","title":{"rendered":"(Turkish) Etader&#8217;in Yeni Ba\u015fkan\u0131 Recep Giri\u015fmen Oldu"},"content":{"rendered":"<p class=\"qtranxs-available-languages-message qtranxs-available-languages-message-en\">Sorry, this entry is only available in <a href=\"https:\/\/www.enerjigazetesi.ist\/tr\/wp-json\/wp\/v2\/posts\/58538\" class=\"qtranxs-available-language-link qtranxs-available-language-link-tr\" title=\"Turkish\">Turkish<\/a>. For the sake of viewer convenience, the content is shown below in the alternative language. You may click the link to switch the active language.<\/p><p><strong>T\u00fcrkiye\u2019de enerji ve \u0131s\u0131 tasarrufu bilincini art\u0131rmak amac\u0131yla \u00e7al\u0131\u015fmalar y\u00fcr\u00fcten sivil toplum \u00f6rg\u00fct\u00fc Enerji ve Is\u0131 Tasarrufu Derne\u011fi\u2019nin (ETADER) yeni ba\u015fkan\u0131 Recep Giri\u015fmen oldu. T\u00fcrkiye\u2019nin ve d\u00fcnyan\u0131n en \u00f6nemli g\u00fcndeminin enerji ve \u0131s\u0131 tasarrufu oldu\u011funu belirten ETADER Ba\u015fkan\u0131 Recep Giri\u015fmen, \u201c\u00dclkemizin ve d\u00fcnyan\u0131n gelece\u011fi i\u00e7in enerji ve \u0131s\u0131 tasarrufu alan\u0131nda \u00e7al\u0131\u015fmalar\u0131m\u0131za aral\u0131ks\u0131z devam edece\u011fiz\u201d\u00a0ifadelerinde bulundu.<\/strong><\/p>\n<p>T\u00fcrkiye\u2019de enerji ve \u0131s\u0131 tasarrufu bilincini art\u0131rma hedefiyle kurulan ve bu ama\u00e7la kamu yarar\u0131na etkinlikler, sosyal projeler y\u00fcr\u00fcten <strong>Enerji ve Is\u0131 Tasarrufu Derne\u011fi (ETADER) <\/strong>yeni ba\u015fkan\u0131n\u0131 se\u00e7ti. <strong>ETADER<\/strong>\u2019in yeni ba\u015fkan\u0131 <strong>Recep Giri\u015fmen<\/strong> oldu. G\u00f6revi Zafer Yavuzt\u00fcrk\u2019ten devral<a href=\"https:\/\/www.enerjigazetesi.ist\/wp-content\/uploads\/2016\/10\/etaderin-yeni-baskani-recep-girismen-oldu.jpg\"><img loading=\"lazy\" class=\"alignleft  wp-image-58539\" src=\"https:\/\/www.enerjigazetesi.ist\/wp-content\/uploads\/2016\/10\/etaderin-yeni-baskani-recep-girismen-oldu-300x269.jpg\" alt=\"etaderin-yeni-baskani-recep-girismen-oldu\" width=\"300\" height=\"218\" \/><\/a>an <strong>ETADER Ba\u015fkan\u0131 Recep Giri\u015fmen<\/strong>, dernek olarak bug\u00fcne kadar yapm\u0131\u015f olduklar\u0131 \u00e7al\u0131\u015fmalara ara vermeden devam edeceklerini vurgulayarak, s\u00f6zlerini <span style=\"text-decoration: underline;\">\u015f\u00f6yle s\u00fcrd\u00fcrd\u00fc:<\/span><\/p>\n<p><strong>G\u00dcVENL\u0130 YARINLAR \u0130\u00c7\u0130N ENERJ\u0130 TASARRUFU<\/strong><\/p>\n<p>\u201c<em>\u00dclkemizin ve d\u00fcnyan\u0131n gelece\u011fi i\u00e7in enerji ve \u0131s\u0131 tasarrufu yapmak zorunday\u0131z. Dernek olarak bu bilinci topluma kazand\u0131rmak i\u00e7in bug\u00fcne kadar bir\u00e7ok \u00e7al\u0131\u015fmaya imza att\u0131k. Bundan sonraki s\u00fcre\u00e7te de T\u00fcrkiye\u2019yi enerji ve \u0131s\u0131 tasarrufu alan\u0131nda d\u00fcnya \u00e7ap\u0131nda temsil etmek \u00fczere faaliyetlerimize ara vermeden daha b\u00fcy\u00fck bir h\u0131zla devam edece\u011fiz. <\/em><em>Amac\u0131m\u0131z, enerji tasarruf bilincini geni\u015f kitlelere anlatmak. T\u00fcm insanl\u0131\u011f\u0131n ve canl\u0131lar\u0131n ortak kullan\u0131m alan\u0131 olan d\u00fcnyam\u0131zdaki kaynaklar\u0131n daha etkin ve verimli kullan\u0131lmas\u0131 amac\u0131yla; T\u00fcrkiye ve d\u00fcnyada sosyal sorumluluk projeleri geli\u015ftirmeyi, var olan projelere destek vermeyi, uluslararas\u0131 derneklerle, sekt\u00f6rle, ilgili kurum ve kurulu\u015flarla i\u015fbirlikleri geli\u015ftirmeyi, e\u011fitim kurumlar\u0131 ile ortak e\u011fitim \u00e7al\u0131\u015fmalar\u0131 yapmay\u0131 s\u00fcrd\u00fcrece\u011fiz. Ya\u015fanabilir bir d\u00fcnya ve \u00fclke i\u00e7in, g\u00fcvenli gelecek i\u00e7in enerji tasarrufu yapmaktan ba\u015fka \u00e7aremiz olmad\u0131\u011f\u0131n\u0131 unutmamal\u0131y\u0131z<\/em>.\u201d<\/p>\n<p><strong><em>Recep Giri\u015fmen Hakk\u0131nda:<\/em><\/strong><\/p>\n<p><em>Recep Giri\u015fmen 1979 y\u0131l\u0131nda Ankara\u2019da do\u011fdu. \u0130lk ve orta \u00f6\u011frenimini Ankara\u2019da Maltepe Y\u00fckseli\u015f Koleji\u2019nde, liseyi Ankara B\u00fcy\u00fck Kolej\u2019de tamamlad\u0131. Bilkent \u00dcniversitesi Elektrik Elektronik M\u00fchendisli\u011fi B\u00f6l\u00fcm\u00fc\u2019nden 2005 y\u0131l\u0131nda mezun olan Giri\u015fmen, Kodsan Termosar Enerji Sistemleri A.\u015e. Y\u00f6netim Kurulu \u00dcyesi ve Genel M\u00fcd\u00fcr\u00fc olarak g\u00f6revine devam ediyor.<\/em><\/p>\n<p>Kaynak: B\u00fcltenler<\/p>","protected":false},"excerpt":{"rendered":"<p>Sorry, this entry is only available in Turkish. For the sake of viewer convenience, the content is shown below in the alternative language. You may click the link to switch the active language.T\u00fcrkiye\u2019de enerji ve \u0131s\u0131 tasarrufu bilincini art\u0131rmak amac\u0131yla \u00e7al\u0131\u015fmalar y\u00fcr\u00fcten sivil toplum \u00f6rg\u00fct\u00fc Enerji ve Is\u0131 Tasarrufu Derne\u011fi\u2019nin (ETADER) yeni ba\u015fkan\u0131 Recep Giri\u015fmen [&hellip;]<\/p>\n","protected":false},"author":1,"featured_media":58539,"comment_status":"open","ping_status":"open","sticky":false,"template":"","format":"standard","meta":[],"categories":[53],"tags":[14863,63,67,1009,2698,165,18422,31951,18421,31952],"views":1678,"_links":{"self":[{"href":"https:\/\/www.enerjigazetesi.ist\/en\/wp-json\/wp\/v2\/posts\/58538"}],"collection":[{"href":"https:\/\/www.enerjigazetesi.ist\/en\/wp-json\/wp\/v2\/posts"}],"about":[{"href":"https:\/\/www.enerjigazetesi.ist\/en\/wp-json\/wp\/v2\/types\/post"}],"author":[{"embeddable":true,"href":"https:\/\/www.enerjigazetesi.ist\/en\/wp-json\/wp\/v2\/users\/1"}],"replies":[{"embeddable":true,"href":"https:\/\/www.enerjigazetesi.ist\/en\/wp-json\/wp\/v2\/comments?post=58538"}],"version-history":[{"count":2,"href":"https:\/\/www.enerjigazetesi.ist\/en\/wp-json\/wp\/v2\/posts\/58538\/revisions"}],"predecessor-version":[{"id":58541,"href":"https:\/\/www.enerjigazetesi.ist\/en\/wp-json\/wp\/v2\/posts\/58538\/revisions\/58541"}],"wp:featuredmedia":[{"embeddable":true,"href":"https:\/\/www.enerjigazetesi.ist\/en\/wp-json\/wp\/v2\/media\/58539"}],"wp:attachment":[{"href":"https:\/\/www.enerjigazetesi.ist\/en\/wp-json\/wp\/v2\/media?parent=58538"}],"wp:term":[{"taxonomy":"category","embeddable":true,"href":"https:\/\/www.enerjigazetesi.ist\/en\/wp-json\/wp\/v2\/categories?post=58538"},{"taxonomy":"post_tag","embeddable":true,"href":"https:\/\/www.enerjigazetesi.ist\/en\/wp-json\/wp\/v2\/tags?post=58538"}],"curies":[{"name":"wp","href":"https:\/\/api.w.org\/{rel}","templated":true}]}}