{"id":58507,"date":"2016-10-26T11:08:53","date_gmt":"2016-10-26T08:08:53","guid":{"rendered":"https:\/\/www.enerjigazetesi.ist\/?p=58507"},"modified":"2016-10-26T11:08:53","modified_gmt":"2016-10-26T08:08:53","slug":"izlanda-yanardagdan-elektrik-uretimi-gerceklestirecek","status":"publish","type":"post","link":"https:\/\/www.enerjigazetesi.ist\/en\/izlanda-yanardagdan-elektrik-uretimi-gerceklestirecek\/","title":{"rendered":"(Turkish) \u0130zlanda Yanarda\u011fdan Elektrik \u00dcretimi Ger\u00e7ekle\u015ftirecek"},"content":{"rendered":"<p class=\"qtranxs-available-languages-message qtranxs-available-languages-message-en\">Sorry, this entry is only available in <a href=\"https:\/\/www.enerjigazetesi.ist\/tr\/wp-json\/wp\/v2\/posts\/58507\" class=\"qtranxs-available-language-link qtranxs-available-language-link-tr\" title=\"Turkish\">Turkish<\/a>. For the sake of viewer convenience, the content is shown below in the alternative language. You may click the link to switch the active language.<\/p><p><\/p>\n<p class=\"selectionShareable\" style=\"color: #0a0a0a;\"><strong>Volkanlar \u00fclkesi \u0130zlanda, yanarda\u011flardan elektrik \u00fcretmeye haz\u0131rlanmaktad\u0131r. Yere \u00e7ok yak\u0131n seviyede bulunan volkanik ak\u0131nt\u0131lar sayesinde \u00fcretilecek 400 derecelik buharla, santral t\u00fcrbinlerinin d\u00f6nd\u00fcr\u00fclmesi sa\u011flanacakt\u0131r. Uzmanlara g\u00f6re proje enerji alan\u0131nda bir devrimi tetikleyebilir, ancak tehlikeleri de\u00a0bulunmaktad\u0131r.<\/strong><span id=\"more-84627\"><\/span><\/p>\n<p class=\"selectionShareable\" style=\"color: #0a0a0a;\">Kuzey Avrupa\u2019daki ada \u00fclkesi \u0130zlanda, topraklar\u0131nda en \u00e7ok yanarda\u011f bulunan \u00fclkelerden birisidir. \u00dclkedeki m\u00fchendisler, \u2018lav bollu\u011fundan\u2019 enerji alan\u0131nda fayd<a href=\"https:\/\/www.enerjigazetesi.ist\/wp-content\/uploads\/2016\/10\/izlanda-yanardagdan-elektrik-uretimi-gerceklestirecek.jpg\"><img loading=\"lazy\" class=\"alignleft size-medium wp-image-58508\" src=\"https:\/\/www.enerjigazetesi.ist\/wp-content\/uploads\/2016\/10\/izlanda-yanardagdan-elektrik-uretimi-gerceklestirecek-300x200.jpg\" alt=\"izlanda-yanardagdan-elektrik-uretimi-gerceklestirecek\" width=\"300\" height=\"200\" srcset=\"https:\/\/www.enerjigazetesi.ist\/wp-content\/uploads\/2016\/10\/izlanda-yanardagdan-elektrik-uretimi-gerceklestirecek-300x200.jpg 300w, https:\/\/www.enerjigazetesi.ist\/wp-content\/uploads\/2016\/10\/izlanda-yanardagdan-elektrik-uretimi-gerceklestirecek-500x333.jpg 500w, https:\/\/www.enerjigazetesi.ist\/wp-content\/uploads\/2016\/10\/izlanda-yanardagdan-elektrik-uretimi-gerceklestirecek-75x50.jpg 75w, https:\/\/www.enerjigazetesi.ist\/wp-content\/uploads\/2016\/10\/izlanda-yanardagdan-elektrik-uretimi-gerceklestirecek.jpg 696w\" sizes=\"(max-width: 300px) 100vw, 300px\" \/><\/a>alanmak i\u00e7in \u00e7al\u0131\u015fmalara ba\u015flad\u0131lar. \u0130zlanda Derin Sondaj Projesi ad\u0131 verilen proje, Reykjanes S\u0131rt\u0131 b\u00f6lgesinde denenecektir.<\/p>\n<p class=\"selectionShareable\" style=\"color: #0a0a0a;\">Vice dergisinin haberine g\u00f6re\u00a0ba\u015far\u0131l\u0131 olmas\u0131 halinde, projenin enerji alan\u0131nda bir devrimi tetikleyebilece\u011fi belirtilmektedir. Reykjanes S\u0131rt\u0131, b\u00fcy\u00fck \u00f6l\u00e7\u00fcde sular alt\u0131nda bulunmaktad\u0131r. Denizde sondaj yapacak makine, \u00fc\u00e7 mil derinli\u011fe ula\u015facak ve 500 dereceye varan s\u0131cakl\u0131klara maruz b\u0131rak\u0131lacakt\u0131r. Projeye ilham verense, 2009 y\u0131l\u0131nda ya\u015fanan bir kazad\u0131r. Bu d\u00f6nemde bir sondaj makinesinin, yerin sadece bir bu\u00e7uk kilometre alt\u0131nda magma tabakas\u0131 tespit etmesi, lavdan enerji \u00fcretilebilece\u011fi fikrinin ortaya \u00e7\u0131kmas\u0131na neden olmu\u015ftur.<\/p>\n<p class=\"selectionShareable\" style=\"color: #0a0a0a;\">Magman\u0131n tespit edildi\u011fi noktada kurulan sistemle, 420 derece s\u0131cakl\u0131\u011fa ula\u015fan buhar \u00fcretilmesi sa\u011flanm\u0131\u015ft\u0131r. Ancak baz\u0131 uzmanlar, magma b\u00f6lgelerinde delikler a\u00e7man\u0131n kontrolden \u00e7\u0131kabilece\u011fi uyar\u0131s\u0131nda bulunmaktad\u0131r. Magma tabakas\u0131n\u0131 bir enerji kayna\u011f\u0131 olarak kullanman\u0131n d\u00fc\u015f\u00fcn\u00fcld\u00fc\u011f\u00fc kadar basit olmad\u0131\u011f\u0131n\u0131 belirten jeolog Erik Klemetti, bunun depremlere neden olabilece\u011fi ifade edilmektedir.<\/p>\n<p class=\"selectionShareable\" style=\"color: #0a0a0a;\">Kaynak: <a href=\"http:\/\/enerjienstitusu.com\/2016\/10\/25\/izlanda-yanardagdan-elektrik-uretecek\/\" target=\"_blank\" rel=\"nofollow\">Enerji Enstit\u00fcs\u00fc<\/a><\/p>\n<p><\/p>","protected":false},"excerpt":{"rendered":"<p>Sorry, this entry is only available in Turkish. For the sake of viewer convenience, the content is shown below in the alternative language. You may click the link to switch the active language. Volkanlar \u00fclkesi \u0130zlanda, yanarda\u011flardan elektrik \u00fcretmeye haz\u0131rlanmaktad\u0131r. Yere \u00e7ok yak\u0131n seviyede bulunan volkanik ak\u0131nt\u0131lar sayesinde \u00fcretilecek 400 derecelik buharla, santral t\u00fcrbinlerinin d\u00f6nd\u00fcr\u00fclmesi [&hellip;]<\/p>\n","protected":false},"author":1,"featured_media":58508,"comment_status":"open","ping_status":"open","sticky":false,"template":"","format":"standard","meta":[],"categories":[51,53],"tags":[19,63,67,1009,2698,165,6043,17710,31938,28365,31939],"views":1231,"_links":{"self":[{"href":"https:\/\/www.enerjigazetesi.ist\/en\/wp-json\/wp\/v2\/posts\/58507"}],"collection":[{"href":"https:\/\/www.enerjigazetesi.ist\/en\/wp-json\/wp\/v2\/posts"}],"about":[{"href":"https:\/\/www.enerjigazetesi.ist\/en\/wp-json\/wp\/v2\/types\/post"}],"author":[{"embeddable":true,"href":"https:\/\/www.enerjigazetesi.ist\/en\/wp-json\/wp\/v2\/users\/1"}],"replies":[{"embeddable":true,"href":"https:\/\/www.enerjigazetesi.ist\/en\/wp-json\/wp\/v2\/comments?post=58507"}],"version-history":[{"count":1,"href":"https:\/\/www.enerjigazetesi.ist\/en\/wp-json\/wp\/v2\/posts\/58507\/revisions"}],"predecessor-version":[{"id":58509,"href":"https:\/\/www.enerjigazetesi.ist\/en\/wp-json\/wp\/v2\/posts\/58507\/revisions\/58509"}],"wp:featuredmedia":[{"embeddable":true,"href":"https:\/\/www.enerjigazetesi.ist\/en\/wp-json\/wp\/v2\/media\/58508"}],"wp:attachment":[{"href":"https:\/\/www.enerjigazetesi.ist\/en\/wp-json\/wp\/v2\/media?parent=58507"}],"wp:term":[{"taxonomy":"category","embeddable":true,"href":"https:\/\/www.enerjigazetesi.ist\/en\/wp-json\/wp\/v2\/categories?post=58507"},{"taxonomy":"post_tag","embeddable":true,"href":"https:\/\/www.enerjigazetesi.ist\/en\/wp-json\/wp\/v2\/tags?post=58507"}],"curies":[{"name":"wp","href":"https:\/\/api.w.org\/{rel}","templated":true}]}}