{"id":58484,"date":"2016-10-25T17:43:18","date_gmt":"2016-10-25T14:43:18","guid":{"rendered":"https:\/\/www.enerjigazetesi.ist\/?p=58484"},"modified":"2016-10-25T17:45:42","modified_gmt":"2016-10-25T14:45:42","slug":"guneydogu-bolgesinde-yatirimcinin-yenilenebilir-enerjiye-ilgisi-artiyor","status":"publish","type":"post","link":"https:\/\/www.enerjigazetesi.ist\/en\/guneydogu-bolgesinde-yatirimcinin-yenilenebilir-enerjiye-ilgisi-artiyor\/","title":{"rendered":"(Turkish) Yat\u0131r\u0131mc\u0131n\u0131n G\u00fcneydo\u011fu B\u00f6lgesinde Yenilenebilir Enerjiye \u0130lgisi Art\u0131yor"},"content":{"rendered":"<p class=\"qtranxs-available-languages-message qtranxs-available-languages-message-en\">Sorry, this entry is only available in <a href=\"https:\/\/www.enerjigazetesi.ist\/tr\/wp-json\/wp\/v2\/posts\/58484\" class=\"qtranxs-available-language-link qtranxs-available-language-link-tr\" title=\"Turkish\">Turkish<\/a>. For the sake of viewer convenience, the content is shown below in the alternative language. You may click the link to switch the active language.<\/p><p><\/p>\n<p class=\"selectionShareable\" style=\"color: #0a0a0a;\"><strong>T\u00fcrkiye\u2019de g\u00fcne\u015f enerjisi potansiyelinin en y\u00fcksek oldu\u011fu G\u00fcneydo\u011fu Anadolu B\u00f6lgesinde, te\u015fvik paketiyle de desteklenen yenilenebilir enerji kaynaklar\u0131na yat\u0131r\u0131mc\u0131n\u0131n ilgisi artmaktad\u0131r.<\/strong><span id=\"more-84630\"><\/span><\/p>\n<p class=\"selectionShareable\" style=\"color: #0a0a0a;\">Y\u0131ll\u0131k g\u00fcne\u015flenme g\u00fcn say\u0131s\u0131n\u0131n fazla oldu\u011fu \u015eanl\u0131urfa, Gaziantep, Diyarbak\u0131r ve di\u011fer b\u00f6lge illerinde giri\u015fimciler, \u00f6zellikle g\u00fcne\u015f enerjisi alan\u0131na devlet deste\u011fiyle yat\u0131r\u0131ma y\u00f6nelmi\u015ftir.<\/p>\n<p class=\"selectionShareable\" style=\"color: #0a0a0a;\">H\u00fck\u00fcmetin te\u015fvik paketi ile d<img loading=\"lazy\" class=\"alignleft size-medium wp-image-38476\" src=\"https:\/\/www.enerjigazetesi.ist\/wp-content\/uploads\/2015\/04\/turkiyenin-en-buyuk-gunes-enerjisi-santrali-ges-i-kismen-uretimde-300x224.jpg\" alt=\"turkiyenin-en-buyuk-gunes-enerjisi-santrali-ges-i\" width=\"300\" height=\"224\" srcset=\"https:\/\/www.enerjigazetesi.ist\/wp-content\/uploads\/2015\/04\/turkiyenin-en-buyuk-gunes-enerjisi-santrali-ges-i-kismen-uretimde-300x224.jpg 300w, https:\/\/www.enerjigazetesi.ist\/wp-content\/uploads\/2015\/04\/turkiyenin-en-buyuk-gunes-enerjisi-santrali-ges-i-kismen-uretimde-66x50.jpg 66w, https:\/\/www.enerjigazetesi.ist\/wp-content\/uploads\/2015\/04\/turkiyenin-en-buyuk-gunes-enerjisi-santrali-ges-i-kismen-uretimde.jpg 448w\" sizes=\"(max-width: 300px) 100vw, 300px\" \/>e destekledi\u011fi sanayiciler, b\u00f6lge illerinin bir\u00e7ok noktas\u0131nda enerji potansiyelini kara d\u00f6n\u00fc\u015ft\u00fcrebilmek i\u00e7in ciddi \u00f6l\u00e7eklerde g\u00fcne\u015f enerjisi santrali kurmak i\u00e7in \u00e7al\u0131\u015fmalara ba\u015flad\u0131. B\u00f6lge halk\u0131n\u0131n \u201cg\u00fcne\u015f tarlas\u0131\u201d diye nitelendirdi\u011fi santraller, ayn\u0131 zamanda elektrik enerjisi problemleri nedeniyle sorun ya\u015fayan \u00e7ift\u00e7iler i\u00e7in de gelecek d\u00f6nemlerde yeni bir alternatif olarak \u00f6n plana \u00e7\u0131kmaktad\u0131r.<\/p>\n<p class=\"selectionShareable\" style=\"color: #0a0a0a;\">GAP Yenilenebilir Enerji ve Enerji Verimlili\u011fi Merkezi proje y\u00fcr\u00fct\u00fcc\u00fcs\u00fc ve Harran \u00dcniversitesi (HR\u00dc) M\u00fchendislik Fak\u00fcltesi Termodinamik Ana Bilim Dal\u0131 Ba\u015fkan\u0131 Prof. Dr. B\u00fclent Ye\u015filata, yapt\u0131\u011f\u0131 a\u00e7\u0131klamada, b\u00f6lgede son d\u00f6nemde g\u00fcne\u015f enerjisinden faydalanman\u0131n artt\u0131\u011f\u0131n\u0131\u00a0ifade etti.<\/p>\n<p class=\"selectionShareable\" style=\"color: #0a0a0a;\">G\u00fcne\u015f enerjisinden kazanabilece\u011fini anlayan yat\u0131r\u0131mc\u0131lar\u0131n yava\u015f yava\u015f santral kurmaya ba\u015flad\u0131\u011f\u0131n\u0131 belirten Ye\u015filata, h\u00fck\u00fcmetin son d\u00f6nemde yenilenebilir enerji alan\u0131nda mevzuat ve b\u00fcrokratik kolayl\u0131k sa\u011flamas\u0131n\u0131n yat\u0131r\u0131mc\u0131n\u0131n i\u015fini kolayla\u015ft\u0131rd\u0131\u011f\u0131n\u0131\u00a0s\u00f6yledi.<\/p>\n<p class=\"selectionShareable\" style=\"color: #0a0a0a;\">Ye\u015filata, b\u00f6lgenin y\u0131ll\u0131k 3 bin saati bulan bir g\u00fcne\u015flenme s\u00fcresi oldu\u011funu belirterek, \u201cA\u015fa\u011f\u0131 yukar\u0131 metrekare ba\u015f\u0131na bin 500 kilovat\u0131 bulan bir g\u00fcne\u015f enerjisi radyasyon potansiyelimiz mevcut. Bu de\u011ferler T\u00fcrkiye ortalamas\u0131n\u0131n \u00fczerinde olan de\u011ferlerdir. B\u00f6lgeye kurdu\u011funuz bir kilovatl\u0131k panelden GAP b\u00f6lgesinde bin 500 megavat saat elektrik \u00fcretmeniz m\u00fcmk\u00fcn olabilmektedir. Bu ortalama de\u011ferler di\u011fer b\u00f6lgelerin \u00fczerinde yer almaktad\u0131r. Noktasal bazda bakt\u0131\u011f\u0131m\u0131zda b\u00f6lgedeki illere y\u00f6nelik HR\u00dc olarak \u00f6zel bir \u00e7al\u0131\u015fmam\u0131zda vard\u0131r. T\u00fcm illeri g\u00fcne\u015f enerjisi potansiyelini ortaya koymaya \u00e7al\u0131\u015ft\u0131k \u00f6zellikle Ad\u0131yaman ise bu noktada b\u00f6lgede en \u00f6ne \u00e7\u0131kan il olmu\u015ftur.\u201d dedi.<\/p>\n<p class=\"selectionShareable\" style=\"color: #0a0a0a;\">B\u00f6lgenin en b\u00fcy\u00fck yat\u0131r\u0131m\u0131n\u0131 yapan \u00f6zel firman\u0131n m\u00fcd\u00fcr\u00fc Aziz Ge\u00e7gel de tesisi Bozova il\u00e7esinde yakla\u015f\u0131k 4 ay gibi k\u0131sa bir s\u00fcrede kurduklar\u0131n\u0131\u00a0belirtti. Tesiste yakla\u015f\u0131k 40 bin adet g\u00fcne\u015f panelinin kullan\u0131ld\u0131\u011f\u0131na i\u015faret eden Ge\u00e7gel, y\u0131ll\u0131k 24 milyon kwh enerji \u00fcretimi beklediklerini\u00a0de ifade etti.<\/p>\n<p class=\"selectionShareable\" style=\"color: #0a0a0a;\">Kaynak: <a href=\"http:\/\/enerjienstitusu.com\/2016\/10\/25\/guneydoguda-yenilenebilir-enerjiye-yatirimcinin-ilgisi-artti\/\" target=\"_blank\" rel=\"nofollow\">Enerji Enstit\u00fcs\u00fc<\/a><\/p>\n<p><\/p>","protected":false},"excerpt":{"rendered":"<p>Sorry, this entry is only available in Turkish. For the sake of viewer convenience, the content is shown below in the alternative language. You may click the link to switch the active language. T\u00fcrkiye\u2019de g\u00fcne\u015f enerjisi potansiyelinin en y\u00fcksek oldu\u011fu G\u00fcneydo\u011fu Anadolu B\u00f6lgesinde, te\u015fvik paketiyle de desteklenen yenilenebilir enerji kaynaklar\u0131na yat\u0131r\u0131mc\u0131n\u0131n ilgisi artmaktad\u0131r. Y\u0131ll\u0131k g\u00fcne\u015flenme [&hellip;]<\/p>\n","protected":false},"author":1,"featured_media":38476,"comment_status":"open","ping_status":"open","sticky":false,"template":"","format":"standard","meta":[],"categories":[53,49],"tags":[63,67,1009,2698,165,8170,31930,1214,29013,227,13,9501,2569,23133,22975,7065,842,31931,31932,105,508],"views":1236,"_links":{"self":[{"href":"https:\/\/www.enerjigazetesi.ist\/en\/wp-json\/wp\/v2\/posts\/58484"}],"collection":[{"href":"https:\/\/www.enerjigazetesi.ist\/en\/wp-json\/wp\/v2\/posts"}],"about":[{"href":"https:\/\/www.enerjigazetesi.ist\/en\/wp-json\/wp\/v2\/types\/post"}],"author":[{"embeddable":true,"href":"https:\/\/www.enerjigazetesi.ist\/en\/wp-json\/wp\/v2\/users\/1"}],"replies":[{"embeddable":true,"href":"https:\/\/www.enerjigazetesi.ist\/en\/wp-json\/wp\/v2\/comments?post=58484"}],"version-history":[{"count":4,"href":"https:\/\/www.enerjigazetesi.ist\/en\/wp-json\/wp\/v2\/posts\/58484\/revisions"}],"predecessor-version":[{"id":58488,"href":"https:\/\/www.enerjigazetesi.ist\/en\/wp-json\/wp\/v2\/posts\/58484\/revisions\/58488"}],"wp:featuredmedia":[{"embeddable":true,"href":"https:\/\/www.enerjigazetesi.ist\/en\/wp-json\/wp\/v2\/media\/38476"}],"wp:attachment":[{"href":"https:\/\/www.enerjigazetesi.ist\/en\/wp-json\/wp\/v2\/media?parent=58484"}],"wp:term":[{"taxonomy":"category","embeddable":true,"href":"https:\/\/www.enerjigazetesi.ist\/en\/wp-json\/wp\/v2\/categories?post=58484"},{"taxonomy":"post_tag","embeddable":true,"href":"https:\/\/www.enerjigazetesi.ist\/en\/wp-json\/wp\/v2\/tags?post=58484"}],"curies":[{"name":"wp","href":"https:\/\/api.w.org\/{rel}","templated":true}]}}