{"id":5839,"date":"2013-01-31T10:50:54","date_gmt":"2013-01-31T07:50:54","guid":{"rendered":"https:\/\/www.enerjigazetesi.ist\/?p=5839"},"modified":"2013-01-31T10:50:54","modified_gmt":"2013-01-31T07:50:54","slug":"cinin-gunes-paneli-talebi-hizla-artiyor","status":"publish","type":"post","link":"https:\/\/www.enerjigazetesi.ist\/en\/cinin-gunes-paneli-talebi-hizla-artiyor\/","title":{"rendered":"(Turkish) \u00c7in&#8217;in G\u00fcne\u015f Paneli Talebi H\u0131zla Art\u0131yor"},"content":{"rendered":"<p class=\"qtranxs-available-languages-message qtranxs-available-languages-message-en\">Sorry, this entry is only available in <a href=\"https:\/\/www.enerjigazetesi.ist\/tr\/wp-json\/wp\/v2\/posts\/5839\" class=\"qtranxs-available-language-link qtranxs-available-language-link-tr\" title=\"Turkish\">Turkish<\/a>. For the sake of viewer convenience, the content is shown below in the alternative language. You may click the link to switch the active language.<\/p><p><strong>2012&#8217;nin son \u00e7eyre\u011finde k\u00fcresel g\u00fcne\u015f paneli talebinin \u00fc\u00e7te biri \u00c7in&#8217;den geldi.<\/strong><\/p>\n<p>\u00c7in&#8217;in g\u00fcne\u015f paneli pazar\u0131n\u0131n arz cephesindeki a\u011f\u0131rl\u0131\u011f\u0131, talep cephesine de kaymaya ba\u015flad\u0131.<\/p>\n<p><img loading=\"lazy\" class=\"alignright size-medium wp-image-5840\" title=\"cin-gunes-paneli-talep\" src=\"https:\/\/www.enerjigazetesi.ist\/wp-content\/uploads\/2013\/01\/cin-gunes-paneli-talep-300x163.jpg\" alt=\"\" width=\"300\" height=\"163\" srcset=\"https:\/\/www.enerjigazetesi.ist\/wp-content\/uploads\/2013\/01\/cin-gunes-paneli-talep-300x163.jpg 300w, https:\/\/www.enerjigazetesi.ist\/wp-content\/uploads\/2013\/01\/cin-gunes-paneli-talep-80x43.jpg 80w, https:\/\/www.enerjigazetesi.ist\/wp-content\/uploads\/2013\/01\/cin-gunes-paneli-talep.jpg 460w\" sizes=\"(max-width: 300px) 100vw, 300px\" \/>Ara\u015ft\u0131rma kurulu\u015fu NDP Solarbuzz taraf\u0131ndan yap\u0131lan a\u00e7\u0131klamada 2012&#8217;nin son \u00e7eyre\u011finde k\u00fcresel g\u00fcne\u015f paneli talebinin 8.3 GW&#8217;a ula\u015ft\u0131\u011f\u0131n\u0131 a\u00e7\u0131klad\u0131. A\u00e7\u0131klamada bu talebin y\u00fczde 33&#8217;\u00fcne denk gelen 2.7 GW&#8217;l\u0131k k\u0131sm\u0131n\u0131n \u00c7in&#8217;den geldi\u011fi ifade edilirken, iki y\u0131l \u00f6ncenin ayn\u0131 d\u00f6neminde bu oran\u0131n y\u00fczde 10&#8217;un alt\u0131nda oldu\u011fu hat\u0131rlat\u0131ld\u0131.<\/p>\n<p>Kurulu\u015fun \u00c7in analisiti Ray Lian&#8217;a g\u00f6re 2012&#8217;de \u00c7in&#8217;de 4.5 GW&#8217;l\u0131k fotovoltaik sistem kurulumu ger\u00e7ekle\u015fmi\u015f iken bu talep a\u011f\u0131rl\u0131kl\u0131 olarak Yingli, Jinko ve JA Solar taraf\u0131ndan kar\u015f\u0131lanm\u0131\u015f durumda.<\/p>\n<p>Lian&#8217;a g\u00f6re 2013 y\u0131l\u0131nda \u00fclkenin fotovoltaik kurulu g\u00fcc\u00fc 7 GW&#8217;a yak\u0131n artacak iken halihaz\u0131rda bu alan\u0131n lider \u00fclkesi olan Almanya&#8217;da ise bu rakam 4 GW d\u00fczeyinde kalabilecek.<\/p>\n<p>Kaynak: <a href=\"http:\/\/www.yesilekonomi.com\/yenilenebilir-enerji\/cinin-gunes-paneli-talebi-hizla-artiyor\" target=\"_blank\">Ye\u015fil Ekonomi<\/a><\/p>","protected":false},"excerpt":{"rendered":"<p>Sorry, this entry is only available in Turkish. For the sake of viewer convenience, the content is shown below in the alternative language. You may click the link to switch the active language.2012&#8217;nin son \u00e7eyre\u011finde k\u00fcresel g\u00fcne\u015f paneli talebinin \u00fc\u00e7te biri \u00c7in&#8217;den geldi. \u00c7in&#8217;in g\u00fcne\u015f paneli pazar\u0131n\u0131n arz cephesindeki a\u011f\u0131rl\u0131\u011f\u0131, talep cephesine de kaymaya ba\u015flad\u0131. [&hellip;]<\/p>\n","protected":false},"author":1,"featured_media":5840,"comment_status":"open","ping_status":"open","sticky":false,"template":"","format":"standard","meta":[],"categories":[53,49],"tags":[886,67,142,2084,275],"views":768,"_links":{"self":[{"href":"https:\/\/www.enerjigazetesi.ist\/en\/wp-json\/wp\/v2\/posts\/5839"}],"collection":[{"href":"https:\/\/www.enerjigazetesi.ist\/en\/wp-json\/wp\/v2\/posts"}],"about":[{"href":"https:\/\/www.enerjigazetesi.ist\/en\/wp-json\/wp\/v2\/types\/post"}],"author":[{"embeddable":true,"href":"https:\/\/www.enerjigazetesi.ist\/en\/wp-json\/wp\/v2\/users\/1"}],"replies":[{"embeddable":true,"href":"https:\/\/www.enerjigazetesi.ist\/en\/wp-json\/wp\/v2\/comments?post=5839"}],"version-history":[{"count":2,"href":"https:\/\/www.enerjigazetesi.ist\/en\/wp-json\/wp\/v2\/posts\/5839\/revisions"}],"predecessor-version":[{"id":5842,"href":"https:\/\/www.enerjigazetesi.ist\/en\/wp-json\/wp\/v2\/posts\/5839\/revisions\/5842"}],"wp:featuredmedia":[{"embeddable":true,"href":"https:\/\/www.enerjigazetesi.ist\/en\/wp-json\/wp\/v2\/media\/5840"}],"wp:attachment":[{"href":"https:\/\/www.enerjigazetesi.ist\/en\/wp-json\/wp\/v2\/media?parent=5839"}],"wp:term":[{"taxonomy":"category","embeddable":true,"href":"https:\/\/www.enerjigazetesi.ist\/en\/wp-json\/wp\/v2\/categories?post=5839"},{"taxonomy":"post_tag","embeddable":true,"href":"https:\/\/www.enerjigazetesi.ist\/en\/wp-json\/wp\/v2\/tags?post=5839"}],"curies":[{"name":"wp","href":"https:\/\/api.w.org\/{rel}","templated":true}]}}