{"id":58332,"date":"2016-10-22T14:52:46","date_gmt":"2016-10-22T11:52:46","guid":{"rendered":"https:\/\/www.enerjigazetesi.ist\/?p=58332"},"modified":"2016-10-22T14:54:24","modified_gmt":"2016-10-22T11:54:24","slug":"yilmaz-turkiye-artik-bolgede-sozu-daha-fazla-dinlenen-ulke-konumundadir","status":"publish","type":"post","link":"https:\/\/www.enerjigazetesi.ist\/en\/yilmaz-turkiye-artik-bolgede-sozu-daha-fazla-dinlenen-ulke-konumundadir\/","title":{"rendered":"(Turkish) Y\u0131lmaz: \u201cT\u00fcrkiye B\u00f6lgede S\u00f6z\u00fc Daha Fazla Dinlenen \u00dclke Konumundad\u0131r\u201d"},"content":{"rendered":"<p class=\"qtranxs-available-languages-message qtranxs-available-languages-message-en\">Sorry, this entry is only available in <a href=\"https:\/\/www.enerjigazetesi.ist\/tr\/wp-json\/wp\/v2\/posts\/58332\" class=\"qtranxs-available-language-link qtranxs-available-language-link-tr\" title=\"Turkish\">Turkish<\/a>. For the sake of viewer convenience, the content is shown below in the alternative language. You may click the link to switch the active language.<\/p><p><\/p>\n<p class=\"selectionShareable\" style=\"color: #0a0a0a;\"><strong>Enerji Piyasas\u0131 D\u00fczenleme Kurumu (EPDK) Ba\u015fkan\u0131 Mustafa Y\u0131lmaz, T\u00fcrkiye\u2019nin enerji d\u00fcnyas\u0131ndaki rol\u00fcn\u00fcn her ge\u00e7en g\u00fcn \u00e7ok\u00a0g\u00fc\u00e7lendi\u011fini ifade ederek, \u201cT\u00fcrkiye b\u00f6lgesel enerji politikalar\u0131 a\u00e7\u0131s\u0131ndan art\u0131k s\u00f6z\u00fc daha fazla dinlenen \u00fclke konumuna ula\u015fm\u0131\u015ft\u0131r. Bu ger\u00e7ek t\u00fcm g\u00f6r\u00fc\u015fmelerde muhataplar\u0131m\u0131z taraf\u0131ndan bize ifade edilmektedir.\u201d dedi.<\/strong><span id=\"more-84557\"><\/span><\/p>\n<p class=\"selectionShareable\" style=\"color: #0a0a0a;\">Y\u0131lmaz, Meram ile Sakarya Elektrik Da\u011f\u0131t\u0131m A\u015e\u2019nin (EDA\u015e) Konya\u2019daki \u00c7a\u011fr\u0131 Merkezi a\u00e7\u0131l\u0131\u015f\u0131nda konu\u015f<a href=\"https:\/\/www.enerjigazetesi.ist\/wp-content\/uploads\/2015\/01\/EPDK-Mustafa-Y\u0131lmaz-238323231.jpg\"><img loading=\"lazy\" class=\"alignright size-medium wp-image-35600\" src=\"https:\/\/www.enerjigazetesi.ist\/wp-content\/uploads\/2015\/01\/EPDK-Mustafa-Y\u0131lmaz-238323231-300x208.jpg\" alt=\"EPDK-Mustafa-Y\u0131lmaz-238323231\" width=\"300\" height=\"208\" srcset=\"https:\/\/www.enerjigazetesi.ist\/wp-content\/uploads\/2015\/01\/EPDK-Mustafa-Y\u0131lmaz-238323231-300x208.jpg 300w, https:\/\/www.enerjigazetesi.ist\/wp-content\/uploads\/2015\/01\/EPDK-Mustafa-Y\u0131lmaz-238323231-500x347.jpg 500w, https:\/\/www.enerjigazetesi.ist\/wp-content\/uploads\/2015\/01\/EPDK-Mustafa-Y\u0131lmaz-238323231-71x50.jpg 71w, https:\/\/www.enerjigazetesi.ist\/wp-content\/uploads\/2015\/01\/EPDK-Mustafa-Y\u0131lmaz-238323231.jpg 737w\" sizes=\"(max-width: 300px) 100vw, 300px\" \/><\/a>mas\u0131n\u0131 ger\u00e7ekle\u015ftirdi.<\/p>\n<p class=\"selectionShareable\" style=\"color: #0a0a0a;\">Enerji D\u00fczenleyicileri B\u00f6lgesel Birli\u011fi ERRA\u2019n\u0131n 15. Enerji Yat\u0131r\u0131m ve D\u00fczenleme Konferans\u0131 i\u00e7in yurt d\u0131\u015f\u0131nda olduklar\u0131n\u0131 kaydeden Y\u0131lmaz, orada yapt\u0131klar\u0131 g\u00f6r\u00fc\u015fmelerde s\u0131k\u00e7a duyduklar\u0131 bir ger\u00e7e\u011fi yeniden g\u00f6zleme f\u0131rsat\u0131 bulduklar\u0131n\u0131\u00a0ifade etti.<\/p>\n<p class=\"selectionShareable\" style=\"color: #0a0a0a;\">T\u00fcrkiye\u2019nin enerji d\u00fcnyas\u0131ndaki rol\u00fcn\u00fcn her ge\u00e7en g\u00fcn daha da g\u00fc\u00e7lendi\u011fine i\u015faret eden Y\u0131lmaz, \u015f\u00f6yle\u00a0dedi:<\/p>\n<p class=\"selectionShareable\" style=\"color: #0a0a0a;\">\u201cT\u00fcrkiye b\u00f6lgesel enerji politikalar\u0131 a\u00e7\u0131s\u0131ndan art\u0131k s\u00f6z\u00fc daha fazla dinlenen bir \u00fclke konumuna ula\u015fm\u0131\u015ft\u0131r. Bu ger\u00e7ek, t\u00fcm g\u00f6r\u00fc\u015fmelerimizde muhataplar\u0131m\u0131z taraf\u0131ndan bize ifade edilmektedir. Bu durum, kurum olarak bizi daha fazla \u00e7al\u0131\u015fmaya motive edtmektedir. T\u00fcrkiye\u2019nin k\u0131sa s\u00fcrede ald\u0131\u011f\u0131 bu mesafe sekt\u00f6rde yer alan her oyuncunun, her y\u00f6neticinin sorumlulu\u011funu daha da art\u0131rmaktad\u0131r. Enerjide b\u00f6lgesel bir akt\u00f6r olma yolunda ilerleyen T\u00fcrkiye\u2019nin kendi piyasalar\u0131ndaki enerji sorunlar\u0131n\u0131 da asgari d\u00fczeye indirmesi gerekmektedir. \u00d6zellikle m\u00fc\u015fteri memnuniyeti konusunda da Avrupa standartlar\u0131n\u0131n \u00fczerine \u00e7\u0131kmamam\u0131z i\u00e7in \u00f6n\u00fcm\u00fczde herhangi bir engel yoktur.\u201d<\/p>\n<p class=\"selectionShareable\" style=\"color: #0a0a0a;\">Kaynak: <a href=\"http:\/\/enerjienstitusu.com\/2016\/10\/21\/turkiye-bolgesel-enerji-politikalari-acsindan-sozu-daha-fazla-dinlenen-ulke-konumuna-ulasti\/\" target=\"_blank\" rel=\"nofollow\">Enerji Enstit\u00fcs\u00fc<\/a><\/p>\n<p><\/p>","protected":false},"excerpt":{"rendered":"<p>Sorry, this entry is only available in Turkish. For the sake of viewer convenience, the content is shown below in the alternative language. You may click the link to switch the active language. Enerji Piyasas\u0131 D\u00fczenleme Kurumu (EPDK) Ba\u015fkan\u0131 Mustafa Y\u0131lmaz, T\u00fcrkiye\u2019nin enerji d\u00fcnyas\u0131ndaki rol\u00fcn\u00fcn her ge\u00e7en g\u00fcn \u00e7ok\u00a0g\u00fc\u00e7lendi\u011fini ifade ederek, \u201cT\u00fcrkiye b\u00f6lgesel enerji politikalar\u0131 [&hellip;]<\/p>\n","protected":false},"author":1,"featured_media":35600,"comment_status":"open","ping_status":"open","sticky":false,"template":"","format":"standard","meta":[],"categories":[51,53],"tags":[31898,68,61,19638,1451,2873,63,67,1009,2698,1046,477,165,750,12996,31899,846],"views":493,"_links":{"self":[{"href":"https:\/\/www.enerjigazetesi.ist\/en\/wp-json\/wp\/v2\/posts\/58332"}],"collection":[{"href":"https:\/\/www.enerjigazetesi.ist\/en\/wp-json\/wp\/v2\/posts"}],"about":[{"href":"https:\/\/www.enerjigazetesi.ist\/en\/wp-json\/wp\/v2\/types\/post"}],"author":[{"embeddable":true,"href":"https:\/\/www.enerjigazetesi.ist\/en\/wp-json\/wp\/v2\/users\/1"}],"replies":[{"embeddable":true,"href":"https:\/\/www.enerjigazetesi.ist\/en\/wp-json\/wp\/v2\/comments?post=58332"}],"version-history":[{"count":5,"href":"https:\/\/www.enerjigazetesi.ist\/en\/wp-json\/wp\/v2\/posts\/58332\/revisions"}],"predecessor-version":[{"id":58337,"href":"https:\/\/www.enerjigazetesi.ist\/en\/wp-json\/wp\/v2\/posts\/58332\/revisions\/58337"}],"wp:featuredmedia":[{"embeddable":true,"href":"https:\/\/www.enerjigazetesi.ist\/en\/wp-json\/wp\/v2\/media\/35600"}],"wp:attachment":[{"href":"https:\/\/www.enerjigazetesi.ist\/en\/wp-json\/wp\/v2\/media?parent=58332"}],"wp:term":[{"taxonomy":"category","embeddable":true,"href":"https:\/\/www.enerjigazetesi.ist\/en\/wp-json\/wp\/v2\/categories?post=58332"},{"taxonomy":"post_tag","embeddable":true,"href":"https:\/\/www.enerjigazetesi.ist\/en\/wp-json\/wp\/v2\/tags?post=58332"}],"curies":[{"name":"wp","href":"https:\/\/api.w.org\/{rel}","templated":true}]}}