{"id":58323,"date":"2016-10-22T13:48:16","date_gmt":"2016-10-22T10:48:16","guid":{"rendered":"https:\/\/www.enerjigazetesi.ist\/?p=58323"},"modified":"2016-10-22T13:48:44","modified_gmt":"2016-10-22T10:48:44","slug":"konya-karapinar-daki-1000-mwlik-gunes-enerjisi-proje-yarismasi-15-aralikta","status":"publish","type":"post","link":"https:\/\/www.enerjigazetesi.ist\/en\/konya-karapinar-daki-1000-mwlik-gunes-enerjisi-proje-yarismasi-15-aralikta\/","title":{"rendered":"(Turkish) Konya Karap\u0131nar&#8217;daki 1000 MW&#8217;l\u0131k G\u00fcne\u015f Enerjisi Proje Yar\u0131\u015fmas\u0131 15 Aral\u0131k\u2019ta&#8230;"},"content":{"rendered":"<p class=\"qtranxs-available-languages-message qtranxs-available-languages-message-en\">Sorry, this entry is only available in <a href=\"https:\/\/www.enerjigazetesi.ist\/tr\/wp-json\/wp\/v2\/posts\/58323\" class=\"qtranxs-available-language-link qtranxs-available-language-link-tr\" title=\"Turkish\">Turkish<\/a>. For the sake of viewer convenience, the content is shown below in the alternative language. You may click the link to switch the active language.<\/p><p><\/p>\n<p class=\"selectionShareable\" style=\"color: #0a0a0a;\"><strong>Enerji ve Tabii Kaynaklar Bakanl\u0131\u011f\u0131, Konya\u2019n\u0131n Karap\u0131nar il\u00e7esindeki Yenilenebilir Enerji Kaynak Alan\u0131\u2019nda (YEKA) g\u00fcne\u015f mod\u00fcl\u00fc \u00fcretim fabrikas\u0131, Ar-Ge merkezi ve g\u00fcne\u015f enerjisi elektrik \u00fcretim tesisi kurulmas\u0131 i\u00e7in d\u00fczenledi\u011fi yar\u0131\u015fmada, son teklifleri 12 Aral\u0131k 2016 tarihinde alacak ve yar\u0131\u015fma ise 15 Aral\u0131k\u2019ta yapacakt\u0131r.<\/strong><span id=\"more-84530\"><\/span><\/p>\n<p class=\"selectionShareable\" style=\"color: #0a0a0a;\">Enerji ve Tabii Kaynaklar Bakan\u0131 Berat Albayrak, bug\u00fcn u\u00e7akla\u00a0Konya\u2019ya gelerek helikopterle\u00a0Karap\u0131nar \u0130l\u00e7esi\u2019ne ge\u00e7ti.\u00a0Bakan <a href=\"https:\/\/www.enerjigazetesi.ist\/wp-content\/uploads\/2016\/10\/konya-karapinar-daki-1000-mwlik-gunes-enerjisi-proje-yarismasi-15-aralikta.jpeg\"><img loading=\"lazy\" class=\"alignright size-medium wp-image-58324\" src=\"https:\/\/www.enerjigazetesi.ist\/wp-content\/uploads\/2016\/10\/konya-karapinar-daki-1000-mwlik-gunes-enerjisi-proje-yarismasi-15-aralikta-300x225.jpeg\" alt=\"konya-karapinar-daki-1000-mwlik-gunes-enerjisi-proje-yarismasi-15-aralikta\" width=\"300\" height=\"225\" srcset=\"https:\/\/www.enerjigazetesi.ist\/wp-content\/uploads\/2016\/10\/konya-karapinar-daki-1000-mwlik-gunes-enerjisi-proje-yarismasi-15-aralikta-300x225.jpeg 300w, https:\/\/www.enerjigazetesi.ist\/wp-content\/uploads\/2016\/10\/konya-karapinar-daki-1000-mwlik-gunes-enerjisi-proje-yarismasi-15-aralikta-500x375.jpeg 500w, https:\/\/www.enerjigazetesi.ist\/wp-content\/uploads\/2016\/10\/konya-karapinar-daki-1000-mwlik-gunes-enerjisi-proje-yarismasi-15-aralikta-66x50.jpeg 66w, https:\/\/www.enerjigazetesi.ist\/wp-content\/uploads\/2016\/10\/konya-karapinar-daki-1000-mwlik-gunes-enerjisi-proje-yarismasi-15-aralikta.jpeg 696w\" sizes=\"(max-width: 300px) 100vw, 300px\" \/><\/a>Albayrak, burada kurulmas\u0131 planlanan g\u00fcne\u015f enerji santraliyle ilgili bas\u0131n toplant\u0131s\u0131 d\u00fczenledi.<\/p>\n<p class=\"selectionShareable\" style=\"color: #0a0a0a;\">Bakan Albayrak, Karap\u0131nar\u2019a kurulacak g\u00fcne\u015f enerji santralinin 1000 megavatl\u0131k olaca\u011f\u0131n\u0131 ve ihalesinin de aral\u0131k ay\u0131nda yap\u0131laca\u011f\u0131n\u0131 a\u00e7\u0131klad\u0131. Albayrak, \u201dBug\u00fcn resmi gazetede yay\u0131nlanmas\u0131yla birlikte detayl\u0131 \u015fartnamenin de hayata ge\u00e7mesiyle birlikte aral\u0131k ay\u0131nda ihale yap\u0131lacak. 1000 megavatl\u0131k d\u00fcnyadaki fotovoltaik teknoloji noktas\u0131ndaki en b\u00fcy\u00fck tek g\u00fcne\u015f tarlas\u0131 alan\u0131nda Karap\u0131nar YEKA\u2019m\u0131z\u0131 anons ediyoruz\u201d\u00a0ifadelerine yer verdi.<\/p>\n<p class=\"selectionShareable\" style=\"color: #0a0a0a;\"><strong>Resmi Gazete \u0130\u00e7in\u00a0<a style=\"color: #1e73be;\" href=\"http:\/\/www.resmigazete.gov.tr\/main.aspx?home=http:\/\/www.resmigazete.gov.tr\/ilanlar\/eskiilanlar\/2016\/10\/20161020.htm&amp;main=http:\/\/www.resmigazete.gov.tr\/ilanlar\/eskiilanlar\/2016\/10\/20161020-4.htm\" target=\"_blank\" rel=\"nofollow\">T\u0131klay\u0131n\u0131z&gt;&gt;&gt;<\/a><\/strong><\/p>\n<p class=\"selectionShareable\" style=\"color: #0a0a0a;\">Bakan Albayrak, Karap\u0131nar\u2019a kurulacak g\u00fcne\u015f enerji santralinin 1000 megavatl\u0131k olaca\u011f\u0131n\u0131 ve ihalesinin de aral\u0131k ay\u0131nda yap\u0131laca\u011f\u0131n\u0131 a\u00e7\u0131klad\u0131. Albayrak, \u201dBug\u00fcn resmi gazetede yay\u0131nlanmas\u0131yla birlikte detayl\u0131 \u015fartnamenin de hayata ge\u00e7mesiyle birlikte aral\u0131k ay\u0131nda ihale yap\u0131lacak. 1000 megavatl\u0131k d\u00fcnyadaki fotovoltaik teknoloji noktas\u0131ndaki en b\u00fcy\u00fck tek g\u00fcne\u015f tarlas\u0131 alan\u0131nda Karap\u0131nar YEKA\u2019m\u0131z\u0131 anons ediyoruz\u201d dedi.<\/p>\n<p class=\"selectionShareable\" style=\"color: #0a0a0a;\">Enerji\u00a0ve Tabii Kaynaklar Bakan\u0131 Berat Albayrak, Konya\u2019n\u0131n Karap\u0131nar \u0130l\u00e7esi\u2019nde yap\u0131lmas\u0131 planlanan G\u00fcne\u015f Enerji Santrali\u2019nin 1000 megavatl\u0131k oldu\u011funu, yakla\u015f\u0131k 1.7 milyar kilovat saat elektrik \u00fcretilece\u011fini ve 600 binden fazla evin elektri\u011fini kar\u015f\u0131layaca\u011f\u0131n\u0131 belirtti. Albayrak, 1 milyar dolar\u0131n \u00fczerinde bir yat\u0131r\u0131m olan G\u00fcne\u015f Enerji Santrali ihalesinin ise aral\u0131k ay\u0131nda yap\u0131laca\u011f\u0131n\u0131\u00a0ifade etti.<\/p>\n<p class=\"selectionShareable\" style=\"color: #0a0a0a;\">Bakan Albayrak santralin 2000 hektarl\u0131k alana yap\u0131laca\u011f\u0131n\u0131 belirterek, \u201dBu yat\u0131r\u0131m bug\u00fcn 1 milyar dolar\u0131n \u00fczerinde bir yat\u0131r\u0131m.\u00a0 Burada \u00fcretilecek elektrik yakla\u015f\u0131k 1.7 milyar kilovat saat olacak, 600 binden fazla evin elektrik ihtiyac\u0131n\u0131 kar\u015f\u0131layacak tesisten bahsediyoruz\u201d dedi. Bakan Albayrak, santralin ihalesinin elektrik al\u0131m noktas\u0131nda fiyat eksiltme usul\u00fc a\u00e7\u0131k bir ihale olaca\u011f\u0131n\u0131 ve en uygun fiyat\u0131 veren firman\u0131n alaca\u011f\u0131n\u0131 belirtti. Bakan Albayrak, ihaleyi kazanan firman\u0131n y\u0131lda 500 megavat \u00fcretim kapasitesine sahip bir fabrika kurmak zorunda oldu\u011funu kaydetti. Bakan Albayrak, santralde \u00fcretilecek elektri\u011fin de 15 y\u0131l al\u0131m garanti s\u00fcresinin oldu\u011funu\u00a0s\u00f6yledi.<\/p>\n<p class=\"selectionShareable\" style=\"color: #0a0a0a;\">Albayrak, r\u00fczgar enerji santralinde 2017 y\u0131l\u0131n\u0131n ilk \u00e7eyre\u011fi, yerli k\u00f6m\u00fcr enerjisi konusunda kas\u0131m ve aral\u0131k ay\u0131nda g\u00fcne\u015f enerji santralinde oldu\u011fu gibi benzer ihalelerin yap\u0131laca\u011f\u0131n\u0131\u00a0da a\u00e7\u0131klad\u0131.<\/p>\n<p class=\"selectionShareable\" style=\"color: #0a0a0a;\">Kaynak: <a href=\"http:\/\/enerjienstitusu.com\/2016\/10\/20\/konya-karapinar-yeka-gunes-enerjisi-santrali\/\" target=\"_blank\" rel=\"nofollow\">Enerji Enstit\u00fcs\u00fc<\/a><\/p>\n<p><\/p>","protected":false},"excerpt":{"rendered":"<p>Sorry, this entry is only available in Turkish. For the sake of viewer convenience, the content is shown below in the alternative language. You may click the link to switch the active language. Enerji ve Tabii Kaynaklar Bakanl\u0131\u011f\u0131, Konya\u2019n\u0131n Karap\u0131nar il\u00e7esindeki Yenilenebilir Enerji Kaynak Alan\u0131\u2019nda (YEKA) g\u00fcne\u015f mod\u00fcl\u00fc \u00fcretim fabrikas\u0131, Ar-Ge merkezi ve g\u00fcne\u015f enerjisi [&hellip;]<\/p>\n","protected":false},"author":1,"featured_media":58324,"comment_status":"open","ping_status":"open","sticky":false,"template":"","format":"standard","meta":[],"categories":[53,49],"tags":[27051,63,67,1009,2698,165,1389,2326,227,13,2569,23133,22975,4269,14611,10835,1142,25578,31781,31711],"views":1506,"_links":{"self":[{"href":"https:\/\/www.enerjigazetesi.ist\/en\/wp-json\/wp\/v2\/posts\/58323"}],"collection":[{"href":"https:\/\/www.enerjigazetesi.ist\/en\/wp-json\/wp\/v2\/posts"}],"about":[{"href":"https:\/\/www.enerjigazetesi.ist\/en\/wp-json\/wp\/v2\/types\/post"}],"author":[{"embeddable":true,"href":"https:\/\/www.enerjigazetesi.ist\/en\/wp-json\/wp\/v2\/users\/1"}],"replies":[{"embeddable":true,"href":"https:\/\/www.enerjigazetesi.ist\/en\/wp-json\/wp\/v2\/comments?post=58323"}],"version-history":[{"count":2,"href":"https:\/\/www.enerjigazetesi.ist\/en\/wp-json\/wp\/v2\/posts\/58323\/revisions"}],"predecessor-version":[{"id":58326,"href":"https:\/\/www.enerjigazetesi.ist\/en\/wp-json\/wp\/v2\/posts\/58323\/revisions\/58326"}],"wp:featuredmedia":[{"embeddable":true,"href":"https:\/\/www.enerjigazetesi.ist\/en\/wp-json\/wp\/v2\/media\/58324"}],"wp:attachment":[{"href":"https:\/\/www.enerjigazetesi.ist\/en\/wp-json\/wp\/v2\/media?parent=58323"}],"wp:term":[{"taxonomy":"category","embeddable":true,"href":"https:\/\/www.enerjigazetesi.ist\/en\/wp-json\/wp\/v2\/categories?post=58323"},{"taxonomy":"post_tag","embeddable":true,"href":"https:\/\/www.enerjigazetesi.ist\/en\/wp-json\/wp\/v2\/tags?post=58323"}],"curies":[{"name":"wp","href":"https:\/\/api.w.org\/{rel}","templated":true}]}}