{"id":58320,"date":"2016-10-22T13:39:58","date_gmt":"2016-10-22T10:39:58","guid":{"rendered":"https:\/\/www.enerjigazetesi.ist\/?p=58320"},"modified":"2016-10-22T13:49:18","modified_gmt":"2016-10-22T10:49:18","slug":"bulgaristan-turkiye-ile-yapilacak-dogalgaz-baglantisini-bekliyor","status":"publish","type":"post","link":"https:\/\/www.enerjigazetesi.ist\/en\/bulgaristan-turkiye-ile-yapilacak-dogalgaz-baglantisini-bekliyor\/","title":{"rendered":"(Turkish) Bulgaristan, T\u00fcrkiye \u0130le Yap\u0131lacak Do\u011falgaz Ba\u011flant\u0131s\u0131n\u0131 Beklemektedir"},"content":{"rendered":"<p class=\"qtranxs-available-languages-message qtranxs-available-languages-message-en\">Sorry, this entry is only available in <a href=\"https:\/\/www.enerjigazetesi.ist\/tr\/wp-json\/wp\/v2\/posts\/58320\" class=\"qtranxs-available-language-link qtranxs-available-language-link-tr\" title=\"Turkish\">Turkish<\/a>. For the sake of viewer convenience, the content is shown below in the alternative language. You may click the link to switch the active language.<\/p><p><\/p>\n<p class=\"selectionShareable\" style=\"color: #0a0a0a;\"><strong>Bulgaristan Enerji Bakan Yard\u0131mc\u0131s\u0131 Zhecho Stankov, T\u00fcrkiye ile Bulgaristan aras\u0131nda kurulacak do\u011falgaz ba\u011flant\u0131s\u0131n\u0131n kendileri i\u00e7in \u00e7ok \u00f6nemli oldu\u011funu belirterek, \u201cProjeyle ilgili fizibilite \u00e7al\u0131\u015fmalar\u0131n\u0131 tamamlad\u0131k ve BOTA\u015e\u2019a g\u00f6nderdik. Bundan b\u00f6yle, gelecekte ataca\u011f\u0131m\u0131z ad\u0131mlara karar verece\u011fiz.\u201d\u00a0ifadelerine yer verdi.<\/strong><span id=\"more-84515\"><\/span><\/p>\n<p class=\"selectionShareable\" style=\"color: #0a0a0a;\">Stankov, yapt\u0131\u011f\u0131 a\u00e7\u0131klamada, T\u00fcrkiye ve Bulgaristan aras\u0131ndaki enerji ili\u015fkilerinde de\u011ferlendirmelerde bulundu.<\/p>\n<p class=\"selectionShareable\" style=\"color: #0a0a0a;\">Bulgaristan\u2019\u0131n b\u00f6lgede <a href=\"https:\/\/www.enerjigazetesi.ist\/wp-content\/uploads\/2013\/04\/dogalgaz-boru-hatti-dolar-505x378.jpg\"><img loading=\"lazy\" class=\"alignleft size-medium wp-image-9742\" src=\"https:\/\/www.enerjigazetesi.ist\/wp-content\/uploads\/2013\/04\/dogalgaz-boru-hatti-dolar-505x378-300x208.jpg\" alt=\"dogalgaz-boru-hatti\" width=\"300\" height=\"208\" srcset=\"https:\/\/www.enerjigazetesi.ist\/wp-content\/uploads\/2013\/04\/dogalgaz-boru-hatti-dolar-505x378-300x208.jpg 300w, https:\/\/www.enerjigazetesi.ist\/wp-content\/uploads\/2013\/04\/dogalgaz-boru-hatti-dolar-505x378-71x50.jpg 71w, https:\/\/www.enerjigazetesi.ist\/wp-content\/uploads\/2013\/04\/dogalgaz-boru-hatti-dolar-505x378.jpg 492w\" sizes=\"(max-width: 300px) 100vw, 300px\" \/><\/a>\u00f6nemli bir do\u011falgaz oyuncusu olmak istedi\u011fini ifade eden Stankov, \u201cT\u00fcrk Ak\u0131m\u0131 Rusya ve T\u00fcrkiye aras\u0131ndaki bir proje. Bu nedenle bu konuya ili\u015fkin yorum yapmak do\u011fru olmaz. Bulundu\u011fumuz b\u00f6lgede f\u0131rsatlar sunmaya ve bunlar\u0131 de\u011ferlendirmeye \u00e7al\u0131\u015f\u0131yoruz.\u201d dedi.<\/p>\n<p class=\"selectionShareable\" style=\"color: #0a0a0a;\">Stankov, T\u00fcrkiye ile Bulgaristan aras\u0131nda kurulacak do\u011falgaz ba\u011flant\u0131s\u0131yla ilgili ad\u0131mlar att\u0131klar\u0131n\u0131 dile getirerek,\u00a0s\u00f6zlerine \u015f\u00f6yle devam etti:<\/p>\n<p class=\"selectionShareable\" style=\"color: #0a0a0a;\">\u201c\u015eu an \u00e7al\u0131\u015fmalar\u0131n\u0131 s\u00fcrd\u00fcrd\u00fc\u011f\u00fcm\u00fcz bu ba\u011flant\u0131 bizim i\u00e7in \u00e7ok \u00f6nemlidir. Projeyle ilgili fizibilite \u00e7al\u0131\u015fmalar\u0131n\u0131 tamamlad\u0131k ve BOTA\u015e\u2019a g\u00f6nderdik. Bundan sonra, gelecekte ataca\u011f\u0131m\u0131z ad\u0131mlara karar verece\u011fiz. Fizibilite \u00e7al\u0131\u015fmalar\u0131n\u0131n maliyetinin y\u00fczde 50\u2019sini de Avrupa Komisyonu kar\u015f\u0131lam\u0131\u015ft\u0131r.\u201d<\/p>\n<p class=\"selectionShareable\" style=\"color: #0a0a0a;\">Rus gaz\u0131na ili\u015fkin de \u00e7al\u0131\u015fmalar yapmak istediklerini anlatan Stankov, \u201cAyr\u0131ca Balkan isminde bir do\u011falgaz merkezi kurmay\u0131 da istiyoruz. Avrupa Komisyonu, Rusya ve Bulgaristan aras\u0131nda \u00fc\u00e7l\u00fc bir bulu\u015fma ger\u00e7ekle\u015ftirip, b\u00f6lgedeki f\u0131rsatlara ili\u015fkin konu\u015fmak istiyoruz.\u201d\u00a0ifadelerine yer verdi.<\/p>\n<p class=\"selectionShareable\" style=\"color: #0a0a0a;\">T\u00fcrkiye ile Bulgaristan aras\u0131ndaki do\u011falgaz ba\u011flant\u0131s\u0131 i\u00e7in \u00e7al\u0131\u015fmalar yakla\u015f\u0131k iki y\u0131ld\u0131r s\u00fcrd\u00fcr\u00fclmektedir.<\/p>\n<p class=\"selectionShareable\" style=\"color: #0a0a0a;\">Fizibilite \u00e7al\u0131\u015fmalar\u0131 i\u00e7in yakla\u015f\u0131k 380 bin avro harcanan ba\u011flant\u0131n\u0131n 140 kilometre uzunlu\u011funda olmas\u0131 beklenmektedir.<\/p>\n<p class=\"selectionShareable\" style=\"color: #0a0a0a;\">Bulgaristan ile Avrupa Komisyonu, Balkanlar\u0131 beslemesi hedeflenen do\u011falgaz merkezi i\u00e7in de \u00e7al\u0131\u015fmalara ge\u00e7en y\u0131l\u0131n sonunda ba\u015flam\u0131\u015ft\u0131.<\/p>\n<p class=\"selectionShareable\" style=\"color: #0a0a0a;\">Kaynak: <a href=\"http:\/\/enerjienstitusu.com\/2016\/10\/20\/bulgaristan-turkiye-ile-dogalgaz-baglantisini-bekliyor\/\" target=\"_blank\" rel=\"nofollow\">Enerji Enstit\u00fcs\u00fc<\/a><\/p>\n<p><\/p>","protected":false},"excerpt":{"rendered":"<p>Sorry, this entry is only available in Turkish. For the sake of viewer convenience, the content is shown below in the alternative language. You may click the link to switch the active language. Bulgaristan Enerji Bakan Yard\u0131mc\u0131s\u0131 Zhecho Stankov, T\u00fcrkiye ile Bulgaristan aras\u0131nda kurulacak do\u011falgaz ba\u011flant\u0131s\u0131n\u0131n kendileri i\u00e7in \u00e7ok \u00f6nemli oldu\u011funu belirterek, \u201cProjeyle ilgili fizibilite [&hellip;]<\/p>\n","protected":false},"author":1,"featured_media":9742,"comment_status":"open","ping_status":"open","sticky":false,"template":"","format":"standard","meta":[],"categories":[46,53],"tags":[531,3323,92,31894,876,226,19761,2092,2677,63,67,1009,73,2698,165,31895,31896],"views":727,"_links":{"self":[{"href":"https:\/\/www.enerjigazetesi.ist\/en\/wp-json\/wp\/v2\/posts\/58320"}],"collection":[{"href":"https:\/\/www.enerjigazetesi.ist\/en\/wp-json\/wp\/v2\/posts"}],"about":[{"href":"https:\/\/www.enerjigazetesi.ist\/en\/wp-json\/wp\/v2\/types\/post"}],"author":[{"embeddable":true,"href":"https:\/\/www.enerjigazetesi.ist\/en\/wp-json\/wp\/v2\/users\/1"}],"replies":[{"embeddable":true,"href":"https:\/\/www.enerjigazetesi.ist\/en\/wp-json\/wp\/v2\/comments?post=58320"}],"version-history":[{"count":3,"href":"https:\/\/www.enerjigazetesi.ist\/en\/wp-json\/wp\/v2\/posts\/58320\/revisions"}],"predecessor-version":[{"id":58327,"href":"https:\/\/www.enerjigazetesi.ist\/en\/wp-json\/wp\/v2\/posts\/58320\/revisions\/58327"}],"wp:featuredmedia":[{"embeddable":true,"href":"https:\/\/www.enerjigazetesi.ist\/en\/wp-json\/wp\/v2\/media\/9742"}],"wp:attachment":[{"href":"https:\/\/www.enerjigazetesi.ist\/en\/wp-json\/wp\/v2\/media?parent=58320"}],"wp:term":[{"taxonomy":"category","embeddable":true,"href":"https:\/\/www.enerjigazetesi.ist\/en\/wp-json\/wp\/v2\/categories?post=58320"},{"taxonomy":"post_tag","embeddable":true,"href":"https:\/\/www.enerjigazetesi.ist\/en\/wp-json\/wp\/v2\/tags?post=58320"}],"curies":[{"name":"wp","href":"https:\/\/api.w.org\/{rel}","templated":true}]}}