{"id":58279,"date":"2016-10-20T17:00:37","date_gmt":"2016-10-20T17:00:37","guid":{"rendered":"https:\/\/www.enerjigazetesi.ist\/?p=58279"},"modified":"2016-10-20T17:00:37","modified_gmt":"2016-10-20T17:00:37","slug":"ruzgar-kongresi-icin-artik-geri-sayim-zamani","status":"publish","type":"post","link":"https:\/\/www.enerjigazetesi.ist\/en\/ruzgar-kongresi-icin-artik-geri-sayim-zamani\/","title":{"rendered":"(Turkish) R\u00fczgar Kongresi \u0130\u00e7in Art\u0131k Geri Say\u0131m Zaman\u0131&#8230;"},"content":{"rendered":"<p class=\"qtranxs-available-languages-message qtranxs-available-languages-message-en\">Sorry, this entry is only available in <a href=\"https:\/\/www.enerjigazetesi.ist\/tr\/wp-json\/wp\/v2\/posts\/58279\" class=\"qtranxs-available-language-link qtranxs-available-language-link-tr\" title=\"Turkish\">Turkish<\/a>. For the sake of viewer convenience, the content is shown below in the alternative language. You may click the link to switch the active language.<\/p><p><strong>T\u00fcrkiye R\u00fczgar Enerjisi Birli\u011fi (T\u00dcREB) taraf\u0131ndan organize edilen R\u00fczgar Enerjisi Kongresi i\u00e7in geri say\u0131m ba\u015flad\u0131. R\u00fczgar oyuncular\u0131n\u0131n g\u00f6z\u00fc, 2-3 Kas\u0131m tarihlerinde Ankara JW Marriott Otel\u2019de yap\u0131lacak T\u00dcREK 2016 kongresine \u00e7evrildi. \u201cR\u00fczgarla Daha G\u00fc\u00e7l\u00fc T\u00fcrkiye\u201d temas\u0131yla d\u00fczenlenecek kongrede sekt\u00f6r\u00fcn son durumu, gelecekteki yat\u0131r\u0131mlar, yurtd\u0131\u015f\u0131 geli\u015fmeler de\u011ferlendirilecek ve sekt\u00f6r\u00fcn sorunlar\u0131na \u00e7\u00f6z\u00fcm aranacak.<\/strong><\/p>\n<p>Etkinlikten bir g\u00fcn \u00f6nce \u00f6zel bir ak\u015fam yeme\u011finde bulu\u015facak olan davetliler, piyasa ve d\u00fczenlemeye y\u00f6nelik stratejik konular\u0131 konu\u015facak. Enerji ve Tabi Kaynaklar Bakanl\u0131\u011f\u0131, TBMM Enerji Komisyonu, TBMM \u00c7evre Komisyonu, EPDK, Ba\u015fbakanl\u0131k <a href=\"https:\/\/www.enerjigazetesi.ist\/wp-content\/uploads\/2016\/10\/ruzgar-kongresi-icin-artik-geri-sayim-zamani.jpg\"><img loading=\"lazy\" class=\"alignright size-medium wp-image-58280\" src=\"https:\/\/www.enerjigazetesi.ist\/wp-content\/uploads\/2016\/10\/ruzgar-kongresi-icin-artik-geri-sayim-zamani-300x225.jpg\" alt=\"ruzgar-kongresi-icin-artik-geri-sayim-zamani\" width=\"300\" height=\"225\" srcset=\"https:\/\/www.enerjigazetesi.ist\/wp-content\/uploads\/2016\/10\/ruzgar-kongresi-icin-artik-geri-sayim-zamani-300x225.jpg 300w, https:\/\/www.enerjigazetesi.ist\/wp-content\/uploads\/2016\/10\/ruzgar-kongresi-icin-artik-geri-sayim-zamani-1024x770.jpg 1024w, https:\/\/www.enerjigazetesi.ist\/wp-content\/uploads\/2016\/10\/ruzgar-kongresi-icin-artik-geri-sayim-zamani-500x376.jpg 500w, https:\/\/www.enerjigazetesi.ist\/wp-content\/uploads\/2016\/10\/ruzgar-kongresi-icin-artik-geri-sayim-zamani-66x50.jpg 66w, https:\/\/www.enerjigazetesi.ist\/wp-content\/uploads\/2016\/10\/ruzgar-kongresi-icin-artik-geri-sayim-zamani.jpg 1300w\" sizes=\"(max-width: 300px) 100vw, 300px\" \/><\/a>Yat\u0131r\u0131m ve Tan\u0131t\u0131m Destekleme Ajans\u0131, Enerji \u0130\u015fleri Genel M\u00fcd\u00fcrl\u00fc\u011f\u00fc, Yenilenebilir Enerji Genel M\u00fcd\u00fcrl\u00fc\u011f\u00fc, Teia\u015f, WindEurope, GWEC gibi kurumlar ile sekt\u00f6r temsilcilerinin davet edildi\u011fi yemek Ankara Palas\u2019ta yap\u0131lacak.<\/p>\n<p>Bu y\u0131l be\u015fincisi d\u00fczenlenen kongrede ev sahibi olan T\u00dcREB Ba\u015fkan\u0131 Mustafa Serdar Ataseven\u2019in ard\u0131ndan, EPDK Ba\u015fkan\u0131 Mustafa Y\u0131lmaz, Enerji ve Tabi Kaynaklar Bakanl\u0131\u011f\u0131 M\u00fcste\u015far\u0131 Fatih D\u00f6nmez, TBMM \u00c7evre Komisyonu \u00fcyesi Nevzat Ceylan, TBMM Enerji Komisyonu Ba\u015fkan\u0131 Ziya Altunyald\u0131z a\u00e7\u0131l\u0131\u015f konu\u015fmalar\u0131nda yer alacak.<\/p>\n<p>Kongrenin ilk oturumunda ise K\u00fcresel R\u00fczgar Enerjisi Konseyi (GWEC) Ba\u015fkan\u0131, Avrupa R\u00fczgar Enerjisi Birli\u011fi (WindEurope) CEO\u2019su, Danimarka R\u00fczgar T\u00fcrbini Sahipleri Derne\u011fi CEO\u2019su Christian Kjaer ile T\u00fcrkiye\u2019den bir \u00f6zel sekt\u00f6r temsilcisi \u201cD\u00fcnyada ve T\u00fcrkiye\u2019de R\u00fczgar Enerjisi Nereye Gidiyor\u201d sorusuna cevap arayacak.<\/p>\n<p>R\u00fczgar enerjisi end\u00fcstrisi, h\u00fck\u00fcmet politikalar\u0131, finans ve proje geli\u015ftirme gibi sekt\u00f6r\u00fcn g\u00fcndemini belirleyen konular\u0131n ele al\u0131naca\u011f\u0131 kongrede, en dikkat \u00e7ekici ba\u015fl\u0131klar\u0131n \u2018\u0130ran \u00f6zel oturumu\u2019 ve \u2018R\u00fczgar Enerjisi Master Plan \u00e7al\u0131\u015fmas\u0131\u2019 oldu\u011funa de\u011finen T\u00dcREB Y\u00f6netim Kurulu Ba\u015fkan\u0131 Mustafa Serdar Ataseven, Enerji ve Tabi Kaynaklar Bakanl\u0131\u011f\u0131 M\u00fcste\u015far\u0131 Say\u0131n Fatih D\u00f6nmez\u2019in kendilerinden talep etti\u011fi r\u00fczgar yol haritas\u0131n\u0131 (master plan) \u00f6zenle haz\u0131rlad\u0131klar\u0131n\u0131 ve r\u00fczgar sekt\u00f6r\u00fcn\u00fcn gelece\u011fine \u0131\u015f\u0131k tutacak bu \u00e7al\u0131\u015fmay\u0131 payla\u015fmak i\u00e7in heyecan duyduklar\u0131n\u0131 belirtti.<\/p>\n<p>R\u00fczgar sekt\u00f6r\u00fcn\u00fcn sorunlar\u0131na \u00e7\u00f6z\u00fcm bulmak ve ortak kararlar alarak ilerlemek i\u00e7in bu kongrelerin \u00f6nemli oldu\u011funun alt\u0131n\u0131 \u00e7izen Ataseven, Yenilenebilir Enerji Kaynak alanlar\u0131n\u0131n (YEKA) r\u00fczgar sekt\u00f6r\u00fcne etkileri, 5.000 MW\u2019l\u0131k kapasitenin sekt\u00f6re etkisi, Yekdem gibi konular\u0131n da olduk\u00e7a ilgi \u00e7ekece\u011fini beklediklerini ifade etti.<\/p>\n<p>Ankara\u2019da yap\u0131lacak T\u00dcREK 2016 kongresine <strong>\u00fccretsiz kat\u0131l\u0131m<\/strong> ve <strong>detayl\u0131 bilgi i\u00e7in<\/strong> <a href=\"http:\/\/www.tureb.com.tr\/\">www.tureb.com.tr<\/a><\/p>\n<p>Kaynak: B\u00fcltenler<\/p>","protected":false},"excerpt":{"rendered":"<p>Sorry, this entry is only available in Turkish. For the sake of viewer convenience, the content is shown below in the alternative language. You may click the link to switch the active language.T\u00fcrkiye R\u00fczgar Enerjisi Birli\u011fi (T\u00dcREB) taraf\u0131ndan organize edilen R\u00fczgar Enerjisi Kongresi i\u00e7in geri say\u0131m ba\u015flad\u0131. R\u00fczgar oyuncular\u0131n\u0131n g\u00f6z\u00fc, 2-3 Kas\u0131m tarihlerinde Ankara JW [&hellip;]<\/p>\n","protected":false},"author":1,"featured_media":58280,"comment_status":"open","ping_status":"open","sticky":false,"template":"","format":"standard","meta":[],"categories":[53,50],"tags":[63,67,1009,2698,165,69,16,23318,22615,4784,1682,3390],"views":652,"_links":{"self":[{"href":"https:\/\/www.enerjigazetesi.ist\/en\/wp-json\/wp\/v2\/posts\/58279"}],"collection":[{"href":"https:\/\/www.enerjigazetesi.ist\/en\/wp-json\/wp\/v2\/posts"}],"about":[{"href":"https:\/\/www.enerjigazetesi.ist\/en\/wp-json\/wp\/v2\/types\/post"}],"author":[{"embeddable":true,"href":"https:\/\/www.enerjigazetesi.ist\/en\/wp-json\/wp\/v2\/users\/1"}],"replies":[{"embeddable":true,"href":"https:\/\/www.enerjigazetesi.ist\/en\/wp-json\/wp\/v2\/comments?post=58279"}],"version-history":[{"count":1,"href":"https:\/\/www.enerjigazetesi.ist\/en\/wp-json\/wp\/v2\/posts\/58279\/revisions"}],"predecessor-version":[{"id":58281,"href":"https:\/\/www.enerjigazetesi.ist\/en\/wp-json\/wp\/v2\/posts\/58279\/revisions\/58281"}],"wp:featuredmedia":[{"embeddable":true,"href":"https:\/\/www.enerjigazetesi.ist\/en\/wp-json\/wp\/v2\/media\/58280"}],"wp:attachment":[{"href":"https:\/\/www.enerjigazetesi.ist\/en\/wp-json\/wp\/v2\/media?parent=58279"}],"wp:term":[{"taxonomy":"category","embeddable":true,"href":"https:\/\/www.enerjigazetesi.ist\/en\/wp-json\/wp\/v2\/categories?post=58279"},{"taxonomy":"post_tag","embeddable":true,"href":"https:\/\/www.enerjigazetesi.ist\/en\/wp-json\/wp\/v2\/tags?post=58279"}],"curies":[{"name":"wp","href":"https:\/\/api.w.org\/{rel}","templated":true}]}}