{"id":58218,"date":"2016-10-16T19:58:35","date_gmt":"2016-10-16T19:58:35","guid":{"rendered":"https:\/\/www.enerjigazetesi.ist\/?p=58218"},"modified":"2016-10-16T19:58:35","modified_gmt":"2016-10-16T19:58:35","slug":"new-yorkun-gunes-hedefini-1-gwa-yukseltti","status":"publish","type":"post","link":"https:\/\/www.enerjigazetesi.ist\/en\/new-yorkun-gunes-hedefini-1-gwa-yukseltti\/","title":{"rendered":"(Turkish) New York&#8217;un G\u00fcne\u015f Hedefini 1 GW\u2019a Y\u00fckseltti&#8230;"},"content":{"rendered":"<p class=\"qtranxs-available-languages-message qtranxs-available-languages-message-en\">Sorry, this entry is only available in <a href=\"https:\/\/www.enerjigazetesi.ist\/tr\/wp-json\/wp\/v2\/posts\/58218\" class=\"qtranxs-available-language-link qtranxs-available-language-link-tr\" title=\"Turkish\">Turkish<\/a>. For the sake of viewer convenience, the content is shown below in the alternative language. You may click the link to switch the active language.<\/p><p><\/p>\n<p style=\"color: #222222;\"><strong>ABD\u2019nin New York eyaleti valisi Bill de Blasio New York \u015fehrinin g\u00fcne\u015f enerjisi hedeflerinin y\u00fckseltildi\u011fini ayr\u0131ca enerji depolama alan\u0131nda yeni bir hedef getirildi\u011fini a\u00e7\u0131klad\u0131.<\/strong><\/p>\n<p style=\"color: #222222;\">Vali de Blasio New York\u2019ta ge\u00e7en hafta d\u00fczenlenen \u2018\u2019\u0130klim Haftas\u0131\u2019\u2019 kapsam\u0131nda yapt\u0131\u011f\u0131 konu\u015fmada g\u00fcne\u015f enerjisi kurulu g\u00fc\u00e7 hedefinin 2030 i\u00e7in 1.000 MW olarak belirlendi\u011fini a\u00e7\u0131klad\u0131.<\/p>\n<p style=\"color: #222222;\"><a href=\"https:\/\/www.enerjigazetesi.ist\/wp-content\/uploads\/2016\/10\/new-yorkun-gunes-hedefini-1-gwa-yukseltti.jpg\"><img loading=\"lazy\" class=\"alignleft size-medium wp-image-58219\" src=\"https:\/\/www.enerjigazetesi.ist\/wp-content\/uploads\/2016\/10\/new-yorkun-gunes-hedefini-1-gwa-yukseltti-300x150.jpg\" alt=\"new-yorkun-gunes-hedefini-1-gwa-yukseltti\" width=\"300\" height=\"150\" srcset=\"https:\/\/www.enerjigazetesi.ist\/wp-content\/uploads\/2016\/10\/new-yorkun-gunes-hedefini-1-gwa-yukseltti-300x150.jpg 300w, https:\/\/www.enerjigazetesi.ist\/wp-content\/uploads\/2016\/10\/new-yorkun-gunes-hedefini-1-gwa-yukseltti-500x250.jpg 500w, https:\/\/www.enerjigazetesi.ist\/wp-content\/uploads\/2016\/10\/new-yorkun-gunes-hedefini-1-gwa-yukseltti-80x40.jpg 80w, https:\/\/www.enerjigazetesi.ist\/wp-content\/uploads\/2016\/10\/new-yorkun-gunes-hedefini-1-gwa-yukseltti.jpg 640w\" sizes=\"(max-width: 300px) 100vw, 300px\" \/><\/a>Eyalet y\u00f6netiminin mevcut hedefi, 2025\u2019te 100 MW\u2019\u0131 kamu binalar\u0131nda, 250 MW\u2019\u0131 ise \u00f6zel sekt\u00f6r binalar\u0131 ve konutlarda olmak \u00fczere 350 MW\u2019l\u0131k kurulu g\u00fcce ula\u015fmakt\u0131.<\/p>\n<p style=\"color: #222222;\">New York eyaletinin enerji alan\u0131nda getirdi\u011fi di\u011fer hedef ise 2020\u2019de enerji depolamada 100 MWh kapasiteye ula\u015fmak oldu.<\/p>\n<p style=\"color: #222222;\">Bill de Blasio bu kapasitenin g\u00fcne\u015f ile birlikte r\u00fczgar gibi yenilenebilir enerji kaynaklar\u0131ndan \u00fcretilecek elektri\u011fin depolanmas\u0131na imkan sa\u011flayaca\u011f\u0131n\u0131, b\u00f6ylelikle \u015fehir \u015febekesini elektrik kesintilerine kar\u015f\u0131 g\u00fc\u00e7lendirebilece\u011fini\u00a0belirtti.<\/p>\n<p style=\"color: #222222;\">New York Valisi g\u00f6reve geldi\u011fi 1 Ocak 2014\u2019ten beri \u015fehrin g\u00fcne\u015f elektri\u011fi g\u00fcc\u00fcn\u00fcn 25 MW\u2019dan 96 MW\u2019a y\u00fckseldi\u011fini de s\u00f6ylerken, \u015fehir y\u00f6netiminin bu y\u0131l 3 binden fazla kurulum i\u00e7in izin verece\u011fini, \u015fehirdeki toplam kurulumlar\u0131n 8 bini a\u015faca\u011f\u0131 bilgisini verdi.<\/p>\n<p style=\"color: #222222;\">Bununla birlikte New York \u015fehrinin sera gaz\u0131 emisyonlar\u0131n\u0131 2050\u2019de 2005 y\u0131l\u0131 seviyesinin y\u00fczde 80 alt\u0131na d\u00fc\u015f\u00fcrme hedefi de bulunmaktad\u0131r.<\/p>\n<p style=\"color: #222222;\">Kaynak: <a href=\"http:\/\/solar.ist\/new-york-gunes-hedefini-1-gwa-cikardi\/\" target=\"_blank\" rel=\"nofollow\">Solar.ist<\/a><\/p>\n<p><\/p>","protected":false},"excerpt":{"rendered":"<p>Sorry, this entry is only available in Turkish. For the sake of viewer convenience, the content is shown below in the alternative language. You may click the link to switch the active language. ABD\u2019nin New York eyaleti valisi Bill de Blasio New York \u015fehrinin g\u00fcne\u015f enerjisi hedeflerinin y\u00fckseltildi\u011fini ayr\u0131ca enerji depolama alan\u0131nda yeni bir hedef [&hellip;]<\/p>\n","protected":false},"author":1,"featured_media":58219,"comment_status":"open","ping_status":"open","sticky":false,"template":"","format":"standard","meta":[],"categories":[53,49],"tags":[63,2258,67,1009,2698,165,227,13,23133,22975,4269,4768],"views":624,"_links":{"self":[{"href":"https:\/\/www.enerjigazetesi.ist\/en\/wp-json\/wp\/v2\/posts\/58218"}],"collection":[{"href":"https:\/\/www.enerjigazetesi.ist\/en\/wp-json\/wp\/v2\/posts"}],"about":[{"href":"https:\/\/www.enerjigazetesi.ist\/en\/wp-json\/wp\/v2\/types\/post"}],"author":[{"embeddable":true,"href":"https:\/\/www.enerjigazetesi.ist\/en\/wp-json\/wp\/v2\/users\/1"}],"replies":[{"embeddable":true,"href":"https:\/\/www.enerjigazetesi.ist\/en\/wp-json\/wp\/v2\/comments?post=58218"}],"version-history":[{"count":1,"href":"https:\/\/www.enerjigazetesi.ist\/en\/wp-json\/wp\/v2\/posts\/58218\/revisions"}],"predecessor-version":[{"id":58220,"href":"https:\/\/www.enerjigazetesi.ist\/en\/wp-json\/wp\/v2\/posts\/58218\/revisions\/58220"}],"wp:featuredmedia":[{"embeddable":true,"href":"https:\/\/www.enerjigazetesi.ist\/en\/wp-json\/wp\/v2\/media\/58219"}],"wp:attachment":[{"href":"https:\/\/www.enerjigazetesi.ist\/en\/wp-json\/wp\/v2\/media?parent=58218"}],"wp:term":[{"taxonomy":"category","embeddable":true,"href":"https:\/\/www.enerjigazetesi.ist\/en\/wp-json\/wp\/v2\/categories?post=58218"},{"taxonomy":"post_tag","embeddable":true,"href":"https:\/\/www.enerjigazetesi.ist\/en\/wp-json\/wp\/v2\/tags?post=58218"}],"curies":[{"name":"wp","href":"https:\/\/api.w.org\/{rel}","templated":true}]}}