{"id":58171,"date":"2016-10-14T12:52:00","date_gmt":"2016-10-14T09:52:00","guid":{"rendered":"https:\/\/www.enerjigazetesi.ist\/?p=58171"},"modified":"2016-10-14T13:31:31","modified_gmt":"2016-10-14T10:31:31","slug":"enerji-bakanlarinin-gundemi-akdenizden-turkiyeye-baglanacak-israil-gazi-oldu","status":"publish","type":"post","link":"https:\/\/www.enerjigazetesi.ist\/en\/enerji-bakanlarinin-gundemi-akdenizden-turkiyeye-baglanacak-israil-gazi-oldu\/","title":{"rendered":"(Turkish) Enerji Bakanlar\u0131n\u0131n G\u00fcndemi Akdeniz\u2019den T\u00fcrkiye\u2019ye Ba\u011flanacak \u0130srail Gaz\u0131yd\u0131!"},"content":{"rendered":"<p class=\"qtranxs-available-languages-message qtranxs-available-languages-message-en\">Sorry, this entry is only available in <a href=\"https:\/\/www.enerjigazetesi.ist\/tr\/wp-json\/wp\/v2\/posts\/58171\" class=\"qtranxs-available-language-link qtranxs-available-language-link-tr\" title=\"Turkish\">Turkish<\/a>. For the sake of viewer convenience, the content is shown below in the alternative language. You may click the link to switch the active language.<\/p><p><\/p>\n<p class=\"selectionShareable\" style=\"color: #0a0a0a;\"><strong>Alt\u0131 y\u0131l aradan sonra \u0130srail\u2019den bakan d\u00fczeyinde ilk ziyaret d\u00fcn\u00a0ger\u00e7ekle\u015fti. 23. D\u00fcnya Enerji Kongresi\u2019ne kat\u0131lan\u00a0\u0130srail Enerji Bakan\u0131 Yuval Steinitz\u2019in g\u00fcndemi, Akdeniz\u2019den T\u00fcrkiye\u2019ye ba\u011flanacak \u0130srail gaz\u0131 oldu.<\/strong><span id=\"more-84368\"><\/span><\/p>\n<p class=\"selectionShareable\" style=\"color: #0a0a0a;\">\u0130srail gaz\u0131 Akdeniz a\u00e7\u0131klar\u0131na yap\u0131lacak boru hatt\u0131 \u00fczerinden Karaman\u2019dan Mersin\u2019e uzanan ana do\u011falgaz hatt\u0131na ba\u011flanacak ve buradan G\u00fcney Avrupa\u2019ya ula\u015ft\u0131r\u0131lacakt\u0131r. Hatt\u0131n T\u00fcrkiye\u2019ye getirece\u011fi kazan\u00e7lar da \u00f6ne \u00e7\u0131kmaktad\u0131r. Do\u011falgaz ucuzlayacak, kaynak <a href=\"https:\/\/www.enerjigazetesi.ist\/wp-content\/uploads\/2015\/06\/israil-dogalgazini-ihrac-etmek-istiyor.jpg\"><img loading=\"lazy\" class=\"alignright size-medium wp-image-39849\" src=\"https:\/\/www.enerjigazetesi.ist\/wp-content\/uploads\/2015\/06\/israil-dogalgazini-ihrac-etmek-istiyor-300x163.jpg\" alt=\"israil-dogalgazi\" width=\"300\" height=\"163\" srcset=\"https:\/\/www.enerjigazetesi.ist\/wp-content\/uploads\/2015\/06\/israil-dogalgazini-ihrac-etmek-istiyor-300x163.jpg 300w, https:\/\/www.enerjigazetesi.ist\/wp-content\/uploads\/2015\/06\/israil-dogalgazini-ihrac-etmek-istiyor-500x272.jpg 500w, https:\/\/www.enerjigazetesi.ist\/wp-content\/uploads\/2015\/06\/israil-dogalgazini-ihrac-etmek-istiyor-80x43.jpg 80w, https:\/\/www.enerjigazetesi.ist\/wp-content\/uploads\/2015\/06\/israil-dogalgazini-ihrac-etmek-istiyor.jpg 870w\" sizes=\"(max-width: 300px) 100vw, 300px\" \/><\/a>\u00e7e\u015fitlili\u011fi ile enerji arz g\u00fcvenli\u011finin sa\u011flanmas\u0131na katk\u0131 sunacak, \u00f6nemli bir gelir kap\u0131s\u0131 olacakt\u0131r. T\u00fcrkiye, ucuz enerjiye kavu\u015facakt\u0131r. Rus gaz\u0131n\u0131 Avrupa\u2019ya ula\u015ft\u0131racak T\u00fcrk Ak\u0131m\u0131 projesinin d\u00f6rt hattan iki hata d\u00fc\u015f\u00fcr\u00fclmesi, \u0130srail ile anla\u015fma do\u011frultusunda ger\u00e7ekle\u015ftirilen bir revizyon olarak de\u011ferlendirilmektedir.<\/p>\n<p class=\"selectionShareable\" style=\"color: #0a0a0a;\">Enerji ve Tabii Kaynaklar Bakan\u0131 Berat Albayrak, Steinitz ile g\u00f6r\u00fc\u015ft\u00fc. G\u00f6r\u00fc\u015fmenin ana g\u00fcndemini ise \u0130srail gaz\u0131n\u0131 Avrupa\u2019ya ula\u015ft\u0131racak boru hatt\u0131 yap\u0131m\u0131 oldu. Anla\u015fmayla birlikte bir yandan Akdeniz alt\u0131na boru hatt\u0131 d\u00f6\u015fenirken T\u00fcrkiye de gaz\u0131 G\u00fcney Avrupa\u2019ya ula\u015ft\u0131racak hatt\u0131n devam\u0131n\u0131 yapacakt\u0131r. Hatt\u0131n \u00e7al\u0131\u015fmalar\u0131 kesintiye u\u011framazsa Akdeniz gaz\u0131n\u0131n 2018 Mart\u2019\u0131nda T\u00fcrkiye\u2019ye ula\u015fmas\u0131 beklenmektedir. T\u00fcrkiye, \u0130srail gaz\u0131n\u0131n ta\u015f\u0131nmas\u0131 i\u00e7in en iyi ve en uygulanabilir g\u00fczergah olarak g\u00f6sterilirken, iki \u00fclke aras\u0131nda kriz s\u00fcrd\u00fc\u011f\u00fc s\u0131rada hatt\u0131n fizibilite \u00e7al\u0131\u015fmalar\u0131 \u00f6zel sekt\u00f6r taraf\u0131ndan tamamlanm\u0131\u015ft\u0131r. \u0130srail do\u011falgaz boru hatt\u0131 yap\u0131m\u0131na talip \u015firketler olarak ise Zorlu, Enerjisa ve Turcas\u00a0en ba\u015fta gelmektedir.<\/p>\n<p><\/p>","protected":false},"excerpt":{"rendered":"<p>Sorry, this entry is only available in Turkish. For the sake of viewer convenience, the content is shown below in the alternative language. You may click the link to switch the active language. Alt\u0131 y\u0131l aradan sonra \u0130srail\u2019den bakan d\u00fczeyinde ilk ziyaret d\u00fcn\u00a0ger\u00e7ekle\u015fti. 23. D\u00fcnya Enerji Kongresi\u2019ne kat\u0131lan\u00a0\u0130srail Enerji Bakan\u0131 Yuval Steinitz\u2019in g\u00fcndemi, Akdeniz\u2019den T\u00fcrkiye\u2019ye [&hellip;]<\/p>\n","protected":false},"author":1,"featured_media":22725,"comment_status":"open","ping_status":"open","sticky":false,"template":"","format":"standard","meta":[],"categories":[46,53],"tags":[92,876,226,19761,2092,2677,63,67,1009,2698,165,254,9236,27311,4143,846,27312],"views":543,"_links":{"self":[{"href":"https:\/\/www.enerjigazetesi.ist\/en\/wp-json\/wp\/v2\/posts\/58171"}],"collection":[{"href":"https:\/\/www.enerjigazetesi.ist\/en\/wp-json\/wp\/v2\/posts"}],"about":[{"href":"https:\/\/www.enerjigazetesi.ist\/en\/wp-json\/wp\/v2\/types\/post"}],"author":[{"embeddable":true,"href":"https:\/\/www.enerjigazetesi.ist\/en\/wp-json\/wp\/v2\/users\/1"}],"replies":[{"embeddable":true,"href":"https:\/\/www.enerjigazetesi.ist\/en\/wp-json\/wp\/v2\/comments?post=58171"}],"version-history":[{"count":4,"href":"https:\/\/www.enerjigazetesi.ist\/en\/wp-json\/wp\/v2\/posts\/58171\/revisions"}],"predecessor-version":[{"id":58179,"href":"https:\/\/www.enerjigazetesi.ist\/en\/wp-json\/wp\/v2\/posts\/58171\/revisions\/58179"}],"wp:featuredmedia":[{"embeddable":true,"href":"https:\/\/www.enerjigazetesi.ist\/en\/wp-json\/wp\/v2\/media\/22725"}],"wp:attachment":[{"href":"https:\/\/www.enerjigazetesi.ist\/en\/wp-json\/wp\/v2\/media?parent=58171"}],"wp:term":[{"taxonomy":"category","embeddable":true,"href":"https:\/\/www.enerjigazetesi.ist\/en\/wp-json\/wp\/v2\/categories?post=58171"},{"taxonomy":"post_tag","embeddable":true,"href":"https:\/\/www.enerjigazetesi.ist\/en\/wp-json\/wp\/v2\/tags?post=58171"}],"curies":[{"name":"wp","href":"https:\/\/api.w.org\/{rel}","templated":true}]}}