{"id":58101,"date":"2016-10-12T13:08:46","date_gmt":"2016-10-12T10:08:46","guid":{"rendered":"https:\/\/www.enerjigazetesi.ist\/?p=58101"},"modified":"2016-10-12T13:10:14","modified_gmt":"2016-10-12T10:10:14","slug":"turkiyede-ozellestirmelerle-enerji-sektorunde-70-milyar-dolarlik-yatirim","status":"publish","type":"post","link":"https:\/\/www.enerjigazetesi.ist\/en\/turkiyede-ozellestirmelerle-enerji-sektorunde-70-milyar-dolarlik-yatirim\/","title":{"rendered":"(Turkish) T\u00fcrkiye\u2019de \u00d6zelle\u015ftirmelerle Enerji Sekt\u00f6r\u00fcnde 70 Milyar Dolarl\u0131k Yat\u0131r\u0131m&#8230;"},"content":{"rendered":"<p class=\"qtranxs-available-languages-message qtranxs-available-languages-message-en\">Sorry, this entry is only available in <a href=\"https:\/\/www.enerjigazetesi.ist\/tr\/wp-json\/wp\/v2\/posts\/58101\" class=\"qtranxs-available-language-link qtranxs-available-language-link-tr\" title=\"Turkish\">Turkish<\/a>. For the sake of viewer convenience, the content is shown below in the alternative language. You may click the link to switch the active language.<\/p><p><strong>Sabanc\u0131 Holding Enerji Grup Ba\u015fkan\u0131 ve Enerjisa Y\u00f6netim Kurulu Ba\u015fkan\u0131 Mehmet G\u00f6\u00e7men, enerjide da\u011f\u0131t\u0131m ve perakendenin \u00f6zelle\u015ftirilmesinden bug\u00fcne, sekt\u00f6re toplam 70 milyar dolarl\u0131k yat\u0131r\u0131m yap\u0131ld\u0131\u011f\u0131n\u0131\u00a0belirtti.<img loading=\"lazy\" class=\"alignright size-medium wp-image-58102\" src=\"https:\/\/www.enerjigazetesi.ist\/wp-content\/uploads\/2016\/10\/turkiyede-ozellestirmelerle-enerji-sektorunde-70-milyar-dolarlik-yatirim-300x190.jpg\" alt=\"turkiyede-ozellestirmelerle-enerji-sektorunde-70-milyar-dolarlik-yatirim\" width=\"300\" height=\"190\" srcset=\"https:\/\/www.enerjigazetesi.ist\/wp-content\/uploads\/2016\/10\/turkiyede-ozellestirmelerle-enerji-sektorunde-70-milyar-dolarlik-yatirim-300x190.jpg 300w, https:\/\/www.enerjigazetesi.ist\/wp-content\/uploads\/2016\/10\/turkiyede-ozellestirmelerle-enerji-sektorunde-70-milyar-dolarlik-yatirim-1024x650.jpg 1024w, https:\/\/www.enerjigazetesi.ist\/wp-content\/uploads\/2016\/10\/turkiyede-ozellestirmelerle-enerji-sektorunde-70-milyar-dolarlik-yatirim-500x317.jpg 500w, https:\/\/www.enerjigazetesi.ist\/wp-content\/uploads\/2016\/10\/turkiyede-ozellestirmelerle-enerji-sektorunde-70-milyar-dolarlik-yatirim-80x50.jpg 80w, https:\/\/www.enerjigazetesi.ist\/wp-content\/uploads\/2016\/10\/turkiyede-ozellestirmelerle-enerji-sektorunde-70-milyar-dolarlik-yatirim.jpg 1600w\" sizes=\"(max-width: 300px) 100vw, 300px\" \/><\/strong><\/p>\n<p><strong>Sabanc\u0131 Holding Enerji Grup Ba\u015fkan\u0131 ve Enerjisa Y\u00f6netim Kurulu Ba\u015fkan\u0131 Mehmet G\u00f6\u00e7men, <\/strong>T\u00fcrkiye\u2019de \u00f6zelle\u015ftirme s\u00fcrecinin ba\u015flad\u0131\u011f\u0131 tarihten itibaren enerji da\u011f\u0131t\u0131m ve perakende \u015firketlerinin sekt\u00f6re yapt\u0131\u011f\u0131 yat\u0131r\u0131m\u0131n 70 milyar dolar\u0131 buldu\u011funu s\u00f6yledi. D\u00fcnya Enerji Kongresi\u2019nde (WEC) <strong>\u201cEnerji sekt\u00f6r\u00fc reformu: Rekabet ve f\u0131rsatlar\u201d<\/strong> konulu oturumda konu\u015fan G\u00f6\u00e7men, \u201cSabanc\u0131 Holding ve E.ON ortakl\u0131\u011f\u0131ndaki Enerjisa olarak T\u00fcrkiye\u2019nin en b\u00fcy\u00fck \u00f6zel sekt\u00f6r oyuncusuyuz. Bu yolculuk, bizim i\u00e7in 2007\u2019de ba\u015flad\u0131. Bu s\u00fcre i\u00e7inde 11 milyar dolarl\u0131k yat\u0131r\u0131m yapt\u0131k. Bunun y\u00fczde 60\u2019\u0131 \u00fcretime harcand\u0131. 5 milyar dolar gibi bir k\u0131sm\u0131n\u0131 ise da\u011f\u0131t\u0131m \u015febekesi ve perakendeye ay\u0131rd\u0131k\u201d\u00a0ifadelerine yer verdi.<\/p>\n<p><strong>\u2018DEVLETLE EL ELEY\u0130Z\u2019<\/strong><\/p>\n<p>G\u00f6\u00e7men \u015f\u00f6yle devam etti: \u201cKohabitasyon diye bir tan\u0131m var; \u2018beraber ya\u015famak\u2019 kavram\u0131 i\u00e7in kullan\u0131l\u0131yor. Biz T\u00fcrkiye\u2019de devletle bu \u015fekilde ya\u015f\u0131yoruz; el ele vermi\u015f durumday\u0131z. \u00c7\u00fcnk\u00fc fiyatland\u0131rmadan devlet sorumlu ve varl\u0131\u011f\u0131 \u00e7ok g\u00fc\u00e7l\u00fc. Burada serbestle\u015fme ad\u0131na yap\u0131lacak \u00e7ok \u015fey var. Serbest kullan\u0131c\u0131 limitinin d\u00fc\u015f\u00fcr\u00fclmesi gerekiyor. Fiyatlar\u0131 d\u00fc\u015f\u00fcrmek ise bir yere kadar. \u00c7\u00fcnk\u00fc o zaman da kimse yat\u0131r\u0131m yapm\u0131yor. Burada denge tutturmak yani s\u00fcrd\u00fcr\u00fclebilir olmak gerekiyor.\u201d<\/p>\n<p>T\u00fcrkiye\u2019de end\u00fcstrinin \u00e7ok par\u00e7al\u0131 oldu\u011funun da alt\u0131n\u0131 \u00e7izen G\u00f6\u00e7men, Enerjisa\u2019n\u0131n elektrikte en b\u00fcy\u00fck \u00fcretim \u015firketi oldu\u011funu, ancak \u00fcretimin toplam i\u00e7indeki pay\u0131n\u0131n y\u00fczde 5\u2019i ge\u00e7medi\u011fini belirtti. \u00dcretimin y\u00fczde 50\u2019den fazlas\u0131n\u0131 devletin yapt\u0131\u011f\u0131n\u0131 dile getiren G\u00f6\u00e7men, perakende de ise 100\u2019lerce oyuncu oldu\u011funu\u00a0s\u00f6yledi.<\/p>\n<p><strong>T\u00dcRK\u0130YE\u2019N\u0130N POTANS\u0130YEL\u0130 \u00c7OK B\u00dcY\u00dcK<\/strong><\/p>\n<p>T\u00fcrkiye\u2019nin d\u0131\u015f ticaret a\u00e7\u0131\u011f\u0131, verim eksikli\u011fi gibi sorunlar\u0131n\u0131n oldu\u011funu ifade eden G\u00f6\u00e7men, \u015funlar\u0131 s\u00f6yledi: \u201cFosil yak\u0131tlara hala \u00e7ok ba\u011f\u0131ml\u0131y\u0131z; ithal ediyoruz. Bunlar\u0131 gidermemiz gerekiyor. Bu s\u00fcre\u00e7te \u00f6zel sekt\u00f6r\u00fcn de ayakta kalmas\u0131 ve yat\u0131r\u0131mlar\u0131n devaml\u0131l\u0131\u011f\u0131 elzem. Ancak \u015funu da unutmamak gerekir; T\u00fcrkiye\u2019nin hala \u00e7ok b\u00fcy\u00fck bir potansiyeli var. T\u00fcrkiye&#8217;nin enerji verimlili\u011fi ile kazanabilecekleri \u00e7ok \u00f6nemli. Talep taraf\u0131na yapaca\u011f\u0131m\u0131z yat\u0131r\u0131m, arz taraf\u0131na yapaca\u011f\u0131m\u0131z yat\u0131r\u0131m kadar de\u011ferlidir. Enerjiyi \u00fcretimden t\u00fcketime her alanda verimli kullanmal\u0131y\u0131z.\u201d<\/p>","protected":false},"excerpt":{"rendered":"<p>Sorry, this entry is only available in Turkish. For the sake of viewer convenience, the content is shown below in the alternative language. You may click the link to switch the active language.Sabanc\u0131 Holding Enerji Grup Ba\u015fkan\u0131 ve Enerjisa Y\u00f6netim Kurulu Ba\u015fkan\u0131 Mehmet G\u00f6\u00e7men, enerjide da\u011f\u0131t\u0131m ve perakendenin \u00f6zelle\u015ftirilmesinden bug\u00fcne, sekt\u00f6re toplam 70 milyar dolarl\u0131k [&hellip;]<\/p>\n","protected":false},"author":1,"featured_media":58102,"comment_status":"open","ping_status":"open","sticky":false,"template":"","format":"standard","meta":[],"categories":[51,53],"tags":[1145,1266,63,67,1009,2698,165,422,15930,1248,8773,1146],"views":572,"_links":{"self":[{"href":"https:\/\/www.enerjigazetesi.ist\/en\/wp-json\/wp\/v2\/posts\/58101"}],"collection":[{"href":"https:\/\/www.enerjigazetesi.ist\/en\/wp-json\/wp\/v2\/posts"}],"about":[{"href":"https:\/\/www.enerjigazetesi.ist\/en\/wp-json\/wp\/v2\/types\/post"}],"author":[{"embeddable":true,"href":"https:\/\/www.enerjigazetesi.ist\/en\/wp-json\/wp\/v2\/users\/1"}],"replies":[{"embeddable":true,"href":"https:\/\/www.enerjigazetesi.ist\/en\/wp-json\/wp\/v2\/comments?post=58101"}],"version-history":[{"count":3,"href":"https:\/\/www.enerjigazetesi.ist\/en\/wp-json\/wp\/v2\/posts\/58101\/revisions"}],"predecessor-version":[{"id":58105,"href":"https:\/\/www.enerjigazetesi.ist\/en\/wp-json\/wp\/v2\/posts\/58101\/revisions\/58105"}],"wp:featuredmedia":[{"embeddable":true,"href":"https:\/\/www.enerjigazetesi.ist\/en\/wp-json\/wp\/v2\/media\/58102"}],"wp:attachment":[{"href":"https:\/\/www.enerjigazetesi.ist\/en\/wp-json\/wp\/v2\/media?parent=58101"}],"wp:term":[{"taxonomy":"category","embeddable":true,"href":"https:\/\/www.enerjigazetesi.ist\/en\/wp-json\/wp\/v2\/categories?post=58101"},{"taxonomy":"post_tag","embeddable":true,"href":"https:\/\/www.enerjigazetesi.ist\/en\/wp-json\/wp\/v2\/tags?post=58101"}],"curies":[{"name":"wp","href":"https:\/\/api.w.org\/{rel}","templated":true}]}}