{"id":58097,"date":"2016-10-12T13:00:04","date_gmt":"2016-10-12T10:00:04","guid":{"rendered":"https:\/\/www.enerjigazetesi.ist\/?p=58097"},"modified":"2016-10-12T13:00:22","modified_gmt":"2016-10-12T10:00:22","slug":"cin-tarafindan-dunyanin-en-kucuk-nukleer-santrali-gelistiriliyor","status":"publish","type":"post","link":"https:\/\/www.enerjigazetesi.ist\/en\/cin-tarafindan-dunyanin-en-kucuk-nukleer-santrali-gelistiriliyor\/","title":{"rendered":"(Turkish) \u00c7in Taraf\u0131ndan D\u00fcnyan\u0131n En K\u00fc\u00e7\u00fck N\u00fckleer Santrali Geli\u015ftiriliyor!"},"content":{"rendered":"<p class=\"qtranxs-available-languages-message qtranxs-available-languages-message-en\">Sorry, this entry is only available in <a href=\"https:\/\/www.enerjigazetesi.ist\/tr\/wp-json\/wp\/v2\/posts\/58097\" class=\"qtranxs-available-language-link qtranxs-available-language-link-tr\" title=\"Turkish\">Turkish<\/a>. For the sake of viewer convenience, the content is shown below in the alternative language. You may click the link to switch the active language.<\/p><p><\/p>\n<p class=\"selectionShareable\" style=\"color: #0a0a0a;\"><strong>\u00c7in, d\u00fcnyan\u0131n en k\u00fc\u00e7<img loading=\"lazy\" class=\"alignleft size-medium wp-image-58098\" src=\"https:\/\/www.enerjigazetesi.ist\/wp-content\/uploads\/2016\/10\/cin-tarafindan-dunyanin-en-kucuk-nukleer-santrali-gelistiriliyor-300x168.jpg\" alt=\"cin-tarafindan-dunyanin-en-kucuk-nukleer-santrali-gelistiriliyor\" width=\"300\" height=\"168\" srcset=\"https:\/\/www.enerjigazetesi.ist\/wp-content\/uploads\/2016\/10\/cin-tarafindan-dunyanin-en-kucuk-nukleer-santrali-gelistiriliyor-300x168.jpg 300w, https:\/\/www.enerjigazetesi.ist\/wp-content\/uploads\/2016\/10\/cin-tarafindan-dunyanin-en-kucuk-nukleer-santrali-gelistiriliyor-500x280.jpg 500w, https:\/\/www.enerjigazetesi.ist\/wp-content\/uploads\/2016\/10\/cin-tarafindan-dunyanin-en-kucuk-nukleer-santrali-gelistiriliyor-80x44.jpg 80w, https:\/\/www.enerjigazetesi.ist\/wp-content\/uploads\/2016\/10\/cin-tarafindan-dunyanin-en-kucuk-nukleer-santrali-gelistiriliyor.jpg 696w\" sizes=\"(max-width: 300px) 100vw, 300px\" \/>\u00fck n\u00fckleer santralini geli\u015ftirmeye \u00e7al\u0131\u015fmaktad\u0131r.<\/strong><span id=\"more-84316\"><\/span><\/p>\n<p class=\"selectionShareable\" style=\"color: #0a0a0a;\">\u00c7in Bilimler Akademisi N\u00fckleer Enerji G\u00fcvenli\u011fi Teknolojisi Enstit\u00fcs\u00fc taraf\u0131ndan \u00fczerinde \u00e7al\u0131\u015f\u0131lan n\u00fckleer santral, gemi<br \/>\nta\u015f\u0131mac\u0131l\u0131\u011f\u0131nda kullan\u0131lan bir konteyner b\u00fcy\u00fckl\u00fc\u011f\u00fcnde olacak 6,1 metre uzunlu\u011funda ve 2.6 metre geni\u015fli\u011finde olacak n\u00fckleer reakt\u00f6r, 50 bin konuta yetecek kadar, 10 megawatt enerji \u00fcretimi sa\u011flayacakt\u0131r.<\/p>\n<p class=\"selectionShareable\" style=\"color: #0a0a0a;\">Konteyner b\u00fcy\u00fckl\u00fc\u011f\u00fcnde olan santral, gelecek 5 y\u0131l i\u00e7inde \u00c7in Denizi\u2019ndeki egemenli\u011fi tart\u0131\u015fmal\u0131 adalardan birisine yerle\u015ftirilecektir.<\/p>\n<p><\/p>","protected":false},"excerpt":{"rendered":"<p>Sorry, this entry is only available in Turkish. For the sake of viewer convenience, the content is shown below in the alternative language. You may click the link to switch the active language. \u00c7in, d\u00fcnyan\u0131n en k\u00fc\u00e7\u00fck n\u00fckleer santralini geli\u015ftirmeye \u00e7al\u0131\u015fmaktad\u0131r. \u00c7in Bilimler Akademisi N\u00fckleer Enerji G\u00fcvenli\u011fi Teknolojisi Enstit\u00fcs\u00fc taraf\u0131ndan \u00fczerinde \u00e7al\u0131\u015f\u0131lan n\u00fckleer santral, gemi [&hellip;]<\/p>\n","protected":false},"author":1,"featured_media":58098,"comment_status":"open","ping_status":"open","sticky":false,"template":"","format":"standard","meta":[],"categories":[53,43],"tags":[886,31816,63,67,1009,2698,165,71,21,31817,25480,23614,88,2973],"views":1208,"_links":{"self":[{"href":"https:\/\/www.enerjigazetesi.ist\/en\/wp-json\/wp\/v2\/posts\/58097"}],"collection":[{"href":"https:\/\/www.enerjigazetesi.ist\/en\/wp-json\/wp\/v2\/posts"}],"about":[{"href":"https:\/\/www.enerjigazetesi.ist\/en\/wp-json\/wp\/v2\/types\/post"}],"author":[{"embeddable":true,"href":"https:\/\/www.enerjigazetesi.ist\/en\/wp-json\/wp\/v2\/users\/1"}],"replies":[{"embeddable":true,"href":"https:\/\/www.enerjigazetesi.ist\/en\/wp-json\/wp\/v2\/comments?post=58097"}],"version-history":[{"count":2,"href":"https:\/\/www.enerjigazetesi.ist\/en\/wp-json\/wp\/v2\/posts\/58097\/revisions"}],"predecessor-version":[{"id":58100,"href":"https:\/\/www.enerjigazetesi.ist\/en\/wp-json\/wp\/v2\/posts\/58097\/revisions\/58100"}],"wp:featuredmedia":[{"embeddable":true,"href":"https:\/\/www.enerjigazetesi.ist\/en\/wp-json\/wp\/v2\/media\/58098"}],"wp:attachment":[{"href":"https:\/\/www.enerjigazetesi.ist\/en\/wp-json\/wp\/v2\/media?parent=58097"}],"wp:term":[{"taxonomy":"category","embeddable":true,"href":"https:\/\/www.enerjigazetesi.ist\/en\/wp-json\/wp\/v2\/categories?post=58097"},{"taxonomy":"post_tag","embeddable":true,"href":"https:\/\/www.enerjigazetesi.ist\/en\/wp-json\/wp\/v2\/tags?post=58097"}],"curies":[{"name":"wp","href":"https:\/\/api.w.org\/{rel}","templated":true}]}}