{"id":58072,"date":"2016-10-11T14:44:48","date_gmt":"2016-10-11T11:44:48","guid":{"rendered":"https:\/\/www.enerjigazetesi.ist\/?p=58072"},"modified":"2016-10-11T14:44:48","modified_gmt":"2016-10-11T11:44:48","slug":"yenilenebilir-enerji-kaynak-alanlari-ile-neler-geliyor","status":"publish","type":"post","link":"https:\/\/www.enerjigazetesi.ist\/en\/yenilenebilir-enerji-kaynak-alanlari-ile-neler-geliyor\/","title":{"rendered":"(Turkish) Yenilenebilir Enerji Kaynak Alanlar\u0131 \u0130le Neler Geliyor&#8230;"},"content":{"rendered":"<p class=\"qtranxs-available-languages-message qtranxs-available-languages-message-en\">Sorry, this entry is only available in <a href=\"https:\/\/www.enerjigazetesi.ist\/tr\/wp-json\/wp\/v2\/posts\/58072\" class=\"qtranxs-available-language-link qtranxs-available-language-link-tr\" title=\"Turkish\">Turkish<\/a>. For the sake of viewer convenience, the content is shown below in the alternative language. You may click the link to switch the active language.<\/p><p><\/p>\n<p class=\"selectionShareable\" style=\"color: #0a0a0a;\"><strong>Ge\u00e7ti\u011fimiz Haziran ay\u0131nda yay\u0131mlanan 6719 say\u0131l\u0131 Kanun ile 6446 say\u0131l\u0131 Elektrik Piyasas\u0131 Kanunu\u2019nda getirilen yeni d\u00fczenlemelerden biri de yenilenebilir enerji kaynak alanlar\u0131\u00a0(\u201cYEKA\u201d)\u00a0ile ilgilidir.<\/strong><\/p>\n<p class=\"selectionShareable\" style=\"color: #0a0a0a;\">5 inci maddeye eklenen f\u0131kralarda YEKDEM uygulamas\u0131ndan farkl\u0131 olarak, YEKA\u2019lar\u0131n belirlenmesine, bu alanlardaki iletim tesislerinin TE\u0130A\u015e taraf\u0131ndan yap\u0131laca\u011f\u0131na, 5346 say\u0131l\u0131 Kanun uyar\u0131nca hesaplanan feed-in tariff \u00fcst<a href=\"https:\/\/www.enerjigazetesi.ist\/wp-content\/uploads\/2016\/06\/kuresel-kurulu-gunes-enerjisi-kapasitesi-artis-trendinde.jpg\"><img loading=\"lazy\" class=\"alignright size-medium wp-image-54840\" src=\"https:\/\/www.enerjigazetesi.ist\/wp-content\/uploads\/2016\/06\/kuresel-kurulu-gunes-enerjisi-kapasitesi-artis-trendinde-300x200.jpg\" alt=\"kuresel-kurulu-gunes-enerjisi-kapasitesi-artis-trendinde\" width=\"300\" height=\"200\" srcset=\"https:\/\/www.enerjigazetesi.ist\/wp-content\/uploads\/2016\/06\/kuresel-kurulu-gunes-enerjisi-kapasitesi-artis-trendinde-300x200.jpg 300w, https:\/\/www.enerjigazetesi.ist\/wp-content\/uploads\/2016\/06\/kuresel-kurulu-gunes-enerjisi-kapasitesi-artis-trendinde-500x333.jpg 500w, https:\/\/www.enerjigazetesi.ist\/wp-content\/uploads\/2016\/06\/kuresel-kurulu-gunes-enerjisi-kapasitesi-artis-trendinde-75x50.jpg 75w, https:\/\/www.enerjigazetesi.ist\/wp-content\/uploads\/2016\/06\/kuresel-kurulu-gunes-enerjisi-kapasitesi-artis-trendinde.jpg 720w\" sizes=\"(max-width: 300px) 100vw, 300px\" \/><\/a> s\u0131n\u0131r olmak \u00fczere Bakanl\u0131k taraf\u0131ndan belirlenen tavan fiyat \u00fczerinden teklif edilecek en d\u00fc\u015f\u00fck fiyat\u0131n elektrik sat\u0131\u015f fiyat\u0131 olmas\u0131 usul\u00fcn\u00fc i\u00e7eren yar\u0131\u015fma uygulamas\u0131n\u0131n benimsenmesine ili\u015fkin d\u00fczenlemeler getirilmi\u015fti. Ayn\u0131 zamanda, YEKA\u2019lara dair t\u00fcm hususlar\u0131n da d\u00fczenlenece\u011fi bir y\u00f6netmeli\u011fin yay\u0131mlanaca\u011f\u0131 haberi verilmi\u015fti.<span id=\"more-84294\"><\/span><\/p>\n<p class=\"selectionShareable\" style=\"color: #0a0a0a;\">9 Ekim\u2019de ise as\u0131l amac\u0131 yenilenebilir enerji kaynaklar\u0131n\u0131n etkin ve verimli kullan\u0131lmas\u0131, belirlenen alanlar\u0131n yat\u0131r\u0131mc\u0131lara tahsisi ile yat\u0131r\u0131mlar\u0131n h\u0131zl\u0131 bir \u015fekilde ger\u00e7ekle\u015ftirilmesi ve \u00fcretim tesislerinde kullan\u0131lan ileri teknoloji i\u00e7eren aksam\u0131n yurt i\u00e7inde \u00fcretilmesi ve yurt i\u00e7inden temin edilmesini te\u015fvik etmek olan \u201cYenilenebilir Enerji Kaynak Alanlar\u0131 Y\u00f6netmeli\u011fi\u201d (\u201cY\u00f6netmelik\u201c) Resmi Gazete\u2019de yay\u0131mlanarak y\u00fcr\u00fcrl\u00fc\u011fe girmi\u015ftir.<\/p>\n<p class=\"selectionShareable\" style=\"color: #0a0a0a;\">Y\u00f6netmelik\u2019te yer alan d\u00fczenlemeler k\u0131saca \u015fu \u015fekilde yer alm\u0131\u015ft\u0131r:<\/p>\n<h3 style=\"font-weight: 400; color: #111111;\"><strong>YEKA\u2019lar\u0131n Belirlenmesi<\/strong><\/h3>\n<p class=\"selectionShareable\" style=\"color: #0a0a0a;\">\u00d6ncelikle YEKA, hem kamunun ve hazinenin ta\u015f\u0131nmazlar\u0131nda hem de \u00f6zel m\u00fclkiyete konu ta\u015f\u0131nmazlarda geli\u015ftirilebilmektedir. Bunun i\u00e7in yenilenebilir enerji kaynaklar\u0131ndan en az birinin y\u00fcksek yo\u011funlukta bulundu\u011fu alan veya alanlar\u0131n bulunmas\u0131 gerekir. Bunun yan\u0131nda YEKA\u2019lar ancak Yenilenebilir Enerji Genel M\u00fcd\u00fcrl\u00fc\u011f\u00fc taraf\u0131ndan yap\u0131lacak \u00e7al\u0131\u015fmalar ya da YEKA Ama\u00e7l\u0131 Ba\u011flant\u0131 Kapasite Tahsisi Yar\u0131\u015fmas\u0131 ve bu yar\u0131\u015fman\u0131n sonras\u0131nda yap\u0131lacak \u00e7al\u0131\u015fmalar ile geli\u015ftirilebilir.<\/p>\n<p class=\"selectionShareable\" style=\"color: #0a0a0a;\"><img loading=\"lazy\" class=\"wp-image-84296 td-animation-stack-type0-2 aligncenter\" src=\"http:\/\/statik3.enerjienstitusu.com\/wp-content\/uploads\/yeka-gunes-yenilenebilir-image001.jpg\" alt=\"yeka-gunes-yenilenebilir-image001\" width=\"544\" height=\"770\" \/><img loading=\"lazy\" class=\"wp-image-84297 td-animation-stack-type0-2 aligncenter\" src=\"http:\/\/statik3.enerjienstitusu.com\/wp-content\/uploads\/yeka-gunes-yenilenebilir-image002.jpg\" alt=\"yeka-gunes-yenilenebilir-image002\" width=\"544\" height=\"770\" \/><img loading=\"lazy\" class=\"wp-image-84298 td-animation-stack-type0-2 aligncenter\" src=\"http:\/\/statik3.enerjienstitusu.com\/wp-content\/uploads\/yeka-gunes-yenilenebilir-image003.jpg\" alt=\"yeka-gunes-yenilenebilir-image003\" width=\"544\" height=\"769\" \/><img loading=\"lazy\" class=\"wp-image-84299 td-animation-stack-type0-2 aligncenter\" src=\"http:\/\/statik3.enerjienstitusu.com\/wp-content\/uploads\/yeka-gunes-yenilenebilir-image004.jpg\" alt=\"yeka-gunes-yenilenebilir-image004\" width=\"544\" height=\"770\" \/><img loading=\"lazy\" class=\"wp-image-84300 td-animation-stack-type0-2 aligncenter\" src=\"http:\/\/statik3.enerjienstitusu.com\/wp-content\/uploads\/yeka-gunes-yenilenebilir-image005.jpg\" alt=\"yeka-gunes-yenilenebilir-image005\" width=\"543\" height=\"769\" \/><img loading=\"lazy\" class=\"wp-image-84301 td-animation-stack-type0-2 aligncenter\" src=\"http:\/\/statik3.enerjienstitusu.com\/wp-content\/uploads\/yeka-gunes-yenilenebilir-image006.jpg\" alt=\"yeka-gunes-yenilenebilir-image006\" width=\"545\" height=\"772\" \/><\/p>\n<p class=\"selectionShareable\" style=\"color: #0a0a0a;\">Ayr\u0131ca Y\u00f6netmelik\u2019te, yenilenebilir enerji kaynaklar\u0131na dayal\u0131 elektrik enerjisi \u00fcretim tesisinde kullan\u0131lan aksam\u0131 yurt i\u00e7inde imal eden ve\/veya imal etmeyi taahh\u00fct eden t\u00fczel ki\u015fiye verilen YEKA kullan\u0131m hakk\u0131 kapsam\u0131nda ba\u015fvuru yapan t\u00fczel ki\u015filere y\u00f6nelik AR-GE ve Sertifikasyon d\u00fczenlemeleri, YEKA Kullan\u0131m Hakk\u0131 kapsam\u0131nda m\u00fccbir sebep halleri ve son olarak da, YEKA\u2019lar\u0131n korunmas\u0131 ve kullan\u0131lmas\u0131 ve bu alanlar i\u00e7in altyap\u0131 yat\u0131r\u0131mlar\u0131n\u0131n geli\u015ftirilmesine y\u00f6nelik d\u00fczenlemeler getirilmi\u015ftir.<\/p>\n<p class=\"selectionShareable\" style=\"color: #0a0a0a;\">Sonu\u00e7 olarak, YEKA\u2019lar\u0131n verimlili\u011fi, yar\u0131\u015fma usul\u00fc \u00e7er\u00e7evesinde olu\u015facak elektrik sat\u0131\u015f fiyatlar\u0131n\u0131 etkileyecektir ve verimlilik derecelerine g\u00f6re farkl\u0131 fiyatlar olu\u015facakt\u0131r. Ayn\u0131 zamanda belirlenen ihale usul\u00fcne bak\u0131ld\u0131\u011f\u0131nda, usul\u00fcn \u015feffafl\u0131k ilkesi g\u00f6zetilerek d\u00fczenlendi\u011fini de s\u00f6yleyebiliriz. Ge\u00e7ti\u011fimiz ay Karap\u0131nar\u2019\u0131n YEKA olarak ilan edilmesinin ard\u0131ndan ilk ihaleye Kas\u0131m ay\u0131nda bu b\u00f6lge i\u00e7in \u00e7\u0131k\u0131lmas\u0131 ve Aral\u0131k\u2019ta da yat\u0131r\u0131mc\u0131ya teslim edilmesi planlanmaktad\u0131r. 1,5 milyar dolar yat\u0131r\u0131m\u0131n beklendi\u011fi bu proje YEKA\u2019lar\u0131n \u00f6nemini g\u00f6zler \u00f6n\u00fcne seriyor. K\u0131sa zaman i\u00e7erisinde bu d\u00fczenlemelerin hayata ge\u00e7ece\u011fini bilmek ise sekt\u00f6r ad\u0131na sevindiricidir.<\/p>\n<p class=\"selectionShareable\" style=\"color: #0a0a0a;\">Y\u00f6netmeli\u011fe\u00a0<a style=\"color: #1e73be;\" href=\"http:\/\/www.resmigazete.gov.tr\/eskiler\/2016\/10\/20161009-1.htm\" target=\"_blank\" rel=\"nofollow\">buradan\u00a0<\/a>ula\u015fabilirsiniz.<\/p>\n<p class=\"selectionShareable\" style=\"color: #0a0a0a;\"><em>Bu yaz\u0131\u00a0<strong>Berceste Elif Duranay<\/strong>\u00a0taraf\u0131ndan haz\u0131rlanm\u0131\u015ft\u0131r.<\/em><\/p>\n<p><\/p>","protected":false},"excerpt":{"rendered":"<p>Sorry, this entry is only available in Turkish. For the sake of viewer convenience, the content is shown below in the alternative language. You may click the link to switch the active language. Ge\u00e7ti\u011fimiz Haziran ay\u0131nda yay\u0131mlanan 6719 say\u0131l\u0131 Kanun ile 6446 say\u0131l\u0131 Elektrik Piyasas\u0131 Kanunu\u2019nda getirilen yeni d\u00fczenlemelerden biri de yenilenebilir enerji kaynak alanlar\u0131\u00a0(\u201cYEKA\u201d)\u00a0ile [&hellip;]<\/p>\n","protected":false},"author":1,"featured_media":54840,"comment_status":"open","ping_status":"open","sticky":false,"template":"","format":"standard","meta":[],"categories":[53],"tags":[63,67,1009,2698,165,227,13,69,16,25578,105,31711],"views":1045,"_links":{"self":[{"href":"https:\/\/www.enerjigazetesi.ist\/en\/wp-json\/wp\/v2\/posts\/58072"}],"collection":[{"href":"https:\/\/www.enerjigazetesi.ist\/en\/wp-json\/wp\/v2\/posts"}],"about":[{"href":"https:\/\/www.enerjigazetesi.ist\/en\/wp-json\/wp\/v2\/types\/post"}],"author":[{"embeddable":true,"href":"https:\/\/www.enerjigazetesi.ist\/en\/wp-json\/wp\/v2\/users\/1"}],"replies":[{"embeddable":true,"href":"https:\/\/www.enerjigazetesi.ist\/en\/wp-json\/wp\/v2\/comments?post=58072"}],"version-history":[{"count":1,"href":"https:\/\/www.enerjigazetesi.ist\/en\/wp-json\/wp\/v2\/posts\/58072\/revisions"}],"predecessor-version":[{"id":58073,"href":"https:\/\/www.enerjigazetesi.ist\/en\/wp-json\/wp\/v2\/posts\/58072\/revisions\/58073"}],"wp:featuredmedia":[{"embeddable":true,"href":"https:\/\/www.enerjigazetesi.ist\/en\/wp-json\/wp\/v2\/media\/54840"}],"wp:attachment":[{"href":"https:\/\/www.enerjigazetesi.ist\/en\/wp-json\/wp\/v2\/media?parent=58072"}],"wp:term":[{"taxonomy":"category","embeddable":true,"href":"https:\/\/www.enerjigazetesi.ist\/en\/wp-json\/wp\/v2\/categories?post=58072"},{"taxonomy":"post_tag","embeddable":true,"href":"https:\/\/www.enerjigazetesi.ist\/en\/wp-json\/wp\/v2\/tags?post=58072"}],"curies":[{"name":"wp","href":"https:\/\/api.w.org\/{rel}","templated":true}]}}