{"id":5806,"date":"2013-01-30T16:54:13","date_gmt":"2013-01-30T13:54:13","guid":{"rendered":"https:\/\/www.enerjigazetesi.ist\/?p=5806"},"modified":"2013-01-30T16:55:31","modified_gmt":"2013-01-30T13:55:31","slug":"insana-yetmiyor-tarimdan-petrol-uretimine-karsiyiz","status":"publish","type":"post","link":"https:\/\/www.enerjigazetesi.ist\/en\/insana-yetmiyor-tarimdan-petrol-uretimine-karsiyiz\/","title":{"rendered":"(Turkish) \u0130nsana Yetmiyor, Tar\u0131mdan Petrol \u00dcretimine Kar\u015f\u0131y\u0131z"},"content":{"rendered":"<p class=\"qtranxs-available-languages-message qtranxs-available-languages-message-en\">Sorry, this entry is only available in <a href=\"https:\/\/www.enerjigazetesi.ist\/tr\/wp-json\/wp\/v2\/posts\/5806\" class=\"qtranxs-available-language-link qtranxs-available-language-link-tr\" title=\"Turkish\">Turkish<\/a>. For the sake of viewer convenience, the content is shown below in the alternative language. You may click the link to switch the active language.<\/p><p><strong>EPDK\u2019n\u0131n 2013 y\u0131l\u0131ndan itibaren benzinde kullan\u0131lacak bioetanol miktar\u0131n\u0131 y\u00fczde 2 olarak belirlemesini ele\u015ftiren Bakan Eker, insan g\u0131das\u0131 i\u00e7in kullan\u0131lan \u00fcr\u00fcnlerin enerjiye \u00e7evrilmesine kar\u015f\u0131 oldu\u011funu vurgulad\u0131.<\/strong><\/p>\n<p>Almanya\u2019n\u0131n K\u00f6ln \u015fehrinde yap\u0131lan Uluslararas\u0131 \u015eekerleme ve Bisk\u00fcvi Fuar\u0131\u2019nda (\u0130SM) konu\u015fan Eker, T\u00fcrkiye\u2019de hububat \u00fcretiminin maliyetlerinin<img loading=\"lazy\" class=\"alignright size-medium wp-image-5809\" title=\"mehdieker-505x243\" src=\"https:\/\/www.enerjigazetesi.ist\/wp-content\/uploads\/2013\/01\/mehdieker-505x2431-300x185.jpg\" alt=\"\" width=\"300\" height=\"185\" srcset=\"https:\/\/www.enerjigazetesi.ist\/wp-content\/uploads\/2013\/01\/mehdieker-505x2431-300x185.jpg 300w, https:\/\/www.enerjigazetesi.ist\/wp-content\/uploads\/2013\/01\/mehdieker-505x2431-80x50.jpg 80w, https:\/\/www.enerjigazetesi.ist\/wp-content\/uploads\/2013\/01\/mehdieker-505x2431.jpg 394w\" sizes=\"(max-width: 300px) 100vw, 300px\" \/> y\u00fcksek oldu\u011funu dile getirerek, \u015funlar\u0131 s\u00f6yledi: \u201cBiz Brezilya gibi olamay\u0131z. Onlar ya\u011fmur ormanlar\u0131n\u0131 kesip yerine GDO\u2019lu m\u0131s\u0131r ekmi\u015fler. Bizde \u00f6yle de\u011fil. Mesela ay\u00e7i\u00e7ekte Trakya d\u0131\u015f\u0131nda ya\u011fmur suyuyla tar\u0131msal \u00fcretim yapam\u0131yoruz. Sulamak i\u00e7in barajlar, kanallar a\u00e7\u0131yoruz. \u00d6te yandan \u00f6zellikle \u015feker pancar\u0131nda topraklar organik y\u00f6nden zengin de\u011fil. Y\u00fcksek miktarda sulama ve g\u00fcbreleme yapmam\u0131z gerekiyor, elektrik kullan\u0131yoruz. Bu da girdi maliyetlerimizi art\u0131r\u0131yor. Bu \u00fcr\u00fcn\u00fc biyoetanole \u00e7evirdi\u011fimizde g\u0131da i\u00e7in ithalat yapmam\u0131z gerekecek. O zaman ne anlam\u0131 var.\u201d<\/p>\n<p>Kaynak: <a href=\"http:\/\/enerjienstitusu.com\/2013\/01\/28\/insana-yetmiyor-tarimdan-petrol-uretimine-karsiyiz\/\" target=\"_blank\">Enerji Enstit\u00fcs\u00fc<\/a><\/p>","protected":false},"excerpt":{"rendered":"<p>Sorry, this entry is only available in Turkish. For the sake of viewer convenience, the content is shown below in the alternative language. You may click the link to switch the active language.EPDK\u2019n\u0131n 2013 y\u0131l\u0131ndan itibaren benzinde kullan\u0131lacak bioetanol miktar\u0131n\u0131 y\u00fczde 2 olarak belirlemesini ele\u015ftiren Bakan Eker, insan g\u0131das\u0131 i\u00e7in kullan\u0131lan \u00fcr\u00fcnlerin enerjiye \u00e7evrilmesine kar\u015f\u0131 [&hellip;]<\/p>\n","protected":false},"author":1,"featured_media":5809,"comment_status":"open","ping_status":"open","sticky":false,"template":"","format":"standard","meta":[],"categories":[53,44],"tags":[2079,63,67,750,59],"views":577,"_links":{"self":[{"href":"https:\/\/www.enerjigazetesi.ist\/en\/wp-json\/wp\/v2\/posts\/5806"}],"collection":[{"href":"https:\/\/www.enerjigazetesi.ist\/en\/wp-json\/wp\/v2\/posts"}],"about":[{"href":"https:\/\/www.enerjigazetesi.ist\/en\/wp-json\/wp\/v2\/types\/post"}],"author":[{"embeddable":true,"href":"https:\/\/www.enerjigazetesi.ist\/en\/wp-json\/wp\/v2\/users\/1"}],"replies":[{"embeddable":true,"href":"https:\/\/www.enerjigazetesi.ist\/en\/wp-json\/wp\/v2\/comments?post=5806"}],"version-history":[{"count":2,"href":"https:\/\/www.enerjigazetesi.ist\/en\/wp-json\/wp\/v2\/posts\/5806\/revisions"}],"predecessor-version":[{"id":5810,"href":"https:\/\/www.enerjigazetesi.ist\/en\/wp-json\/wp\/v2\/posts\/5806\/revisions\/5810"}],"wp:featuredmedia":[{"embeddable":true,"href":"https:\/\/www.enerjigazetesi.ist\/en\/wp-json\/wp\/v2\/media\/5809"}],"wp:attachment":[{"href":"https:\/\/www.enerjigazetesi.ist\/en\/wp-json\/wp\/v2\/media?parent=5806"}],"wp:term":[{"taxonomy":"category","embeddable":true,"href":"https:\/\/www.enerjigazetesi.ist\/en\/wp-json\/wp\/v2\/categories?post=5806"},{"taxonomy":"post_tag","embeddable":true,"href":"https:\/\/www.enerjigazetesi.ist\/en\/wp-json\/wp\/v2\/tags?post=5806"}],"curies":[{"name":"wp","href":"https:\/\/api.w.org\/{rel}","templated":true}]}}