{"id":58035,"date":"2016-10-10T11:25:35","date_gmt":"2016-10-10T08:25:35","guid":{"rendered":"https:\/\/www.enerjigazetesi.ist\/?p=58035"},"modified":"2016-10-10T11:25:35","modified_gmt":"2016-10-10T08:25:35","slug":"albayrak-turkiye-dogusu-ve-batisi-arasinda-enerji-koprusu-kurmaktadir","status":"publish","type":"post","link":"https:\/\/www.enerjigazetesi.ist\/en\/albayrak-turkiye-dogusu-ve-batisi-arasinda-enerji-koprusu-kurmaktadir\/","title":{"rendered":"(Turkish) Albayrak: \u201cT\u00fcrkiye Do\u011fusu ve Bat\u0131s\u0131 Aras\u0131nda Enerji K\u00f6pr\u00fcs\u00fc Kurmaktad\u0131r!\u201d"},"content":{"rendered":"<p class=\"qtranxs-available-languages-message qtranxs-available-languages-message-en\">Sorry, this entry is only available in <a href=\"https:\/\/www.enerjigazetesi.ist\/tr\/wp-json\/wp\/v2\/posts\/58035\" class=\"qtranxs-available-language-link qtranxs-available-language-link-tr\" title=\"Turkish\">Turkish<\/a>. For the sake of viewer convenience, the content is shown below in the alternative language. You may click the link to switch the active language.<\/p><p><\/p>\n<p class=\"selectionShareable\" style=\"color: #0a0a0a;\"><strong>23. D\u00fcnya Enerji Kongresi d\u00fcn ba\u015flad\u0131. 1977\u2019den sonra ilk kez \u0130stanbul\u2019da d\u00fczenlenen kongre kapsam\u0131nda a\u00e7\u0131klama yapan Enerji ve Tabii Kaynaklar Bakan\u0131 Albayrak; mevcut i\u015f birli\u011fi ve projelerin de\u011ferlendirilece\u011fini ve olumlu bir sinerjinin olu\u015faca\u011f\u0131n\u0131n vurgusunu yapt\u0131.<\/strong><span id=\"more-84248\"><\/span><\/p>\n<p class=\"selectionShareable\" style=\"color: #0a0a0a;\">Cumhurba\u015fkan\u0131 Erdo\u011fan\u2019\u0131n himayesinde ger\u00e7ekle\u015ftirilecek kongre 13 Ekim tarihine kadar\u00a0devam edecek<a href=\"https:\/\/www.enerjigazetesi.ist\/wp-content\/uploads\/2016\/10\/albayrak-turkiye-dogusu-ve-batisi-arasinda-enerji-koprusu-kurmaktadir.jpg\"><img loading=\"lazy\" class=\"alignright size-medium wp-image-58036\" src=\"https:\/\/www.enerjigazetesi.ist\/wp-content\/uploads\/2016\/10\/albayrak-turkiye-dogusu-ve-batisi-arasinda-enerji-koprusu-kurmaktadir-300x208.jpg\" alt=\"albayrak-turkiye-dogusu-ve-batisi-arasinda-enerji-koprusu-kurmaktadir\" width=\"300\" height=\"208\" srcset=\"https:\/\/www.enerjigazetesi.ist\/wp-content\/uploads\/2016\/10\/albayrak-turkiye-dogusu-ve-batisi-arasinda-enerji-koprusu-kurmaktadir-300x208.jpg 300w, https:\/\/www.enerjigazetesi.ist\/wp-content\/uploads\/2016\/10\/albayrak-turkiye-dogusu-ve-batisi-arasinda-enerji-koprusu-kurmaktadir-500x347.jpg 500w, https:\/\/www.enerjigazetesi.ist\/wp-content\/uploads\/2016\/10\/albayrak-turkiye-dogusu-ve-batisi-arasinda-enerji-koprusu-kurmaktadir-71x50.jpg 71w, https:\/\/www.enerjigazetesi.ist\/wp-content\/uploads\/2016\/10\/albayrak-turkiye-dogusu-ve-batisi-arasinda-enerji-koprusu-kurmaktadir.jpg 696w\" sizes=\"(max-width: 300px) 100vw, 300px\" \/><\/a>tir.<\/p>\n<p class=\"selectionShareable\" style=\"color: #0a0a0a;\">Enerji ve Tabii Kaynaklar Bakan\u0131 Berat Albayrak\u2019\u0131n ev sahipli\u011finde d\u00fczenlenen kongre \u2018Yeni Ufuklar\u0131 Kucaklamak\u2019 temas\u0131yla d\u00fczenlenen,\u00a070\u2019in \u00fczerinde \u00fclkeden global enerji sekt\u00f6r\u00fcne y\u00f6n veren 250 ismin k\u00fcrs\u00fcye \u00e7\u0131kaca\u011f\u0131 23. D\u00fcnya Enerji Kongresi kapsam\u0131nda Enerji ve Tabii Kaynaklar Bakan\u0131 Berat Albayrak bir bas\u0131n a\u00e7\u0131klamas\u0131 yapt\u0131.<\/p>\n<p class=\"selectionShareable\" style=\"color: #0a0a0a;\">Enerji Bakan\u0131 Albayrak\u2019\u0131n konu\u015fmas\u0131n\u0131 <span style=\"text-decoration: underline;\">\u015fu s\u00f6zlerle s\u00fcrd\u00fcrd\u00fc;<\/span><\/p>\n<p class=\"selectionShareable\" style=\"color: #0a0a0a;\">\u015eehitlerimize Allah\u2019tan rahmet, kederli ailelerine ba\u015fsa\u011fl\u0131\u011f\u0131 diliyorum. Bilindi\u011fi \u00fczere 4 devlet ba\u015fkan\u0131, 250\u2019den fazla Bakan ve CEO d\u00fczeyindeki kat\u0131l\u0131mc\u0131yla Enerji Kongresi\u2019nin ba\u015flang\u0131c\u0131n\u0131 yap\u0131yoruz. 4 g\u00fcn s\u00fcrecek kongrede 85 \u00fclkeden 265 konu\u015fmac\u0131 65 konuyu tart\u0131\u015facakt\u0131r.<\/p>\n<p class=\"selectionShareable\" style=\"color: #0a0a0a;\">Enerji sekt\u00f6r\u00fcn\u00fcn k\u00fcresel bazda en \u00fcst temsilcilerinin biraraya gelece\u011fi 23. D\u00fcnya Enerji Kongresi\u2019ne \u0130stanbul\u2019da ev sahipli\u011fi yapmaktan mutluluk duymaktay\u0131z. D\u00fcnyan\u0131n d\u00f6rt bir yan\u0131ndan gelecek kat\u0131l\u0131mc\u0131larla mevcut projeleri ve i\u015fbirli\u011fi f\u0131rsatlar\u0131n\u0131 de\u011ferlendirece\u011fiz. \u00c7ok olumlu bir sinerji ortaya \u00e7\u0131kacakt\u0131r.<\/p>\n<p class=\"selectionShareable\" style=\"color: #0a0a0a;\">Bu gibi organizasyonlar\u0131 ciddi anlamda \u00a0\u00f6nemsemekteyiz. K\u00fcresel payda\u015flar burada \u2018Bar\u0131\u015f \u0130\u00e7in Payla\u015f\u0131m\u2019 olgusuna b\u00fcy\u00fck bir katk\u0131da bulunacaklard\u0131r. Bug\u00fcnlerde sorunlara kapsay\u0131c\u0131 \u00e7\u00f6z\u00fcmler bulunmas\u0131 i\u00e7in b\u00fct\u00fcn payda\u015flar\u0131 biraraya getirerek, s\u00f6z hakk\u0131 tan\u0131yacak olmas\u0131 a\u00e7\u0131s\u0131ndan \u00f6nemli bir mihenk ta\u015f\u0131 olaca\u011f\u0131n\u0131 d\u00fc\u015f\u00fcnmekteyiz. Sadece enerji sekt\u00f6r\u00fcn\u00fc de\u011fil ekonomi, siyaset, uluslararas\u0131 ili\u015fkiler gibi konular\u0131 da g\u00fcndeme getirerek analiz edilmesini\u00a0de sa\u011flayacakt\u0131r.<\/p>\n<p class=\"selectionShareable\" style=\"color: #0a0a0a;\">T\u00fcrkiye co\u011frafi bir terimin \u00e7ok \u00f6tesinde sadece bir kara par\u00e7as\u0131 de\u011fildir. B\u00f6lgesinde en uzun s\u00fcre siyasi istikrara sahip olarak Do\u011fusu ve Bat\u0131s\u0131 da buna \u00f6rnektir. \u0130stikrars\u0131zl\u0131\u011f\u0131n h\u00fck\u00fcm s\u00fcrd\u00fc\u011f\u00fc \u00fclkelerde \u00e7\u00f6z\u00fcm odakl\u0131, b\u00f6lgesel bar\u0131\u015f\u0131n ve huzurun sa\u011flanmas\u0131na katk\u0131da bulunmaya devam etmektedir. Enerji diplomasisinin temeli, bar\u0131\u015f\u0131n kayna\u011f\u0131 olmas\u0131 gerekti\u011fi ve bunun \u00fczerine bir paradigma olu\u015fturmu\u015ftur.<\/p>\n<p><\/p>","protected":false},"excerpt":{"rendered":"<p>Sorry, this entry is only available in Turkish. For the sake of viewer convenience, the content is shown below in the alternative language. You may click the link to switch the active language. 23. D\u00fcnya Enerji Kongresi d\u00fcn ba\u015flad\u0131. 1977\u2019den sonra ilk kez \u0130stanbul\u2019da d\u00fczenlenen kongre kapsam\u0131nda a\u00e7\u0131klama yapan Enerji ve Tabii Kaynaklar Bakan\u0131 Albayrak; [&hellip;]<\/p>\n","protected":false},"author":1,"featured_media":58036,"comment_status":"open","ping_status":"open","sticky":false,"template":"","format":"standard","meta":[],"categories":[53],"tags":[9692,27051,31787,63,67,1009,12530,2698,165,1389],"views":602,"_links":{"self":[{"href":"https:\/\/www.enerjigazetesi.ist\/en\/wp-json\/wp\/v2\/posts\/58035"}],"collection":[{"href":"https:\/\/www.enerjigazetesi.ist\/en\/wp-json\/wp\/v2\/posts"}],"about":[{"href":"https:\/\/www.enerjigazetesi.ist\/en\/wp-json\/wp\/v2\/types\/post"}],"author":[{"embeddable":true,"href":"https:\/\/www.enerjigazetesi.ist\/en\/wp-json\/wp\/v2\/users\/1"}],"replies":[{"embeddable":true,"href":"https:\/\/www.enerjigazetesi.ist\/en\/wp-json\/wp\/v2\/comments?post=58035"}],"version-history":[{"count":1,"href":"https:\/\/www.enerjigazetesi.ist\/en\/wp-json\/wp\/v2\/posts\/58035\/revisions"}],"predecessor-version":[{"id":58037,"href":"https:\/\/www.enerjigazetesi.ist\/en\/wp-json\/wp\/v2\/posts\/58035\/revisions\/58037"}],"wp:featuredmedia":[{"embeddable":true,"href":"https:\/\/www.enerjigazetesi.ist\/en\/wp-json\/wp\/v2\/media\/58036"}],"wp:attachment":[{"href":"https:\/\/www.enerjigazetesi.ist\/en\/wp-json\/wp\/v2\/media?parent=58035"}],"wp:term":[{"taxonomy":"category","embeddable":true,"href":"https:\/\/www.enerjigazetesi.ist\/en\/wp-json\/wp\/v2\/categories?post=58035"},{"taxonomy":"post_tag","embeddable":true,"href":"https:\/\/www.enerjigazetesi.ist\/en\/wp-json\/wp\/v2\/tags?post=58035"}],"curies":[{"name":"wp","href":"https:\/\/api.w.org\/{rel}","templated":true}]}}