{"id":58020,"date":"2016-10-09T22:13:07","date_gmt":"2016-10-09T19:13:07","guid":{"rendered":"https:\/\/www.enerjigazetesi.ist\/?p=58020"},"modified":"2016-10-09T22:19:41","modified_gmt":"2016-10-09T19:19:41","slug":"paris-otomotiv-fuarinda-bu-yilin-trendi-elektrikli-araclar","status":"publish","type":"post","link":"https:\/\/www.enerjigazetesi.ist\/en\/paris-otomotiv-fuarinda-bu-yilin-trendi-elektrikli-araclar\/","title":{"rendered":"(Turkish) Paris Otomotiv Fuar\u0131\u2019nda Bu Y\u0131l\u0131n Trendi: Elektrikli Ara\u00e7lar!"},"content":{"rendered":"<p class=\"qtranxs-available-languages-message qtranxs-available-languages-message-en\">Sorry, this entry is only available in <a href=\"https:\/\/www.enerjigazetesi.ist\/tr\/wp-json\/wp\/v2\/posts\/58020\" class=\"qtranxs-available-language-link qtranxs-available-language-link-tr\" title=\"Turkish\">Turkish<\/a>. For the sake of viewer convenience, the content is shown below in the alternative language. You may click the link to switch the active language.<\/p><p><strong>Petrol fiyatlar\u0131 d\u00fc\u015f\u00fc\u015f\u00fcn\u00fc s\u00fcrd\u00fcr\u00fcrken en \u00f6nemli geli\u015fme ise elektrikli ara\u00e7 piyasas\u0131n\u0131n ge\u00e7ti\u011fimiz bir sene i\u00e7indeki\u00a0h\u0131zl\u0131 b\u00fcy\u00fcmesi oldu.<\/strong><\/p>\n<p>Ancak \u00a0\u201cdizel skandal\u0131\u201d ard\u0131ndan ve \u00a0Elon Musk\u2019\u0131n \u015firketi Tesla\u2019n\u0131n hamleleri ile pop\u00fclerle\u015fen elektrikli araba sekt\u00f6r\u00fc bu sene Paris Otomobil Fuar\u0131\u2019nda \u015fovunu ger\u00e7ekle\u015ftirdi. Bu sene fuarda sergilenen ara\u00e7lar\u0131n y\u00fczde 25\u2019i elektrikli iken, neredeyse t\u00fcm b\u00fcy\u00fck markalar en az bir <strong>y\u00fczde y\u00fcz elektrikli model<\/strong> sergileyerek gelece\u011fin nerede oldu\u011funu da i\u015faret ettiler.<\/p>\n<p><strong>\u0130\u015fte fuarda boy g\u00f6steren baz\u0131 marka ve modelleri:<\/strong><\/p>\n<p><strong>Volkswagen:<\/strong>\u00a0\u015eirket<strong>\u00a0I.D.\u00a0<\/strong>ad\u0131n\u0131 verdi\u011fi \u00a0bir \u201ckonsept araba\u201dy\u0131 tan\u0131tt\u0131. 2020 y\u0131l\u0131nda sat\u0131\u015f\u0131na ba\u015flanacak olan arac\u0131n 500 ile 750 km aras\u0131nda bir menzile sahip olaca\u011f\u0131 ve <strong>30.000 USD<\/strong> fiyata sat\u0131lmas\u0131 \u00f6ng\u00f6r\u00fclmektedir.<\/p>\n<p style=\"color: #666666;\"><img loading=\"lazy\" class=\"alignnone wp-image-36156 visible animated\" src=\"http:\/\/www.alternatifenerji.com\/wp-content\/uploads\/2016\/10\/VW-Paris-300x169.jpeg\" alt=\"VW Paris\" width=\"376\" height=\"212\" \/><\/p>\n<p style=\"color: #666666;\"><span style=\"font-weight: bold; color: #222222;\">Renault:\u00a0<\/span>Frans\u0131z otomotiv devi<span style=\"font-weight: bold; color: #222222;\">\u00a0Zoe<\/span>\u00a0elektrikli arac\u0131n\u0131n yeniden tasarlanm\u0131\u015f, tek \u015farjla 300 km menzile sahip modelini sergiledi. Araba 29.000 USD etiketle sat\u0131\u015fa sunulacak ancak bataryas\u0131n\u0131n ayr\u0131ca kiralanmas\u0131 gerekiyor.<\/p>\n<p style=\"color: #666666;\"><img loading=\"lazy\" class=\"visible animated\" src=\"http:\/\/i2.cdn.turner.com\/money\/dam\/assets\/160930123527-paris-electric-cars-renault-zoe-780x439.jpg\" alt=\"paris electric cars renault zoe\" width=\"407\" height=\"229\" border=\"0\" \/><\/p>\n<p style=\"color: #666666;\"><span style=\"font-weight: bold; color: #222222;\">BMW:<\/span>\u00a0i3 ve i8 modellerini Paris\u2019te sergileyen \u015firketin \u00fcst d\u00fczey y\u00f6neticileri fuara kat\u0131lmak yerine, elektrikli ara\u00e7 serilerinin gelece\u011fini tart\u0131\u015ft\u0131klar\u0131 bir strateji toplant\u0131s\u0131ndayd\u0131lar.\u00a0<span style=\"font-weight: bold; color: #222222;\">BMW\u00a0X2<\/span>\u00a0modelinin 2017 y\u0131l\u0131nda tamamen elektrikli olarak \u00fcretilece\u011fini duyurdu.<\/p>\n<p style=\"color: #666666;\"><img loading=\"lazy\" class=\"alignnone wp-image-36158 visible animated\" src=\"http:\/\/www.alternatifenerji.com\/wp-content\/uploads\/2016\/10\/BMW-Paris-300x199.jpg\" alt=\"BMW Paris\" width=\"447\" height=\"297\" \/><\/p>\n<p style=\"color: #666666;\"><span style=\"font-weight: bold; color: #222222;\">Mercedes-Benz:<\/span>\u00a0Alman otomobil devinin<span style=\"font-weight: bold; color: #222222;\">\u00a0Generation EQ\u00a0<\/span>\u00a0modelinin seri \u00fcretimi i\u00e7in hen\u00fcz bir tarih a\u00e7\u0131klanmam\u0131\u015f olsa da, 2025 itibar\u0131 ile sat\u0131\u015flar\u0131n\u0131n %25\u2019ini olu\u015fturmas\u0131n\u0131 bekledikleri elektrikli ara\u00e7 serisi i\u00e7inde \u00f6nemli bir yere sahip olacak.\u00a0<span style=\"font-weight: bold; color: #222222;\">Generation EQ<\/span>\u2018nun \u00e7ok geli\u015fmi\u015f oto pilot, 700km yak\u0131n menzil ve \u00e7ok \u00fcst\u00fcn teknik \u00f6zellikleri ile bu segmetin en prestijli modeli olmas\u0131 bekleniyor.<\/p>\n<p style=\"color: #666666;\"><img loading=\"lazy\" class=\"visible animated\" src=\"http:\/\/i2.cdn.turner.com\/money\/dam\/assets\/160929075216-mercedes-eq-exterior-2-780x439.jpg\" alt=\"mercedes eq exterior 2\" width=\"452\" height=\"254\" border=\"0\" \/><\/p>\n<p><span style=\"font-weight: bold; color: #222222;\">Smart:\u00a0<\/span>Yine Mercedes firmas\u0131na ait olan Smart, bu y\u0131l sonunda\u00a0ABD\u2019de piyasaya sunulacak olan 2 ki\u015filik\u00a0<span style=\"font-weight: bold; color: #222222;\">ForTwo ED<\/span>\u00a0ile, elektrikli araba sekt\u00f6r\u00fcn\u00fcn ilk \u00fcst\u00fc a\u00e7\u0131l\u0131r (convertible) modelini \u00fcreten \u015firket olacak. \u015eirket Avrupa pazar\u0131 i\u00e7in ise\u00a0<span style=\"font-weight: bold; color: #222222;\">Smart ForFour Electric Drive<\/span>\u00a0\u00fcretecek.<\/p>\n<p><img loading=\"lazy\" class=\"visible animated\" src=\"http:\/\/i2.cdn.turner.com\/money\/dam\/assets\/160930123357-paris-electric-cars-smart-780x439.jpg\" alt=\"paris electric cars smart\" width=\"461\" height=\"259\" border=\"0\" \/><\/p>\n<p><span style=\"font-weight: bold; color: #222222;\">Opel:<\/span>\u00a02017 bahar\u0131nda \u00fcretimine ba\u015flanacak olan\u00a0Opel\u2019in<span style=\"font-weight: bold; color: #222222;\">\u00a0Ampera-e \u00a0<\/span>model elektrikli arabas\u0131, ana firma General Motors\u2019un ba\u015fka bir markas\u0131 olan\u00a0<span style=\"font-weight: bold; color: #222222;\">Chevrolet Bolt<\/span>\u2018un Opel versiyonu. Bolt ile ayn\u0131 fabrikada \u00fcretilecek ve tek \u015farjla 500 km yak\u0131n menzile sahip olacak.<\/p>\n<p><img loading=\"lazy\" class=\"visible animated alignleft\" src=\"http:\/\/i2.cdn.turner.com\/money\/dam\/assets\/160930123506-paris-electric-cars-opel-780x439.jpg\" alt=\"paris electric cars opel\" width=\"425\" height=\"239\" border=\"0\" \/><\/p>\n<p>&nbsp;<\/p>\n<p style=\"color: #666666;\">\n<p style=\"color: #666666;\">\n<p style=\"color: #666666;\">\n<p style=\"color: #666666;\">\n<p style=\"color: #666666;\">\n<p style=\"color: #666666;\">\n<p style=\"color: #666666;\">\n<p style=\"color: #666666;\">\n<p style=\"color: #666666;\">\n<p style=\"color: #666666;\">\n<p><\/p>","protected":false},"excerpt":{"rendered":"<p>Sorry, this entry is only available in Turkish. For the sake of viewer convenience, the content is shown below in the alternative language. You may click the link to switch the active language.Petrol fiyatlar\u0131 d\u00fc\u015f\u00fc\u015f\u00fcn\u00fc s\u00fcrd\u00fcr\u00fcrken en \u00f6nemli geli\u015fme ise elektrikli ara\u00e7 piyasas\u0131n\u0131n ge\u00e7ti\u011fimiz bir sene i\u00e7indeki\u00a0h\u0131zl\u0131 b\u00fcy\u00fcmesi oldu. Ancak \u00a0\u201cdizel skandal\u0131\u201d ard\u0131ndan ve \u00a0Elon [&hellip;]<\/p>\n","protected":false},"author":1,"featured_media":58021,"comment_status":"open","ping_status":"open","sticky":false,"template":"","format":"standard","meta":[],"categories":[51,53,157],"tags":[17207,215,1270,63,67,1009,2698,165,31783],"views":1805,"_links":{"self":[{"href":"https:\/\/www.enerjigazetesi.ist\/en\/wp-json\/wp\/v2\/posts\/58020"}],"collection":[{"href":"https:\/\/www.enerjigazetesi.ist\/en\/wp-json\/wp\/v2\/posts"}],"about":[{"href":"https:\/\/www.enerjigazetesi.ist\/en\/wp-json\/wp\/v2\/types\/post"}],"author":[{"embeddable":true,"href":"https:\/\/www.enerjigazetesi.ist\/en\/wp-json\/wp\/v2\/users\/1"}],"replies":[{"embeddable":true,"href":"https:\/\/www.enerjigazetesi.ist\/en\/wp-json\/wp\/v2\/comments?post=58020"}],"version-history":[{"count":8,"href":"https:\/\/www.enerjigazetesi.ist\/en\/wp-json\/wp\/v2\/posts\/58020\/revisions"}],"predecessor-version":[{"id":58029,"href":"https:\/\/www.enerjigazetesi.ist\/en\/wp-json\/wp\/v2\/posts\/58020\/revisions\/58029"}],"wp:featuredmedia":[{"embeddable":true,"href":"https:\/\/www.enerjigazetesi.ist\/en\/wp-json\/wp\/v2\/media\/58021"}],"wp:attachment":[{"href":"https:\/\/www.enerjigazetesi.ist\/en\/wp-json\/wp\/v2\/media?parent=58020"}],"wp:term":[{"taxonomy":"category","embeddable":true,"href":"https:\/\/www.enerjigazetesi.ist\/en\/wp-json\/wp\/v2\/categories?post=58020"},{"taxonomy":"post_tag","embeddable":true,"href":"https:\/\/www.enerjigazetesi.ist\/en\/wp-json\/wp\/v2\/tags?post=58020"}],"curies":[{"name":"wp","href":"https:\/\/api.w.org\/{rel}","templated":true}]}}