{"id":5799,"date":"2013-01-30T16:45:17","date_gmt":"2013-01-30T13:45:17","guid":{"rendered":"https:\/\/www.enerjigazetesi.ist\/?p=5799"},"modified":"2013-01-30T16:45:17","modified_gmt":"2013-01-30T13:45:17","slug":"jeotermal-aramalarina-tesvik-geliyor","status":"publish","type":"post","link":"https:\/\/www.enerjigazetesi.ist\/en\/jeotermal-aramalarina-tesvik-geliyor\/","title":{"rendered":"(Turkish) Jeotermal Aramalar\u0131na Te\u015fvik Geliyor"},"content":{"rendered":"<p class=\"qtranxs-available-languages-message qtranxs-available-languages-message-en\">Sorry, this entry is only available in <a href=\"https:\/\/www.enerjigazetesi.ist\/tr\/wp-json\/wp\/v2\/posts\/5799\" class=\"qtranxs-available-language-link qtranxs-available-language-link-tr\" title=\"Turkish\">Turkish<\/a>. For the sake of viewer convenience, the content is shown below in the alternative language. You may click the link to switch the active language.<\/p><p><strong>Enerji Bakan\u0131 Taner Y\u0131ld\u0131z son geli\u015fmeleri de\u011ferlendirdi. Enerji ve Tabii Kaynaklar Bakan\u0131 Taner Y\u0131ld\u0131z, enerjide yerli kaynaklar\u0131n de\u011ferlendirilmesine b\u00fcy\u00fck \u00f6nem verdiklerini ve bu kapsamda jeotermal kaynaklar\u0131n bulunarak devreye al\u0131nmas\u0131n\u0131 i\u00e7in petrol aramas\u0131nda oldu\u011fu gibi jeotermal aramada da te\u015fvik getirilmesinin g\u00fcndemde oldu\u011funu bildirdi.<\/strong><\/p>\n<p><img loading=\"lazy\" class=\"alignright size-medium wp-image-5800\" title=\"jeotermal-enerji-tesvik-arama-sondaj-505x378\" src=\"https:\/\/www.enerjigazetesi.ist\/wp-content\/uploads\/2013\/01\/jeotermal-enerji-tesvik-arama-sondaj-505x378-300x224.jpg\" alt=\"\" width=\"300\" height=\"224\" srcset=\"https:\/\/www.enerjigazetesi.ist\/wp-content\/uploads\/2013\/01\/jeotermal-enerji-tesvik-arama-sondaj-505x378-300x224.jpg 300w, https:\/\/www.enerjigazetesi.ist\/wp-content\/uploads\/2013\/01\/jeotermal-enerji-tesvik-arama-sondaj-505x378-500x374.jpg 500w, https:\/\/www.enerjigazetesi.ist\/wp-content\/uploads\/2013\/01\/jeotermal-enerji-tesvik-arama-sondaj-505x378-66x50.jpg 66w, https:\/\/www.enerjigazetesi.ist\/wp-content\/uploads\/2013\/01\/jeotermal-enerji-tesvik-arama-sondaj-505x378.jpg 505w\" sizes=\"(max-width: 300px) 100vw, 300px\" \/>Bu konuyu Ba\u015fbakan Yard\u0131mc\u0131s\u0131 Ali Babacan ile g\u00f6r\u00fc\u015ft\u00fcklerini belirten Y\u0131ld\u0131z, \u201dSay\u0131n Babacan, jeotermali \u00e7ok \u00f6nemsiyor. \u015eu anda petrol aramalar\u0131nda kullan\u0131lan sondaj makinelerinin te\u015fvi\u011fi var, ama jeotermal aramalar\u0131nda kullan\u0131lan sondaj makinelerinin te\u015fvi\u011fi yok. Petrol aramas\u0131nda oldu\u011fu gibi jeotermal aramalar\u0131n da te\u015fvi\u011fe dahil edilmesi g\u00fcndemde\u201d dedi.<\/p>\n<p>Kaynak: <a href=\"http:\/\/enerjienstitusu.com\/2013\/01\/30\/jeotermal-aramalarina-da-tesvik-gundemde\/\" target=\"_blank\">Enerji Enstit\u00fcs\u00fc<\/a><\/p>","protected":false},"excerpt":{"rendered":"<p>Sorry, this entry is only available in Turkish. For the sake of viewer convenience, the content is shown below in the alternative language. You may click the link to switch the active language.Enerji Bakan\u0131 Taner Y\u0131ld\u0131z son geli\u015fmeleri de\u011ferlendirdi. Enerji ve Tabii Kaynaklar Bakan\u0131 Taner Y\u0131ld\u0131z, enerjide yerli kaynaklar\u0131n de\u011ferlendirilmesine b\u00fcy\u00fck \u00f6nem verdiklerini ve bu [&hellip;]<\/p>\n","protected":false},"author":1,"featured_media":5800,"comment_status":"open","ping_status":"open","sticky":false,"template":"","format":"standard","meta":[],"categories":[53,48],"tags":[2078,56,1005,2077],"views":750,"_links":{"self":[{"href":"https:\/\/www.enerjigazetesi.ist\/en\/wp-json\/wp\/v2\/posts\/5799"}],"collection":[{"href":"https:\/\/www.enerjigazetesi.ist\/en\/wp-json\/wp\/v2\/posts"}],"about":[{"href":"https:\/\/www.enerjigazetesi.ist\/en\/wp-json\/wp\/v2\/types\/post"}],"author":[{"embeddable":true,"href":"https:\/\/www.enerjigazetesi.ist\/en\/wp-json\/wp\/v2\/users\/1"}],"replies":[{"embeddable":true,"href":"https:\/\/www.enerjigazetesi.ist\/en\/wp-json\/wp\/v2\/comments?post=5799"}],"version-history":[{"count":1,"href":"https:\/\/www.enerjigazetesi.ist\/en\/wp-json\/wp\/v2\/posts\/5799\/revisions"}],"predecessor-version":[{"id":5801,"href":"https:\/\/www.enerjigazetesi.ist\/en\/wp-json\/wp\/v2\/posts\/5799\/revisions\/5801"}],"wp:featuredmedia":[{"embeddable":true,"href":"https:\/\/www.enerjigazetesi.ist\/en\/wp-json\/wp\/v2\/media\/5800"}],"wp:attachment":[{"href":"https:\/\/www.enerjigazetesi.ist\/en\/wp-json\/wp\/v2\/media?parent=5799"}],"wp:term":[{"taxonomy":"category","embeddable":true,"href":"https:\/\/www.enerjigazetesi.ist\/en\/wp-json\/wp\/v2\/categories?post=5799"},{"taxonomy":"post_tag","embeddable":true,"href":"https:\/\/www.enerjigazetesi.ist\/en\/wp-json\/wp\/v2\/tags?post=5799"}],"curies":[{"name":"wp","href":"https:\/\/api.w.org\/{rel}","templated":true}]}}