{"id":57960,"date":"2016-10-08T21:19:53","date_gmt":"2016-10-08T18:19:53","guid":{"rendered":"https:\/\/www.enerjigazetesi.ist\/?p=57960"},"modified":"2016-10-08T22:32:56","modified_gmt":"2016-10-08T19:32:56","slug":"dunya-enerji-kongresi-altin-sponsorlari-akenerji-sedas-ve-sepas-enerji-oldu","status":"publish","type":"post","link":"https:\/\/www.enerjigazetesi.ist\/en\/dunya-enerji-kongresi-altin-sponsorlari-akenerji-sedas-ve-sepas-enerji-oldu\/","title":{"rendered":"(Turkish) D\u00fcnya Enerji Kongresi &#8216;Alt\u0131n Sponsorlar\u0131&#8217; Akenerji, Seda\u015f ve Sepa\u015f Enerji Oldu!"},"content":{"rendered":"<p class=\"qtranxs-available-languages-message qtranxs-available-languages-message-en\">Sorry, this entry is only available in <a href=\"https:\/\/www.enerjigazetesi.ist\/tr\/wp-json\/wp\/v2\/posts\/57960\" class=\"qtranxs-available-language-link qtranxs-available-language-link-tr\" title=\"Turkish\">Turkish<\/a>. For the sake of viewer convenience, the content is shown below in the alternative language. You may click the link to switch the active language.<\/p><p><strong>Cumhurba\u015fkan\u0131 Recep Tayyip Erdo\u011fan\u2019\u0131n Himayelerinde World Energy Council taraf\u0131ndan d\u00fczenlenen 23\u2019\u00fcnc\u00fc D\u00fcnya Enerji Kongresi 2016 (World Energy Congress 2016)\u2019n\u0131n Alt\u0131n Sponsorlar\u0131 olarak Akk\u00f6k-CEZ Ortakl\u0131\u011f\u0131 olan Akenerji, Sepa\u015f Enerji ve SEDA\u015e \u00a0firmalar\u0131 yer ald\u0131.<\/strong><\/p>\n<p>\u0130stanbul Kongre Merkezi\u2019nde 9-13 Ekim Tarihleri aras\u0131nda ger\u00e7ekle\u015ftirilecek olan Kongre\u2019nin bu y\u0131lki temas\u0131 \u201cEmbracing New Frontiers\u201d olarak belirlendi. Kongre\u2019de a\u00e7\u0131l\u0131\u015f konu\u015fmalar\u0131 Cumhurba\u015fkan\u0131 Recep Tayyip Erdo\u011fan, Ba\u015fbakan Binali Y\u0131ld\u0131r\u0131m ve Enerji ve Tabii Kaynaklar Bakan\u0131 Berat Albayrak\u00a0taraf\u0131ndan yap\u0131lacakt\u0131r.<\/p>\n<p>D\u00f6rt g\u00fcn s\u00fcrecek Kongre\u2019nin a\u00e7\u0131l\u0131\u015f\u0131nda, \u00e7ok say\u0131da \u00fclkenin enerji bakan\u0131 da kat\u0131l\u0131m g\u00f6sterecektir. Ayr\u0131ca enerji konusunda faaliyet g\u00f6steren bir \u00e7ok uluslararas\u0131 \u00f6rg\u00fct\u00fcn temsilcileri, enerji \u015firketlerinin \u00fcst d\u00fczey y\u00f6neticileri ve sivil toplum kurulu\u015flar\u0131n\u0131n s\u00f6zc\u00fcleri Kongre boyunca g\u00f6r\u00fc\u015f ve fikirlerini aktarma f\u0131rsat\u0131 da bulacaklard\u0131r.<\/p>\n<p><a href=\"https:\/\/www.enerjigazetesi.ist\/wp-content\/uploads\/2016\/10\/dunya-enerji-kongresinin-altin-sponsorlari-akenerji-sedas-ve-sepas-oldu.jpg\"><img loading=\"lazy\" class=\"aligncenter  wp-image-57962\" src=\"https:\/\/www.enerjigazetesi.ist\/wp-content\/uploads\/2016\/10\/dunya-enerji-kongresinin-altin-sponsorlari-akenerji-sedas-ve-sepas-oldu.jpg\" alt=\"dunya-enerji-kongresinin-altin-sponsorlari-akenerji-sedas-ve-sepas-oldu\" width=\"681\" height=\"312\" \/><\/a><\/p>\n<p>Kongre boyunca bir \u00e7ok paralel etkinlik de hayata ge\u00e7irilecek. Bunlardan biri World Energy Council taraf\u0131ndan olu\u015fturulan \u201cGelece\u011fin Enerji Liderleri\u201d Grubu\u2019nun faaliyeti olurken, di\u011ferleri de \u201cCOP 21 Sonras\u0131 K\u00f6m\u00fcr\u00fcn Gelece\u011fi \u00c7al\u0131\u015ftay\u0131\u201d, \u201cEnerjide Yeni D\u00f6n\u00fc\u015f\u00fcm \u0130\u00e7inde Yol Almak: \u0130\u015f ve Devlet Y\u00f6neticileri Ne Yapmal\u0131 \u00c7al\u0131\u015ftay\u0131\u201d ve \u201cD\u00fc\u015f\u00fck Petrol Fiyatlar\u0131 ve Karbonsuzla\u015fma D\u00f6neminde Enerji Yat\u0131r\u0131mlar\u0131n\u0131 Canland\u0131rmak \u00c7al\u0131\u015ftay\u0131\u201d olacakt\u0131r.<\/p>\n<p><strong>Kongre\u2019ye T\u00fcrkiye\u2019nin en k\u00f6kl\u00fc sanayi Gruplar\u0131ndan biri olan Akk\u00f6k Holding ile Avrupa\u2019n\u0131n lider enerji \u015firketlerinden CEZ Group\u2019un ortak oldu\u011fu Akenerji, Sepa\u015f Enerji ve SEDA\u015e \u00a0\u015firketleri de &#8216;Alt\u0131n Sponsor&#8217; olarak kat\u0131l\u0131m g\u00f6stereceklerdir.<\/strong><\/p>\n<p>Elektrik \u00fcretiminde 25 y\u0131l\u0131 a\u015fk\u0131n deneyime sahip olan Akenerji, 1.211 MW toplam kurulu g\u00fcc\u00fc ile T\u00fcrkiye elektrik enerjisi sekt\u00f6r\u00fcne y\u00f6n veren, \u00f6nc\u00fc firmalardan biridir. Y\u00fczde 25\u2019i halka a\u00e7\u0131k olan Akenerji,\u00a0\u00a0 toplamda 388 MW yenilenebilir enerji kayna\u011f\u0131na dayal\u0131 \u00fcretim kapasitesine sahiptir. Tek ba\u015f\u0131na T\u00fcrkiye enerji ihtiyac\u0131n\u0131n y\u00fczde 3.1\u2019ini kar\u015f\u0131layacak kapasiteye sahip olan Akenerji, \u00e7evreye duyarl\u0131 \u00fcretim ve kaynaklar\u0131n do\u011fru kullan\u0131m\u0131 hedefine uygun olarak tesislerinde y\u00fcksek verim ve d\u00fc\u015f\u00fck emisyon de\u011ferlerine sahip, modern, \u00e7evre dostu ve y\u00fcksek teknoloji \u00fcr\u00fcnler kullanmaya \u00f6zen g\u00f6stermektedir.<\/p>\n<p>Akk\u00f6k \u2013 CEZ Group ortakl\u0131\u011f\u0131n\u0131n elektrik sekt\u00f6r\u00fcnde faaliyet g\u00f6steren perakende \u015firketi Sepa\u015f Enerji, 1 Ocak 2013 tarihinde kurulmu\u015ftur. Sepa\u015f Enerji, her ge\u00e7en g\u00fcn b\u00fcy\u00fcyen T\u00fcrkiye elektrik perakende piyasas\u0131n\u0131n \u00f6nc\u00fc \u015firketlerinden birisidir. Sepa\u015f Enerji, Sakarya, Kocaeli, Bolu ve D\u00fczce\u2019nin G\u00f6revli Tedarik \u015eirketi olmas\u0131n\u0131n yan\u0131 s\u0131ra T\u00fcrkiye\u2019nin d\u00f6rt bir yan\u0131ndaki 1.6 milyon m\u00fc\u015fterisine elektrik tedarik hizmeti vermekte ve \u00e7al\u0131\u015fma alan\u0131n\u0131 her ge\u00e7en g\u00fcn geni\u015fletmektedir.<\/p>\n<p>Elektrik da\u011f\u0131t\u0131m \u015firketi SEDA\u015e ise Akk\u00f6k Holding ile CEZ Grubu\u2019nun olu\u015fturdu\u011fu ortak giri\u015fim \u015firketi olan Akcez taraf\u0131ndan 11 \u015eubat 2009 y\u0131l\u0131nda \u00f6zelle\u015ftirme kapsam\u0131nda devral\u0131nm\u0131\u015ft\u0131r. SEDA\u015e \u00a0yedi y\u0131ldan bu yana, Kocaeli, Sakarya, Bolu ve D\u00fczce illerinin yer ald\u0131\u011f\u0131 faaliyet b\u00f6lgesinde toplam 19.421 kilometrekarelik y\u00fcz\u00f6l\u00e7\u00fcm\u00fc \u00fczerinde, 45 il\u00e7e ve 1.441 k\u00f6yde toplam 3,4 milyon n\u00fcfusa ve 1,6 milyon t\u00fcketiciye 1700 \u00e7al\u0131\u015fan\u0131yla elektrik da\u011f\u0131t\u0131m hizmeti vermektedir.<\/p>","protected":false},"excerpt":{"rendered":"<p>Sorry, this entry is only available in Turkish. For the sake of viewer convenience, the content is shown below in the alternative language. You may click the link to switch the active language.Cumhurba\u015fkan\u0131 Recep Tayyip Erdo\u011fan\u2019\u0131n Himayelerinde World Energy Council taraf\u0131ndan d\u00fczenlenen 23\u2019\u00fcnc\u00fc D\u00fcnya Enerji Kongresi 2016 (World Energy Congress 2016)\u2019n\u0131n Alt\u0131n Sponsorlar\u0131 olarak Akk\u00f6k-CEZ [&hellip;]<\/p>\n","protected":false},"author":1,"featured_media":57961,"comment_status":"open","ping_status":"open","sticky":false,"template":"","format":"standard","meta":[],"categories":[53],"tags":[9692,3762,31776,63,67,1009,2698,165,2063,2444,21296,29084,31775,29099],"views":1311,"_links":{"self":[{"href":"https:\/\/www.enerjigazetesi.ist\/en\/wp-json\/wp\/v2\/posts\/57960"}],"collection":[{"href":"https:\/\/www.enerjigazetesi.ist\/en\/wp-json\/wp\/v2\/posts"}],"about":[{"href":"https:\/\/www.enerjigazetesi.ist\/en\/wp-json\/wp\/v2\/types\/post"}],"author":[{"embeddable":true,"href":"https:\/\/www.enerjigazetesi.ist\/en\/wp-json\/wp\/v2\/users\/1"}],"replies":[{"embeddable":true,"href":"https:\/\/www.enerjigazetesi.ist\/en\/wp-json\/wp\/v2\/comments?post=57960"}],"version-history":[{"count":4,"href":"https:\/\/www.enerjigazetesi.ist\/en\/wp-json\/wp\/v2\/posts\/57960\/revisions"}],"predecessor-version":[{"id":57984,"href":"https:\/\/www.enerjigazetesi.ist\/en\/wp-json\/wp\/v2\/posts\/57960\/revisions\/57984"}],"wp:featuredmedia":[{"embeddable":true,"href":"https:\/\/www.enerjigazetesi.ist\/en\/wp-json\/wp\/v2\/media\/57961"}],"wp:attachment":[{"href":"https:\/\/www.enerjigazetesi.ist\/en\/wp-json\/wp\/v2\/media?parent=57960"}],"wp:term":[{"taxonomy":"category","embeddable":true,"href":"https:\/\/www.enerjigazetesi.ist\/en\/wp-json\/wp\/v2\/categories?post=57960"},{"taxonomy":"post_tag","embeddable":true,"href":"https:\/\/www.enerjigazetesi.ist\/en\/wp-json\/wp\/v2\/tags?post=57960"}],"curies":[{"name":"wp","href":"https:\/\/api.w.org\/{rel}","templated":true}]}}