{"id":57911,"date":"2016-10-07T11:26:15","date_gmt":"2016-10-07T08:26:15","guid":{"rendered":"https:\/\/www.enerjigazetesi.ist\/?p=57911"},"modified":"2016-10-23T16:41:28","modified_gmt":"2016-10-23T13:41:28","slug":"islam-kalkinma-bankasindan-turkiyeye-gelecek-10-yilda-enerji-alaninda-destek","status":"publish","type":"post","link":"https:\/\/www.enerjigazetesi.ist\/en\/islam-kalkinma-bankasindan-turkiyeye-gelecek-10-yilda-enerji-alaninda-destek\/","title":{"rendered":"(Turkish) T\u00fcrkiye&#8217;ye Gelecek 10 Y\u0131lda Enerji Yat\u0131r\u0131mlar\u0131 Alan\u0131nda Ciddi Destek&#8230;"},"content":{"rendered":"<p class=\"qtranxs-available-languages-message qtranxs-available-languages-message-en\">Sorry, this entry is only available in <a href=\"https:\/\/www.enerjigazetesi.ist\/tr\/wp-json\/wp\/v2\/posts\/57911\" class=\"qtranxs-available-language-link qtranxs-available-language-link-tr\" title=\"Turkish\">Turkish<\/a>. For the sake of viewer convenience, the content is shown below in the alternative language. You may click the link to switch the active language.<\/p><p><\/p>\n<p class=\"selectionShareable\" style=\"color: #0a0a0a;\"><strong>\u0130slam Kalk\u0131nma Bankas\u0131 T\u00fcrkiye Direkt\u00f6r\u00fc Jelassi: T\u00fcrkiye\u2019ye gelecek 10 y\u0131lda enerji yat\u0131r\u0131mlar\u0131 i\u00e7in ciddi bir destek sa\u011flamay\u0131\u00a0hedeflemekteyiz.<\/strong><span id=\"more-84194\"><\/span><\/p>\n<p class=\"selectionShareable\" style=\"color: #0a0a0a;\">\u0130slam Kalk\u0131nma Bankas\u0131 T\u00fcrkiye Direkt\u00f6r\u00fc Saleh Jelassi, T\u00fcrkiye\u2019ye gelecek 10 y\u0131lda enerji yat\u0131r\u0131mlar\u0131 i\u00e7in ciddi bir destek sa\u011flamay\u0131 planlad\u0131klar\u0131n\u0131 belirterek, \u201c\u0130slam Kalk\u0131nma Bankas\u0131n\u0131n AAA reytingini kullanarak, T\u00fcrkiye\u2019deki enerji yat\u0131r\u0131mc\u0131lar\u0131n\u0131n daha<a href=\"https:\/\/www.enerjigazetesi.ist\/wp-content\/uploads\/2015\/12\/yorum-gunes-ve-ruzgarin-zaferi.jpg\"><img loading=\"lazy\" class=\"alignleft size-medium wp-image-47890\" src=\"https:\/\/www.enerjigazetesi.ist\/wp-content\/uploads\/2015\/12\/yorum-gunes-ve-ruzgarin-zaferi-300x165.jpg\" alt=\"yorum-gunes-ve-ruzgarin-zaferi\" width=\"300\" height=\"165\" srcset=\"https:\/\/www.enerjigazetesi.ist\/wp-content\/uploads\/2015\/12\/yorum-gunes-ve-ruzgarin-zaferi-300x165.jpg 300w, https:\/\/www.enerjigazetesi.ist\/wp-content\/uploads\/2015\/12\/yorum-gunes-ve-ruzgarin-zaferi-500x276.jpg 500w, https:\/\/www.enerjigazetesi.ist\/wp-content\/uploads\/2015\/12\/yorum-gunes-ve-ruzgarin-zaferi-80x44.jpg 80w, https:\/\/www.enerjigazetesi.ist\/wp-content\/uploads\/2015\/12\/yorum-gunes-ve-ruzgarin-zaferi.jpg 696w\" sizes=\"(max-width: 300px) 100vw, 300px\" \/><\/a> d\u00fc\u015f\u00fck maliyetli finansman kullanmas\u0131nda ve enerji yat\u0131r\u0131mlar\u0131n\u0131n ger\u00e7ekle\u015fmesinde yard\u0131mc\u0131 olabiliriz.\u201d ifadelerine yer verdi.<\/p>\n<p class=\"selectionShareable\" style=\"color: #0a0a0a;\">Jelassi, yapt\u0131\u011f\u0131 a\u00e7\u0131klamada, \u0130slam Kalk\u0131nma Bankas\u0131n\u0131n T\u00fcrkiye\u2019deki \u00f6ncelikleri aras\u0131nda enerji sekt\u00f6r\u00fcn\u00fcn \u00f6nemli bir yeri oldu\u011funu\u00a0belirtti.<\/p>\n<p class=\"selectionShareable\" style=\"color: #0a0a0a;\">Bankan\u0131n, son iki y\u0131lda enerji sekt\u00f6r\u00fcne 540 milyon dolar kaynak sa\u011flad\u0131\u011f\u0131n\u0131 ve bu \u015fekilde 2 milyar dolar\u0131n \u00fczerinde yat\u0131r\u0131m\u0131n ger\u00e7ekle\u015fmesine yard\u0131mc\u0131 olundu\u011funu anlatan Jelassi, sa\u011flad\u0131klar\u0131 bu finansman\u0131n b\u00fcy\u00fck bir b\u00f6l\u00fcm\u00fcn\u00fcn yenilenebilir enerji ve sanayide enerji verimlili\u011finin geli\u015ftirilmesi i\u00e7in kullan\u0131ld\u0131\u011f\u0131n\u0131 belirtti. Jelassi, bu yat\u0131r\u0131mlar\u0131n sonucu olarak T\u00fcrkiye\u2019de 600 megavatl\u0131k kurulu g\u00fcc\u00fcn devreye al\u0131nd\u0131\u011f\u0131n\u0131 ve T\u00fcrkiye\u2019nin enerji ithalat\u0131na katk\u0131da bulunuldu\u011funu\u00a0s\u00f6yledi.<\/p>\n<p class=\"selectionShareable\" style=\"color: #0a0a0a;\">T\u00fcrkiye\u2019de elektrik \u00fcretim, iletim ve da\u011f\u0131t\u0131m\u0131yla do\u011falgaz depolama alanlar\u0131nda altyap\u0131 yat\u0131r\u0131mlar\u0131na ihtiyac\u0131n artt\u0131\u011f\u0131n\u0131n bilincinde olduklar\u0131n\u0131 dile getiren Jelassi, \u201cG\u00fc\u00e7l\u00fc bir talep ve banka taraf\u0131ndan kabul edilebilir projelerle, T\u00fcrkiye\u2019ye gelecek 10 y\u0131lda enerji yat\u0131r\u0131mlar\u0131 i\u00e7in ciddi bir destek sa\u011flamay\u0131 planl\u0131yoruz. Bu s\u00fcre\u00e7te, T\u00fcrkiye\u2019nin de hedefleri do\u011frultusunda yenilenebilir enerji alan\u0131 destekleyece\u011fimiz temel alanlardan biri olmaya devam edecek. \u00d6te yandan, finansman\u0131m\u0131z tabi ki yenilenebilir enerjiyle s\u0131n\u0131rl\u0131 de\u011fil. Temiz enerji \u00fcretimi, enerji depolama, elektrik ve do\u011falgaz da\u011f\u0131t\u0131m sistemlerine de yo\u011funla\u015f\u0131yoruz.\u201d\u00a0dedi.<\/p>\n<p class=\"selectionShareable\" style=\"color: #0a0a0a;\">Jelassi, yat\u0131r\u0131mc\u0131lar\u0131n kar\u015f\u0131la\u015ft\u0131\u011f\u0131 en b\u00fcy\u00fck zorluklardan birisinin y\u00fcksek finansman maliyeti oldu\u011funu ve \u0130slam Kalk\u0131nma Bankas\u0131n\u0131n, \u00e7ok uluslu bir kalk\u0131nma bankas\u0131 olarak rekabet\u00e7i ko\u015fullarda finansman sa\u011flad\u0131\u011f\u0131n\u0131n vurgusu da yap\u0131ld\u0131.<\/p>\n<p class=\"selectionShareable\" style=\"color: #0a0a0a;\">S\u00f6z konusu finansmanlar\u0131n hacminin \u00e7ok b\u00fcy\u00fck olmas\u0131 sebebiyle T\u00fcrkiye\u2019deki enerji yat\u0131r\u0131mc\u0131lar\u0131 i\u00e7in daha yenilik\u00e7i bir finansman modeli geli\u015ftirilmesi gerekti\u011fini aktaran Jelassi, \u201cBanka olarak, enerji alan\u0131ndaki yeni yat\u0131r\u0131mlar\u0131 desteklemek i\u00e7in piyasa tabanl\u0131 yap\u0131lar arac\u0131l\u0131\u011f\u0131yla \u00f6zel sekt\u00f6rden de baz\u0131 fonlar\u0131 harekete ge\u00e7irmek istiyoruz. \u0130slam Kalk\u0131nma Bankas\u0131n\u0131n AAA reytingini kullanarak, T\u00fcrkiye\u2019deki enerji yat\u0131r\u0131mc\u0131lar\u0131n\u0131n daha d\u00fc\u015f\u00fck maliyetli finansman kullanmas\u0131nda ve enerji yat\u0131r\u0131mlar\u0131n\u0131n ger\u00e7ekle\u015fmesinde yard\u0131mc\u0131 olabiliriz.\u201d\u00a0ifadelerine yer verdi.<\/p>\n<p class=\"selectionShareable\" style=\"color: #0a0a0a;\">Jelassi, bankan\u0131n T\u00fcrkiye\u2019deki g\u00fcne\u015f ve r\u00fczgar enerjisi yat\u0131r\u0131mlar\u0131n\u0131 desteklemeye devam edece\u011fini ve yenilenebilir kaynaklar\u0131n devreye girmesiyle hem enerji arz g\u00fcvenli\u011fine hem de emisyon sal\u0131n\u0131m\u0131n\u0131n d\u00fc\u015f\u00fcr\u00fclmesine katk\u0131da bulunacaklar\u0131n\u0131\u00a0da ifade etti.<\/p>\n<p><\/p>","protected":false},"excerpt":{"rendered":"<p>Sorry, this entry is only available in Turkish. For the sake of viewer convenience, the content is shown below in the alternative language. You may click the link to switch the active language. \u0130slam Kalk\u0131nma Bankas\u0131 T\u00fcrkiye Direkt\u00f6r\u00fc Jelassi: T\u00fcrkiye\u2019ye gelecek 10 y\u0131lda enerji yat\u0131r\u0131mlar\u0131 i\u00e7in ciddi bir destek sa\u011flamay\u0131\u00a0hedeflemekteyiz. \u0130slam Kalk\u0131nma Bankas\u0131 T\u00fcrkiye Direkt\u00f6r\u00fc [&hellip;]<\/p>\n","protected":false},"author":1,"featured_media":47890,"comment_status":"open","ping_status":"open","sticky":false,"template":"","format":"standard","meta":[],"categories":[53,49,50],"tags":[31764,5488,63,67,1009,2698,165,5382,117,532,2326,227,13,2401,3646,11750,474,69,16,312,15406,1534],"views":819,"_links":{"self":[{"href":"https:\/\/www.enerjigazetesi.ist\/en\/wp-json\/wp\/v2\/posts\/57911"}],"collection":[{"href":"https:\/\/www.enerjigazetesi.ist\/en\/wp-json\/wp\/v2\/posts"}],"about":[{"href":"https:\/\/www.enerjigazetesi.ist\/en\/wp-json\/wp\/v2\/types\/post"}],"author":[{"embeddable":true,"href":"https:\/\/www.enerjigazetesi.ist\/en\/wp-json\/wp\/v2\/users\/1"}],"replies":[{"embeddable":true,"href":"https:\/\/www.enerjigazetesi.ist\/en\/wp-json\/wp\/v2\/comments?post=57911"}],"version-history":[{"count":3,"href":"https:\/\/www.enerjigazetesi.ist\/en\/wp-json\/wp\/v2\/posts\/57911\/revisions"}],"predecessor-version":[{"id":58385,"href":"https:\/\/www.enerjigazetesi.ist\/en\/wp-json\/wp\/v2\/posts\/57911\/revisions\/58385"}],"wp:featuredmedia":[{"embeddable":true,"href":"https:\/\/www.enerjigazetesi.ist\/en\/wp-json\/wp\/v2\/media\/47890"}],"wp:attachment":[{"href":"https:\/\/www.enerjigazetesi.ist\/en\/wp-json\/wp\/v2\/media?parent=57911"}],"wp:term":[{"taxonomy":"category","embeddable":true,"href":"https:\/\/www.enerjigazetesi.ist\/en\/wp-json\/wp\/v2\/categories?post=57911"},{"taxonomy":"post_tag","embeddable":true,"href":"https:\/\/www.enerjigazetesi.ist\/en\/wp-json\/wp\/v2\/tags?post=57911"}],"curies":[{"name":"wp","href":"https:\/\/api.w.org\/{rel}","templated":true}]}}