{"id":57903,"date":"2016-10-07T10:57:14","date_gmt":"2016-10-07T07:57:14","guid":{"rendered":"https:\/\/www.enerjigazetesi.ist\/?p=57903"},"modified":"2016-10-07T10:58:07","modified_gmt":"2016-10-07T07:58:07","slug":"ukrayna-2020-yilinda-dogalgaz-ihtiyacini-kendi-karsilayabilecektir","status":"publish","type":"post","link":"https:\/\/www.enerjigazetesi.ist\/en\/ukrayna-2020-yilinda-dogalgaz-ihtiyacini-kendi-karsilayabilecektir\/","title":{"rendered":"(Turkish) Ukrayna 2020 Y\u0131l\u0131nda Do\u011falgaz \u0130htiyac\u0131n\u0131 Kendi Kar\u015f\u0131layabilecektir!"},"content":{"rendered":"<p class=\"qtranxs-available-languages-message qtranxs-available-languages-message-en\">Sorry, this entry is only available in <a href=\"https:\/\/www.enerjigazetesi.ist\/tr\/wp-json\/wp\/v2\/posts\/57903\" class=\"qtranxs-available-language-link qtranxs-available-language-link-tr\" title=\"Turkish\">Turkish<\/a>. For the sake of viewer convenience, the content is shown below in the alternative language. You may click the link to switch the active language.<\/p><p><\/p>\n<p class=\"selectionShareable\" style=\"color: #0a0a0a;\"><strong>Ukrayna Ba\u015fbakan Yard\u0131mc\u0131s\u0131 Vladimir Kistion, Ukrayna\u2019n\u0131n 2020 y\u0131l\u0131nda do\u011falgaz ihtiyac\u0131n\u0131 yerli \u00fcretim ile kar\u015f\u0131lamay\u0131 hedefledi\u011fini\u00a0belirtti.<a href=\"https:\/\/www.enerjigazetesi.ist\/wp-content\/uploads\/2016\/06\/kuresel-dogalgaz-talebi-yillik-yuzde-15-artacak.jpg\"><img loading=\"lazy\" class=\"alignright size-medium wp-image-53848\" src=\"https:\/\/www.enerjigazetesi.ist\/wp-content\/uploads\/2016\/06\/kuresel-dogalgaz-talebi-yillik-yuzde-15-artacak-300x168.jpg\" alt=\"kuresel-dogalgaz-talebi-yillik-yuzde-15-artacak\" width=\"300\" height=\"168\" srcset=\"https:\/\/www.enerjigazetesi.ist\/wp-content\/uploads\/2016\/06\/kuresel-dogalgaz-talebi-yillik-yuzde-15-artacak-300x168.jpg 300w, https:\/\/www.enerjigazetesi.ist\/wp-content\/uploads\/2016\/06\/kuresel-dogalgaz-talebi-yillik-yuzde-15-artacak-1024x576.jpg 1024w, https:\/\/www.enerjigazetesi.ist\/wp-content\/uploads\/2016\/06\/kuresel-dogalgaz-talebi-yillik-yuzde-15-artacak-500x281.jpg 500w, https:\/\/www.enerjigazetesi.ist\/wp-content\/uploads\/2016\/06\/kuresel-dogalgaz-talebi-yillik-yuzde-15-artacak-80x45.jpg 80w, https:\/\/www.enerjigazetesi.ist\/wp-content\/uploads\/2016\/06\/kuresel-dogalgaz-talebi-yillik-yuzde-15-artacak.jpg 1068w\" sizes=\"(max-width: 300px) 100vw, 300px\" \/><\/a><\/strong><span id=\"more-84180\"><\/span><\/p>\n<p class=\"selectionShareable\" style=\"color: #0a0a0a;\">Kiev\u2019de, bug\u00fcn 5 Ekim\u2019de Amerikan Ticaret Odas\u0131 taraf\u0131ndan d\u00fczenlenen\u00a0toplant\u0131da konu\u015fan Kistion, \u201cAs\u0131l amac\u0131m\u0131z, 2020 y\u0131l\u0131nda do\u011falgaz ihtiyac\u0131m\u0131z\u0131 yerli \u00fcretimle kar\u015f\u0131lamakt\u0131r\u201d\u00a0dedi.<\/p>\n<p class=\"selectionShareable\" style=\"color: #0a0a0a;\">Kistion, \u00f6n\u00fcm\u00fczdeki g\u00fcnlerde Bakanlar Kurulu taraf\u0131ndan kabul edilmesini bekledi\u011fini projeye g\u00f6re 2020\u2019de 27 milyar metre k\u00fcp do\u011falgaz \u00fcretiminin\u00a0ger\u00e7ekle\u015ftirilmesinin hedeflendi\u011fini belirtti.<\/p>\n<p><\/p>","protected":false},"excerpt":{"rendered":"<p>Sorry, this entry is only available in Turkish. For the sake of viewer convenience, the content is shown below in the alternative language. You may click the link to switch the active language. Ukrayna Ba\u015fbakan Yard\u0131mc\u0131s\u0131 Vladimir Kistion, Ukrayna\u2019n\u0131n 2020 y\u0131l\u0131nda do\u011falgaz ihtiyac\u0131n\u0131 yerli \u00fcretim ile kar\u015f\u0131lamay\u0131 hedefledi\u011fini\u00a0belirtti. Kiev\u2019de, bug\u00fcn 5 Ekim\u2019de Amerikan Ticaret Odas\u0131 [&hellip;]<\/p>\n","protected":false},"author":1,"featured_media":53848,"comment_status":"open","ping_status":"open","sticky":false,"template":"","format":"standard","meta":[],"categories":[46,53],"tags":[92,226,19761,2092,2677,63,67,1009,2698,165],"views":566,"_links":{"self":[{"href":"https:\/\/www.enerjigazetesi.ist\/en\/wp-json\/wp\/v2\/posts\/57903"}],"collection":[{"href":"https:\/\/www.enerjigazetesi.ist\/en\/wp-json\/wp\/v2\/posts"}],"about":[{"href":"https:\/\/www.enerjigazetesi.ist\/en\/wp-json\/wp\/v2\/types\/post"}],"author":[{"embeddable":true,"href":"https:\/\/www.enerjigazetesi.ist\/en\/wp-json\/wp\/v2\/users\/1"}],"replies":[{"embeddable":true,"href":"https:\/\/www.enerjigazetesi.ist\/en\/wp-json\/wp\/v2\/comments?post=57903"}],"version-history":[{"count":2,"href":"https:\/\/www.enerjigazetesi.ist\/en\/wp-json\/wp\/v2\/posts\/57903\/revisions"}],"predecessor-version":[{"id":57905,"href":"https:\/\/www.enerjigazetesi.ist\/en\/wp-json\/wp\/v2\/posts\/57903\/revisions\/57905"}],"wp:featuredmedia":[{"embeddable":true,"href":"https:\/\/www.enerjigazetesi.ist\/en\/wp-json\/wp\/v2\/media\/53848"}],"wp:attachment":[{"href":"https:\/\/www.enerjigazetesi.ist\/en\/wp-json\/wp\/v2\/media?parent=57903"}],"wp:term":[{"taxonomy":"category","embeddable":true,"href":"https:\/\/www.enerjigazetesi.ist\/en\/wp-json\/wp\/v2\/categories?post=57903"},{"taxonomy":"post_tag","embeddable":true,"href":"https:\/\/www.enerjigazetesi.ist\/en\/wp-json\/wp\/v2\/tags?post=57903"}],"curies":[{"name":"wp","href":"https:\/\/api.w.org\/{rel}","templated":true}]}}