{"id":57852,"date":"2016-10-05T17:24:20","date_gmt":"2016-10-05T14:24:20","guid":{"rendered":"https:\/\/www.enerjigazetesi.ist\/?p=57852"},"modified":"2016-10-23T17:33:59","modified_gmt":"2016-10-23T14:33:59","slug":"avrupa-parlamentosu-tarafindan-paris-iklim-anlasmasi-onaylandi","status":"publish","type":"post","link":"https:\/\/www.enerjigazetesi.ist\/en\/avrupa-parlamentosu-tarafindan-paris-iklim-anlasmasi-onaylandi\/","title":{"rendered":"(Turkish) Avrupa Parlamentosu Taraf\u0131ndan Paris \u0130klim Anla\u015fmas\u0131 Onayland\u0131!"},"content":{"rendered":"<p class=\"qtranxs-available-languages-message qtranxs-available-languages-message-en\">Sorry, this entry is only available in <a href=\"https:\/\/www.enerjigazetesi.ist\/tr\/wp-json\/wp\/v2\/posts\/57852\" class=\"qtranxs-available-language-link qtranxs-available-language-link-tr\" title=\"Turkish\">Turkish<\/a>. For the sake of viewer convenience, the content is shown below in the alternative language. You may click the link to switch the active language.<\/p><p><\/p>\n<p class=\"selectionShareable\" style=\"color: #0a0a0a;\"><strong>Avrupa Parlamentosu\u2018ndan Paris \u0130klim Anla\u015fmas\u0131\u2019na onay \u00e7\u0131kmas\u0131yla birlikte d\u00fcnya \u00e7ap\u0131nda anla\u015fman\u0131n y\u00fcr\u00fcrl\u00fc\u011fe girmesinin de \u00f6n\u00fc a\u00e7\u0131ld\u0131.<\/strong><span id=\"more-84144\"><\/span><\/p>\n<p class=\"selectionShareable\" style=\"color: #0a0a0a;\">Avrupa Parlamentosu\u2019nun 610 milletvekili bundan iki y\u0131l \u00f6nce Paris\u2019te \u00fczerinde g\u00f6r\u00fc\u015f birli\u011fi sa\u011flanan \u0130klim Anla\u015fmas\u0131\u2019na \u2018evet\u2019 oyu verirken,\u00a038\u2018i kar\u015f\u0131 oy verdi, 31 vekil ise \u00e7ekimser kald\u0131. Paris \u0130klim Anla\u015fmas\u0131 k\u00fcresel ortalama s\u0131cakl\u0131k art\u0131\u015f limitinin 1,5, en fazla 2 der<a href=\"https:\/\/www.enerjigazetesi.ist\/wp-content\/uploads\/2015\/12\/paris-iklim-anlasmasi-dunya-icin-tarihi-bir-donum-noktasi-olacak.jpg\"><img loading=\"lazy\" class=\"alignleft size-medium wp-image-47873\" src=\"https:\/\/www.enerjigazetesi.ist\/wp-content\/uploads\/2015\/12\/paris-iklim-anlasmasi-dunya-icin-tarihi-bir-donum-noktasi-olacak-300x165.jpg\" alt=\"paris-iklim-anlasmasi\" width=\"300\" height=\"165\" srcset=\"https:\/\/www.enerjigazetesi.ist\/wp-content\/uploads\/2015\/12\/paris-iklim-anlasmasi-dunya-icin-tarihi-bir-donum-noktasi-olacak-300x165.jpg 300w, https:\/\/www.enerjigazetesi.ist\/wp-content\/uploads\/2015\/12\/paris-iklim-anlasmasi-dunya-icin-tarihi-bir-donum-noktasi-olacak-500x276.jpg 500w, https:\/\/www.enerjigazetesi.ist\/wp-content\/uploads\/2015\/12\/paris-iklim-anlasmasi-dunya-icin-tarihi-bir-donum-noktasi-olacak-80x44.jpg 80w, https:\/\/www.enerjigazetesi.ist\/wp-content\/uploads\/2015\/12\/paris-iklim-anlasmasi-dunya-icin-tarihi-bir-donum-noktasi-olacak.jpg 696w\" sizes=\"(max-width: 300px) 100vw, 300px\" \/><\/a>ece ile s\u0131n\u0131rland\u0131r\u0131lmas\u0131n\u0131 \u00f6ng\u00f6r\u00fcyor.<\/p>\n<p class=\"selectionShareable\" style=\"color: #0a0a0a;\">Avrupa Parlamentosu\u2019nun onay\u0131 ile birlikte \u0130klim Anla\u015fmas\u0131 pratikte y\u00fcr\u00fcrl\u00fc\u011fe girmi\u015f oluyor. Anla\u015fman\u0131n ge\u00e7erli olmas\u0131 i\u00e7in d\u00fcnya \u00e7ap\u0131nda y\u00fczde 55 oran\u0131nda sera etkisi yapan zararl\u0131 gaz emisyonlar\u0131n\u0131n ortaya \u00e7\u0131kmas\u0131ndan sorumlu olan en az 55 \u00fclke taraf\u0131ndan onaylanmas\u0131 gerekiyor.<\/p>\n<p class=\"selectionShareable\" style=\"color: #0a0a0a;\">AB\u2019nin onay belgesinin cuma g\u00fcn\u00fc Birle\u015fmi\u015f Milletler\u2019e teslim edilmesi bekleniyor. 55 \u00fclke say\u0131s\u0131na ula\u015f\u0131lm\u0131\u015f, AB\u2019nin de onay vermesiyle birlikte zararl\u0131 gaz emisyon oranlar\u0131nda \u00f6ne konulan hedef s\u0131n\u0131r\u0131 a\u015f\u0131lm\u0131\u015f oldu. Daha \u00f6nce zararl\u0131 gaz emisyonlar\u0131n\u0131n ortaya \u00e7\u0131kmas\u0131na en fazla sebep olan \u00c7in, ABD ve Hindistan anla\u015fmay\u0131 onaylam\u0131\u015ft\u0131. AB d\u00fcnya \u00e7ap\u0131ndaki zararl\u0131 karbondioksit (CO2) emisyonlar\u0131n\u0131n y\u00fczde 12\u2019sinden sorumludur.<\/p>\n<p class=\"selectionShareable\" style=\"color: #0a0a0a;\"><strong>Ban: \u201cAvrupa\u2019n\u0131n iklimin korunmas\u0131nda lider rol\u00fc var\u201d<\/strong><\/p>\n<p class=\"selectionShareable\" style=\"color: #0a0a0a;\">BM Genel Sekreteri Ban Ki Moon, oylamadan ertesinde yapt\u0131\u011f\u0131 a\u00e7\u0131klamada, Avrupa\u2019n\u0131n iklimin korunmas\u0131nda lider rol\u00fc bulundu\u011funa i\u015faret etti ve \u201cBu tarih\u00ee anda buradan bulunmaktan son derece onur duyuyorum. D\u00fcnyan\u0131n \u00e7e\u015fitli y\u00f6relerinde anla\u015fman\u0131n bu y\u0131l i\u00e7erisinde y\u00fcr\u00fcrl\u00fc\u011fe girmesi i\u00e7in ola\u011fan\u00fcst\u00fc giri\u015fimlere tan\u0131k olduk\u201d\u00a0ifadelerine yer verdi.<\/p>\n<p class=\"selectionShareable\" style=\"color: #0a0a0a;\">Avrupa Birli\u011fi Enerji ve \u0130klim Sorumlusu Miguel Arias Canete, \u201c\u015eimdi ortak g\u00f6revimiz taahh\u00fctlerimizi hayata ge\u00e7irmektir\u201d dedi. AB Komisyonu Ba\u015fkan\u0131 Jean-Claude Juncker de \u0130ngiltere\u2019nin AB\u2019den ayr\u0131lacak olmas\u0131na da g\u00f6ndermede bulunarak, \u201cBug\u00fcn bir kez daha lider oldu\u011fumuzu g\u00f6sterdik ve AB olarak birlikte neler yapabilece\u011fimizi kan\u0131tlad\u0131k\u201d dedi.<\/p>\n<p class=\"selectionShareable\" style=\"color: #0a0a0a;\">Ge\u00e7en hafta AB\u2019ne ba\u011fl\u0131 28 \u00fclkenin \u00e7evre bakanlar\u0131 \u0130klim Anla\u015fmas\u0131 lehinde g\u00f6r\u00fc\u015f bildirmi\u015f ve b\u00f6ylece \u00fcye \u00fclke parlamentolar\u0131n\u0131n anla\u015fmay\u0131 onaylamas\u0131n\u0131 tavsiye etmi\u015fti. \u00dclkedeki fosil enerji kayna\u011f\u0131 k\u00f6m\u00fcre \u00f6zellikle \u00f6nem veren Polonya, on d\u00f6nemlere kadar anla\u015fmaya ili\u015fkin \u00e7ekincelerini\u00a0s\u00f6ylemi\u015fti.<\/p>\n<p class=\"selectionShareable\" style=\"color: #0a0a0a;\">AB zararl\u0131 karbondioksit emisyonlar\u0131n\u0131 2030 y\u0131l\u0131na kadar 1990\u2019daki seviyenin y\u00fczde 40\u2019\u0131 oran\u0131nda d\u00fc\u015f\u00fcrmeyi taahh\u00fct etmi\u015f, bunun Paris\u2019teki \u0130klim Anla\u015fmas\u0131\u2019nda yer almas\u0131n\u0131 da sa\u011flam\u0131\u015ft\u0131.<\/p>\n<p class=\"selectionShareable\" style=\"color: #0a0a0a;\">\u00c7ok say\u0131da Avrupal\u0131 politikac\u0131 Avrupa Parlamentosu\u2019ndaki oylamadan sonra as\u0131l \u00e7al\u0131\u015fmalar\u0131n \u015fimdi ba\u015flad\u0131\u011f\u0131na vurgu yapt\u0131lar. Avrupa Ye\u015filler Partisi Ba\u015fkan\u0131 Reinhard B\u00fctikofer, AB\u2019nin \u015fimdi enerji, toplu ta\u015f\u0131mac\u0131l\u0131k ve finans alanlar\u0131ndaki d\u00f6n\u00fc\u015f\u00fcmleri peki\u015ftirmesi gerekti\u011fini de s\u00f6yledi.<\/p>\n<p class=\"selectionShareable\" style=\"color: #0a0a0a;\">Kaynak: <a href=\"http:\/\/www.dw.com\/tr\/avrupa-parlamentosundan-paris-iklim-anla%C5%9Fmas%C4%B1na-onay\/a-35955356\" target=\"_blank\" rel=\"nofollow\">Deutsche Welle<\/a><\/p>\n<p><\/p>","protected":false},"excerpt":{"rendered":"<p>Sorry, this entry is only available in Turkish. For the sake of viewer convenience, the content is shown below in the alternative language. You may click the link to switch the active language. Avrupa Parlamentosu\u2018ndan Paris \u0130klim Anla\u015fmas\u0131\u2019na onay \u00e7\u0131kmas\u0131yla birlikte d\u00fcnya \u00e7ap\u0131nda anla\u015fman\u0131n y\u00fcr\u00fcrl\u00fc\u011fe girmesinin de \u00f6n\u00fc a\u00e7\u0131ld\u0131. Avrupa Parlamentosu\u2019nun 610 milletvekili bundan iki [&hellip;]<\/p>\n","protected":false},"author":1,"featured_media":47873,"comment_status":"open","ping_status":"open","sticky":false,"template":"","format":"standard","meta":[],"categories":[53],"tags":[4594,4135,63,67,1009,2698,165,31742,23020,27449,31743],"views":695,"_links":{"self":[{"href":"https:\/\/www.enerjigazetesi.ist\/en\/wp-json\/wp\/v2\/posts\/57852"}],"collection":[{"href":"https:\/\/www.enerjigazetesi.ist\/en\/wp-json\/wp\/v2\/posts"}],"about":[{"href":"https:\/\/www.enerjigazetesi.ist\/en\/wp-json\/wp\/v2\/types\/post"}],"author":[{"embeddable":true,"href":"https:\/\/www.enerjigazetesi.ist\/en\/wp-json\/wp\/v2\/users\/1"}],"replies":[{"embeddable":true,"href":"https:\/\/www.enerjigazetesi.ist\/en\/wp-json\/wp\/v2\/comments?post=57852"}],"version-history":[{"count":4,"href":"https:\/\/www.enerjigazetesi.ist\/en\/wp-json\/wp\/v2\/posts\/57852\/revisions"}],"predecessor-version":[{"id":58406,"href":"https:\/\/www.enerjigazetesi.ist\/en\/wp-json\/wp\/v2\/posts\/57852\/revisions\/58406"}],"wp:featuredmedia":[{"embeddable":true,"href":"https:\/\/www.enerjigazetesi.ist\/en\/wp-json\/wp\/v2\/media\/47873"}],"wp:attachment":[{"href":"https:\/\/www.enerjigazetesi.ist\/en\/wp-json\/wp\/v2\/media?parent=57852"}],"wp:term":[{"taxonomy":"category","embeddable":true,"href":"https:\/\/www.enerjigazetesi.ist\/en\/wp-json\/wp\/v2\/categories?post=57852"},{"taxonomy":"post_tag","embeddable":true,"href":"https:\/\/www.enerjigazetesi.ist\/en\/wp-json\/wp\/v2\/tags?post=57852"}],"curies":[{"name":"wp","href":"https:\/\/api.w.org\/{rel}","templated":true}]}}