{"id":57834,"date":"2016-10-04T12:41:37","date_gmt":"2016-10-04T09:41:37","guid":{"rendered":"https:\/\/www.enerjigazetesi.ist\/?p=57834"},"modified":"2016-10-04T12:41:37","modified_gmt":"2016-10-04T09:41:37","slug":"cari-acikla-mucadelede-yenilenebilir-enerji-cok-onemli-bir-firsattir","status":"publish","type":"post","link":"https:\/\/www.enerjigazetesi.ist\/en\/cari-acikla-mucadelede-yenilenebilir-enerji-cok-onemli-bir-firsattir\/","title":{"rendered":"(Turkish) \u201cCari A\u00e7\u0131kla M\u00fccadelede Yenilenebilir Enerji \u00c7ok \u00d6nemli Bir F\u0131rsatt\u0131r&#8230;\u201d"},"content":{"rendered":"<p class=\"qtranxs-available-languages-message qtranxs-available-languages-message-en\">Sorry, this entry is only available in <a href=\"https:\/\/www.enerjigazetesi.ist\/tr\/wp-json\/wp\/v2\/posts\/57834\" class=\"qtranxs-available-language-link qtranxs-available-language-link-tr\" title=\"Turkish\">Turkish<\/a>. For the sake of viewer convenience, the content is shown below in the alternative language. You may click the link to switch the active language.<\/p><p><\/p>\n<p class=\"selectionShareable\" style=\"color: #0a0a0a;\"><strong>T\u00fcrkiye Ekonomi Politikalar\u0131 Ara\u015ft\u0131rma Vakf\u0131 (TEPAV) taraf\u0131ndan yenilenebilir enerjinin, hem s\u00fcrd\u00fcr\u00fclebilir enerji politikalar\u0131, hem cari a\u00e7\u0131k ile m\u00fccadele hem de T\u00fcrkiye\u2019nin i\u00e7inde bulundu\u011fu orta gelir tuza\u011f\u0131ndan kurtulabilmesi i\u00e7in \u00f6nemli f\u0131rsatlar sundu\u011fu belirtildi.<\/strong><span id=\"more-84127\"><\/span><\/p>\n<p class=\"selectionShareable\" style=\"color: #0a0a0a;\">TEPAV taraf\u0131ndan yap\u0131lan, 70ten fazla \u015firketin kat\u0131ld\u0131\u011f\u0131 bir saha ara\u015ft\u0131rmas\u0131yla firmalar\u0131n enerji yat\u0131r\u0131m kararlar\u0131 incelendi. Ara\u015ft\u0131rmada T\u00fcrkiyedeki mevcut te\u015fvik mekanizmalar\u0131n\u0131n ve finansal piyasalardaki k\u00fcresel geli\u015fmelerin<a href=\"https:\/\/www.enerjigazetesi.ist\/wp-content\/uploads\/2016\/04\/yenilenebilir-enerji-kapasitesi-2015te-yuzde-8-3-artti.jpg\"><img loading=\"lazy\" class=\"alignright size-medium wp-image-51962\" src=\"https:\/\/www.enerjigazetesi.ist\/wp-content\/uploads\/2016\/04\/yenilenebilir-enerji-kapasitesi-2015te-yuzde-8-3-artti-300x199.jpg\" alt=\"yenilenebilir-enerji\" width=\"300\" height=\"199\" srcset=\"https:\/\/www.enerjigazetesi.ist\/wp-content\/uploads\/2016\/04\/yenilenebilir-enerji-kapasitesi-2015te-yuzde-8-3-artti-300x199.jpg 300w, https:\/\/www.enerjigazetesi.ist\/wp-content\/uploads\/2016\/04\/yenilenebilir-enerji-kapasitesi-2015te-yuzde-8-3-artti-500x332.jpg 500w, https:\/\/www.enerjigazetesi.ist\/wp-content\/uploads\/2016\/04\/yenilenebilir-enerji-kapasitesi-2015te-yuzde-8-3-artti-75x50.jpg 75w, https:\/\/www.enerjigazetesi.ist\/wp-content\/uploads\/2016\/04\/yenilenebilir-enerji-kapasitesi-2015te-yuzde-8-3-artti.jpg 870w\" sizes=\"(max-width: 300px) 100vw, 300px\" \/><\/a> enerji \u00fcretimi alan\u0131nda yat\u0131r\u0131m\u0131 bulunan \u015firketler taraf\u0131ndan nas\u0131l alg\u0131land\u0131\u011f\u0131 ve yat\u0131r\u0131mc\u0131lar\u0131n gelece\u011fe ili\u015fkin \u00f6ng\u00f6r\u00fclerinin neler oldu\u011fu sorular\u0131n\u0131n da yan\u0131tlar\u0131 arand\u0131.<\/p>\n<p class=\"selectionShareable\" style=\"color: #0a0a0a;\">TEPAV\u2019\u0131n ara\u015ft\u0131rma sonu\u00e7lar\u0131na ili\u015fkin a\u00e7\u0131klamas\u0131nda, \u201cYap\u0131sal olarak y\u00fcksek cari a\u00e7\u0131k vererek b\u00fcy\u00fcyebilen T\u00fcrkiyenin en \u00f6nemli ithalat kalemlerinin ba\u015f\u0131nda enerji sekt\u00f6r\u00fc geliyor. \u00c7al\u0131\u015fma, T\u00fcrkiyenin cari a\u00e7\u0131k kaynakl\u0131 ekonomik k\u0131r\u0131lganl\u0131\u011f\u0131 ile m\u00fccadele edebilmesi i\u00e7in yenilebilir enerji kaynaklar\u0131na daha etkin bir bi\u00e7imde y\u00f6nelmesi gerekti\u011fini ortaya koyuyor\u201d denildi ve \u015fu de\u011ferlendirmeye yer verildi:<\/p>\n<p class=\"selectionShareable\" style=\"color: #0a0a0a;\">\u201cYenilebilir enerji alan\u0131nda \u00f6zellikle g\u00fcne\u015f enerjisi, T\u00fcrkiye ekonomisi i\u00e7in \u00f6nemli f\u0131rsatlar sunuyor. Avrupan\u0131n en y\u00fcksek g\u00fcne\u015f enerjisi potansiyeline sahip \u00fclkelerinden biri olan T\u00fcrkiye, bu potansiyelinin sadece \u00e7ok d\u00fc\u015f\u00fck bir oran\u0131n\u0131 \u00fcretime y\u00f6nlendirilebiliyor. \u00d6rne\u011fin T\u00fcrkiyenin solar kurulu g\u00fcc\u00fc sadece 500 MW d\u00fczeyinde. Avrupan\u0131n en y\u00fcksek g\u00fcne\u015flenme s\u00fcrelerinden birine sahi olan T\u00fcrkiyenin, yenilebilir enerji potansiyelini de\u011ferlendirebilmesi i\u00e7in kamuya \u00f6nemli rol d\u00fc\u015fmektedir.\u201d<\/p>\n<p class=\"selectionShareable\" style=\"color: #0a0a0a;\">Saha ara\u015ft\u0131rmas\u0131n\u0131n, \u015firketlerin daha fazla yat\u0131r\u0131m yapmak i\u00e7in \u00f6ncelikli olarak, kamu te\u015fvikleri ve politikalar\u0131na ili\u015fkin daha \u00f6ng\u00f6r\u00fclebilir bir yat\u0131r\u0131m ortam\u0131na ihtiya\u00e7 duyduklar\u0131n\u0131 ortaya koydu\u011fu vurgulanan a\u00e7\u0131klamada, \u201cK\u0131sa vadeli ve s\u0131k s\u0131k de\u011fi\u015fikli\u011fe u\u011frayan politikalar ve \u00f6zellikle kamu deste\u011fi alan\u0131ndaki belirsizlikler, yat\u0131r\u0131mlar\u0131n geri d\u00f6nme s\u00fcresini belirsiz hale getirerek, \u00f6zellikle k\u00fc\u00e7\u00fck \u00f6l\u00e7ekli firmalar\u0131n yenilebilir enerji alan\u0131nda yat\u0131r\u0131m yapmaktan uzakla\u015ft\u0131r\u0131yor\u201d ifadelerine yer verildi.<\/p>\n<p class=\"selectionShareable\" style=\"color: #0a0a0a;\">TEPAV Makroekonomi \u00c7al\u0131\u015fmalar\u0131 Program Direkt\u00f6r\u00fc Bengisu \u00d6zen\u00e7 Enerji alan\u0131nda yat\u0131r\u0131m\u0131 olan firmalar ile y\u00fcz y\u00fcze yapt\u0131\u011f\u0131m\u0131z g\u00f6r\u00fc\u015fmeler, yenilebilir enerji potansiyelinin harekete ge\u00e7ebilmesi i\u00e7in kamuya \u00f6nemli g\u00f6rev d\u00fc\u015ft\u00fc\u011f\u00fcn\u00fc ortaya koyuyor. T\u00fcrkiyenin cari a\u00e7\u0131kla daha etkin bir bi\u00e7imde m\u00fccadele edebilmesi i\u00e7in, kamunun enerji politikalar\u0131 aras\u0131nda yenilenebilir enerjinin g\u00fc\u00e7l\u00fc ve de\u011fi\u015fmez bir \u015fekilde yer almas\u0131 gerekir dedi.<\/p>\n<p class=\"selectionShareable\" style=\"color: #0a0a0a;\">Ara\u015ft\u0131rmada ayn\u0131 zamanda, maliyetlerin T\u00fcrkiyenin yenilenebilir enerji potansiyelini ger\u00e7ekle\u015ftirmesinin \u00f6n\u00fcndeki \u00f6nemli engellerden biri olarak durmad\u0131\u011f\u0131n\u0131 da ortaya konuldu\u011fu belirtilen a\u00e7\u0131klamada, k\u00f6m\u00fcre ve di\u011fer fosil yak\u0131tlara g\u00f6re daha d\u00fc\u015f\u00fck maliyetli olan yenilenebilir enerji ile yap\u0131sal ve b\u00fcrokratik sorunlar \u00e7\u00f6zmesinin k\u0131sa vadede T\u00fcrkiyenin enerji alan\u0131nda at\u0131l\u0131m yapabilece\u011fi vurguland\u0131 ve \u015fu uyar\u0131 yap\u0131ld\u0131:<\/p>\n<p class=\"selectionShareable\" style=\"color: #0a0a0a;\">\u201cEnerjide ithalat ba\u011f\u0131ml\u0131l\u0131\u011f\u0131na kar\u015f\u0131, k\u00f6m\u00fcr a\u011f\u0131rl\u0131kl\u0131 yerli kaynaklara y\u00f6nelim politikas\u0131 uygulan\u0131yor; ancak \u015firketler, yat\u0131r\u0131mlarda k\u0131sa-orta vadede \u00f6zellikle k\u00f6m\u00fcr ve do\u011fal gaz yat\u0131r\u0131mlar\u0131nda finansal zorluk bekliyorlar. Kat\u0131l\u0131mc\u0131lar\u0131n y\u00fczde 75i k\u00f6m\u00fcr, y\u00fczde 71.4\u00fc ise do\u011fal gaz yat\u0131r\u0131mlar\u0131nda finansal zorlukla kar\u015f\u0131la\u015facaklar\u0131n\u0131 d\u00fc\u015f\u00fcn\u00fcyor. K\u00f6m\u00fcr konusundaki bu k\u00f6t\u00fcmserlik, yenilebilir enerji konusunda yerini iyimserli\u011fe b\u0131rak\u0131yor. \u00d6zellikle orta b\u00fcy\u00fck \u00f6l\u00e7ekli yat\u0131r\u0131mc\u0131lar, y\u00fczde 53 oran\u0131nda yenilebilir enerji finansman\u0131 konusunda gelece\u011fe daha umutlu bakmaktad\u0131r.\u201d<\/p>\n<p class=\"selectionShareable\" style=\"color: #0a0a0a;\">\u00d6zen\u00e7, 2012 y\u0131l\u0131ndan beri T\u00fcrkiyede 14 GWl\u0131k k\u00f6m\u00fcrl\u00fc santral projesi ertelendi ya da tamamen iptal oldu. S\u00fcrd\u00fcr\u00fclebilir kalk\u0131nma alan\u0131ndaki k\u00fcresel geli\u015fmeler ve Paris Anla\u015fmas\u0131 s\u00fcrecinde at\u0131lmas\u0131 gereken ad\u0131mlar\u0131 da g\u00f6z \u00f6n\u00fcnde bulundurdu\u011fumuzda, k\u00f6m\u00fcr yat\u0131r\u0131mlar\u0131n\u0131n \u00fczerindeki bask\u0131n\u0131n giderek artaca\u011f\u0131n\u0131 \u00f6ng\u00f6rebiliyoruz. T\u00fcrkiyeyi ekonomik a\u00e7\u0131dan zor bir pozisyona sokmamak i\u00e7in, yerli ve ucuz olan yenilebilir enerji kaynaklar\u0131na a\u011f\u0131rl\u0131k veren bir enerji politikas\u0131na ihtiya\u00e7\u00a0oldu\u011funu belirtti.<\/p>\n<p class=\"selectionShareable\" style=\"color: #0a0a0a;\">TEPAV \u0130cra Direkt\u00f6r\u00fc G\u00fcven Sak da a\u00e7\u0131klamada, teknoloji ve inovasyona vurgu yapt\u0131. Yenilenebilir enerji teknolojilerinin geli\u015ftirilmesini, T\u00fcrkiyede sanayi d\u00f6n\u00fc\u015f\u00fcm\u00fcn\u00fc tetikleyebilecek alanlardan biri olarak yorumlayan Sak, yerli teknolojilerin geli\u015fmesine verilecek deste\u011fin, ayn\u0131 zamanda cari a\u00e7\u0131k sorununa ve orta gelir tuza\u011f\u0131n\u0131 a\u015fmaya da yard\u0131mc\u0131 olabilece\u011fi g\u00f6r\u00fc\u015flerine de yer verdi.<\/p>\n<p><\/p>","protected":false},"excerpt":{"rendered":"<p>Sorry, this entry is only available in Turkish. For the sake of viewer convenience, the content is shown below in the alternative language. You may click the link to switch the active language. T\u00fcrkiye Ekonomi Politikalar\u0131 Ara\u015ft\u0131rma Vakf\u0131 (TEPAV) taraf\u0131ndan yenilenebilir enerjinin, hem s\u00fcrd\u00fcr\u00fclebilir enerji politikalar\u0131, hem cari a\u00e7\u0131k ile m\u00fccadele hem de T\u00fcrkiye\u2019nin i\u00e7inde [&hellip;]<\/p>\n","protected":false},"author":1,"featured_media":51962,"comment_status":"open","ping_status":"open","sticky":false,"template":"","format":"standard","meta":[],"categories":[53,49,50],"tags":[31728,63,67,1009,2698,165,26877,809,31729,105],"views":1939,"_links":{"self":[{"href":"https:\/\/www.enerjigazetesi.ist\/en\/wp-json\/wp\/v2\/posts\/57834"}],"collection":[{"href":"https:\/\/www.enerjigazetesi.ist\/en\/wp-json\/wp\/v2\/posts"}],"about":[{"href":"https:\/\/www.enerjigazetesi.ist\/en\/wp-json\/wp\/v2\/types\/post"}],"author":[{"embeddable":true,"href":"https:\/\/www.enerjigazetesi.ist\/en\/wp-json\/wp\/v2\/users\/1"}],"replies":[{"embeddable":true,"href":"https:\/\/www.enerjigazetesi.ist\/en\/wp-json\/wp\/v2\/comments?post=57834"}],"version-history":[{"count":1,"href":"https:\/\/www.enerjigazetesi.ist\/en\/wp-json\/wp\/v2\/posts\/57834\/revisions"}],"predecessor-version":[{"id":57835,"href":"https:\/\/www.enerjigazetesi.ist\/en\/wp-json\/wp\/v2\/posts\/57834\/revisions\/57835"}],"wp:featuredmedia":[{"embeddable":true,"href":"https:\/\/www.enerjigazetesi.ist\/en\/wp-json\/wp\/v2\/media\/51962"}],"wp:attachment":[{"href":"https:\/\/www.enerjigazetesi.ist\/en\/wp-json\/wp\/v2\/media?parent=57834"}],"wp:term":[{"taxonomy":"category","embeddable":true,"href":"https:\/\/www.enerjigazetesi.ist\/en\/wp-json\/wp\/v2\/categories?post=57834"},{"taxonomy":"post_tag","embeddable":true,"href":"https:\/\/www.enerjigazetesi.ist\/en\/wp-json\/wp\/v2\/tags?post=57834"}],"curies":[{"name":"wp","href":"https:\/\/api.w.org\/{rel}","templated":true}]}}