{"id":57827,"date":"2016-10-04T11:39:54","date_gmt":"2016-10-04T08:39:54","guid":{"rendered":"https:\/\/www.enerjigazetesi.ist\/?p=57827"},"modified":"2016-10-04T11:40:32","modified_gmt":"2016-10-04T08:40:32","slug":"40-yil-sonra-ilk-yasandi-enerji-olimpiyatlari-istanbulda-yapilacak","status":"publish","type":"post","link":"https:\/\/www.enerjigazetesi.ist\/en\/40-yil-sonra-ilk-yasandi-enerji-olimpiyatlari-istanbulda-yapilacak\/","title":{"rendered":"(Turkish) 40 Y\u0131l Sonra \u0130lk Ya\u015fand\u0131: Enerji Olimpiyatlar\u0131 Bu Y\u0131l \u0130stanbul\u2019da&#8230;"},"content":{"rendered":"<p class=\"qtranxs-available-languages-message qtranxs-available-languages-message-en\">Sorry, this entry is only available in <a href=\"https:\/\/www.enerjigazetesi.ist\/tr\/wp-json\/wp\/v2\/posts\/57827\" class=\"qtranxs-available-language-link qtranxs-available-language-link-tr\" title=\"Turkish\">Turkish<\/a>. For the sake of viewer convenience, the content is shown below in the alternative language. You may click the link to switch the active language.<\/p><p><\/p>\n<p class=\"selectionShareable\" style=\"color: #0a0a0a;\"><strong>D\u00fcnya liderleri ve enerjinin en b\u00fcy\u00fck oyuncular\u0131 T\u00fcrkiye\u2019de bir araya geliyor. En son 40 y\u0131l \u00f6nce T\u00fcrkiye\u2019de ger\u00e7ekle\u015fen Enerji Olimpiyatlar\u0131\u2019na 80 \u00fclkeden 250\u2019nin \u00fczerinde devlet adam\u0131 ve CEO\u00a0kat\u0131l\u0131m g\u00f6sterecek.<\/strong><span id=\"more-84125\"><\/span><\/p>\n<p class=\"selectionShareable\" style=\"color: #0a0a0a;\">\u0130stanbul\u2019da d\u00fczenlenecek 23. D\u00fcnya Enerji Kongresi i\u00e7in geri say\u0131m ba\u015flad\u0131. \u201cEnerji Olimpiyatlar\u0131\u201d olarak nitelendirilen 9 -13 Ekim aras\u0131nda \u0130stanbul\u2019da ger\u00e7ekle\u015fecek kongre Cumhurba\u015fkan\u0131 Recep Tayyip Erdo\u011fan himayelerinde ve Enerji Bakanl\u0131\u011f\u0131 ev sahipli\u011finde ger\u00e7ekle\u015fecektir.<a href=\"https:\/\/www.enerjigazetesi.ist\/wp-content\/uploads\/2013\/02\/enerji-sektoru-destegi.jpg\"><img loading=\"lazy\" class=\"alignright size-medium wp-image-6735\" src=\"https:\/\/www.enerjigazetesi.ist\/wp-content\/uploads\/2013\/02\/enerji-sektoru-destegi-300x187.jpg\" alt=\"enerji-sektoru-destegi\" width=\"300\" height=\"187\" srcset=\"https:\/\/www.enerjigazetesi.ist\/wp-content\/uploads\/2013\/02\/enerji-sektoru-destegi-300x187.jpg 300w, https:\/\/www.enerjigazetesi.ist\/wp-content\/uploads\/2013\/02\/enerji-sektoru-destegi-80x50.jpg 80w, https:\/\/www.enerjigazetesi.ist\/wp-content\/uploads\/2013\/02\/enerji-sektoru-destegi.jpg 463w\" sizes=\"(max-width: 300px) 100vw, 300px\" \/><\/a><\/p>\n<p class=\"selectionShareable\" style=\"color: #0a0a0a;\">80 \u00fclkeden 250\u2019nin \u00fczerinde konu\u015fmac\u0131n\u0131n kat\u0131l\u0131m\u0131n\u0131n kesinle\u015fti\u011fi kongrede bir konu\u015fma yapacak olan Cumhurba\u015fkan\u0131 Recep Tayyip Erdo\u011fan\u2019\u0131n yan\u0131 s\u0131ra T\u00fcrkiye\u2019yi Ba\u015fbakan Binali Y\u0131ld\u0131r\u0131m ile Enerji ve Tabii Kaynaklar Bakan\u0131 Berat Albayrak temsil edecek. Kongreye, T\u00fcrkiye 40 y\u0131l \u00f6nce 1977\u2019de ev sahipli\u011fi yapm\u0131\u015ft\u0131.<\/p>\n<p class=\"selectionShareable\" style=\"color: #0a0a0a;\">Enerji d\u00fcnyas\u0131n\u0131n g\u00fcndemini belirleyen kongreye \u0130ran Enerji Bakan\u0131 Hamid \u00c7it\u00e7iyan, Suudi arabistan Enerji, End\u00fcstri ve Do\u011fal Kaynaklar Bakan\u0131 Khalid Al-Falih, Rusya Enerji Bakan\u0131 Alexander Novak, Irak Elektrrik Bakan\u0131 Qas\u0131m M. Al-Fahdawi, Cezayir Enerji Bakan\u0131 Noureddine Boutarfa, Birle\u015fik Arap Emirlikleri Enerji Bakan\u0131 Suhail Mohamed Al Mazrouei, Venez\u00fcella Petrol Bakan\u0131 Eulogio Del Pino, Avrupa Komisyonu Enerji Birli\u011finden Sorumlu Ba\u015fkan Yard\u0131mc\u0131s\u0131 Maros Sefcovic\u2019in de aralar\u0131nda bulundu\u011fu 60\u2019\u0131n \u00fczerinde devlet adam\u0131 kat\u0131lacak. \u201cYeni Ufuklar\u0131 Kucaklamak (Embracing New Frontiers)\u201d temas\u0131ndan hareket eden kongrede uluslararas\u0131 dev enerji firmalar\u0131n\u0131n tepe y\u00f6neticileri de bulunacak. BP Group \u0130cra Kurulu Ba\u015fkan\u0131 Bob Dudley, E.ON Y\u00f6netim Kurulu Ba\u015fkan\u0131 Johannes Teyssen, Gazprom CEO\u2019su Alexey Miller, Saudi Aramco CEO\u2019su Amin Nasser, SOCAR Ba\u015fkan\u0131 Rovnag Abdullayev, enerji d\u00fcnyas\u0131n\u0131n g\u00fcndemini tart\u0131\u015facaklar.<\/p>\n<p class=\"selectionShareable\" style=\"color: #0a0a0a;\">Kongre hakk\u0131nda D\u00fcnya Enerji Konseyi T\u00fcrk Milli Komitesi Ba\u015fkan\u0131 HASAN Murat Mercan ise \u201cEn \u00f6nemli enerji pazarlar\u0131n\u0131n kesi\u015fme noktas\u0131nda yer alan T\u00fcrkiye, enerji konusunda \u00e7ok b\u00fcy\u00fck k\u00fcresel de\u011fi\u015fikliklerin ya\u015fand\u0131\u011f\u0131 bir zamanda \u00e7ok \u00f6nemli bir zirveye ev sahipli\u011fi yapmaktad\u0131r\u201d\u00a0ifadelerine yer verdi.<\/p>\n<p class=\"selectionShareable\" style=\"color: #0a0a0a;\">Paris\u2019teki \u0130klim De\u011fi\u015fikli\u011fi Zirvesi (COP21) sonras\u0131 ger\u00e7ekle\u015fecek ilk k\u00fcresel enerji etkinli\u011fi olan kongrede yeni teknolojilerin \u015firket yap\u0131lar\u0131na etkileri de tart\u0131\u015f\u0131lacak. Mercan, \u201c20-30 y\u0131l sonra nas\u0131l bir enerji piyasas\u0131 ve yap\u0131s\u0131 ortaya \u00e7\u0131kacak bu tart\u0131\u015f\u0131lacak. K\u00f6m\u00fcrdeki geli\u015fim kadar n\u00fckleer enerji ve s\u00fcrd\u00fcr\u00fclebilir enerji de di\u011fer konu ba\u015fl\u0131klar\u0131 olarak dikkat \u00e7ekiyor\u201d dedi.\u00a0Kongrede enerji g\u00fcvenli\u011fi ba\u015fl\u0131\u011f\u0131 alt\u0131nda Ortado\u011fu ve T\u00fcrkiye ba\u011flam\u0131nda uzmanlar, politikac\u0131lar ve enerji yat\u0131r\u0131mc\u0131lar\u0131 a\u00e7\u0131s\u0131ndan sorunlar de\u011ferlendirileceklerdir.<\/p>\n<p><\/p>","protected":false},"excerpt":{"rendered":"<p>Sorry, this entry is only available in Turkish. For the sake of viewer convenience, the content is shown below in the alternative language. You may click the link to switch the active language. D\u00fcnya liderleri ve enerjinin en b\u00fcy\u00fck oyuncular\u0131 T\u00fcrkiye\u2019de bir araya geliyor. En son 40 y\u0131l \u00f6nce T\u00fcrkiye\u2019de ger\u00e7ekle\u015fen Enerji Olimpiyatlar\u0131\u2019na 80 \u00fclkeden [&hellip;]<\/p>\n","protected":false},"author":1,"featured_media":6735,"comment_status":"open","ping_status":"open","sticky":false,"template":"","format":"standard","meta":[],"categories":[53],"tags":[63,963,67,1009,31726,31727,2698,165,1967,846],"views":926,"_links":{"self":[{"href":"https:\/\/www.enerjigazetesi.ist\/en\/wp-json\/wp\/v2\/posts\/57827"}],"collection":[{"href":"https:\/\/www.enerjigazetesi.ist\/en\/wp-json\/wp\/v2\/posts"}],"about":[{"href":"https:\/\/www.enerjigazetesi.ist\/en\/wp-json\/wp\/v2\/types\/post"}],"author":[{"embeddable":true,"href":"https:\/\/www.enerjigazetesi.ist\/en\/wp-json\/wp\/v2\/users\/1"}],"replies":[{"embeddable":true,"href":"https:\/\/www.enerjigazetesi.ist\/en\/wp-json\/wp\/v2\/comments?post=57827"}],"version-history":[{"count":2,"href":"https:\/\/www.enerjigazetesi.ist\/en\/wp-json\/wp\/v2\/posts\/57827\/revisions"}],"predecessor-version":[{"id":57829,"href":"https:\/\/www.enerjigazetesi.ist\/en\/wp-json\/wp\/v2\/posts\/57827\/revisions\/57829"}],"wp:featuredmedia":[{"embeddable":true,"href":"https:\/\/www.enerjigazetesi.ist\/en\/wp-json\/wp\/v2\/media\/6735"}],"wp:attachment":[{"href":"https:\/\/www.enerjigazetesi.ist\/en\/wp-json\/wp\/v2\/media?parent=57827"}],"wp:term":[{"taxonomy":"category","embeddable":true,"href":"https:\/\/www.enerjigazetesi.ist\/en\/wp-json\/wp\/v2\/categories?post=57827"},{"taxonomy":"post_tag","embeddable":true,"href":"https:\/\/www.enerjigazetesi.ist\/en\/wp-json\/wp\/v2\/tags?post=57827"}],"curies":[{"name":"wp","href":"https:\/\/api.w.org\/{rel}","templated":true}]}}