{"id":57808,"date":"2016-10-03T14:11:46","date_gmt":"2016-10-03T11:11:46","guid":{"rendered":"https:\/\/www.enerjigazetesi.ist\/?p=57808"},"modified":"2016-10-03T14:11:46","modified_gmt":"2016-10-03T11:11:46","slug":"imf-suudi-arabistanin-5-yil-icerisinde-iflas-edebilecegini-acikladi","status":"publish","type":"post","link":"https:\/\/www.enerjigazetesi.ist\/en\/imf-suudi-arabistanin-5-yil-icerisinde-iflas-edebilecegini-acikladi\/","title":{"rendered":"(Turkish) IMF Suudi Arabistan&#8217;\u0131n 5 Y\u0131l \u0130\u00e7erisinde \u0130flas Edebilece\u011fini A\u00e7\u0131klad\u0131&#8230;"},"content":{"rendered":"<p class=\"qtranxs-available-languages-message qtranxs-available-languages-message-en\">Sorry, this entry is only available in <a href=\"https:\/\/www.enerjigazetesi.ist\/tr\/wp-json\/wp\/v2\/posts\/57808\" class=\"qtranxs-available-language-link qtranxs-available-language-link-tr\" title=\"Turkish\">Turkish<\/a>. For the sake of viewer convenience, the content is shown below in the alternative language. You may click the link to switch the active language.<\/p><p><\/p>\n<p class=\"selectionShareable\" style=\"color: #0a0a0a;\"><strong>Suudi Arabistan, petrol fiyatlar\u0131ndaki ya\u015fanan d\u00fc\u015f\u00fc\u015ften dolay\u0131 bakanlar\u0131n maa\u015flar\u0131n\u0131n y\u00fczde 20 oran\u0131nda d\u00fc\u015f\u00fcr\u00fcld\u00fc\u011f\u00fcn\u00fc ve devlet memurlar\u0131n\u0131n maa\u015f zamlar\u0131n\u0131 da ask\u0131ya ald\u0131\u011f\u0131n\u0131 a\u00e7\u0131klad\u0131.<\/strong><span id=\"more-84098\"><\/span><\/p>\n<p class=\"selectionShareable\" style=\"color: #0a0a0a;\">Suudi Arabistan\u2019da Kral Selman Bin Abd\u00fclaziz taraf\u0131ndan onaylanan kararname ile birinci derece devlet memurlar\u0131n\u0131n maa\u015flar\u0131n\u0131n d\u00fc\u015f\u00fcr\u00fclmesinin karar\u0131 al\u0131nd\u0131.<img loading=\"lazy\" class=\"alignright size-medium wp-image-51322\" src=\"https:\/\/www.enerjigazetesi.ist\/wp-content\/uploads\/2016\/03\/suudi-arabistan-kuresel-petrol-piyasasindaki-payimizi-koruyacagiz-300x165.jpg\" alt=\"suudi-arabistan-kuresel-petrol-piyasasi\" width=\"300\" height=\"165\" srcset=\"https:\/\/www.enerjigazetesi.ist\/wp-content\/uploads\/2016\/03\/suudi-arabistan-kuresel-petrol-piyasasindaki-payimizi-koruyacagiz-300x165.jpg 300w, https:\/\/www.enerjigazetesi.ist\/wp-content\/uploads\/2016\/03\/suudi-arabistan-kuresel-petrol-piyasasindaki-payimizi-koruyacagiz-500x276.jpg 500w, https:\/\/www.enerjigazetesi.ist\/wp-content\/uploads\/2016\/03\/suudi-arabistan-kuresel-petrol-piyasasindaki-payimizi-koruyacagiz-80x44.jpg 80w, https:\/\/www.enerjigazetesi.ist\/wp-content\/uploads\/2016\/03\/suudi-arabistan-kuresel-petrol-piyasasindaki-payimizi-koruyacagiz.jpg 696w\" sizes=\"(max-width: 300px) 100vw, 300px\" \/><\/p>\n<p class=\"selectionShareable\" style=\"color: #0a0a0a;\">Bununla birlikte, 2 Ekim\u2019den itibaren Devlet Bakan\u0131 maa\u015f\u0131 y\u00fczde 20, \u015eura Meclisi \u00dcyesi maa\u015f\u0131 y\u00fczde 15 oran\u0131nda d\u00fc\u015f\u00fcr\u00fclecek. Kral\u2019\u0131n haz\u0131r bulundu\u011fu Suudi Arabistan Bakanlar Kurulu toplant\u0131s\u0131nda kararla\u015ft\u0131r\u0131lan \u00f6nlemler aras\u0131nda kamu \u00e7al\u0131\u015fanlar\u0131n\u0131n maa\u015f zamlar\u0131n\u0131n ask\u0131ya al\u0131nmas\u0131 da\u00a0bulunmaktad\u0131r.<\/p>\n<p class=\"selectionShareable\" style=\"color: #0a0a0a;\">B\u00fct\u00e7e y\u00fck\u00fcn\u00fc azaltmaya y\u00f6nelik kemer s\u0131kma \u00f6nlemleri Suudi Arabistan\u2019\u0131n g\u00fcney s\u0131n\u0131r\u0131nda Yemen\u2019deki Husilere y\u00f6nelik sava\u015fta g\u00f6rev yapan askeri personelleri ise kapsamamaktad\u0131r. Suudi Arabistan\u2019\u0131n 2016 b\u00fct\u00e7e a\u00e7\u0131\u011f\u0131 yakla\u015f\u0131k 87 milyar dolar olarak\u00a0belirtilmi\u015fti.<\/p>\n<p class=\"selectionShareable\" style=\"color: #0a0a0a;\">\u00dclkenin 2013 b\u00fct\u00e7esinde 48 milyar dolar fazla kaydedilirken 2014 ve 2015 b\u00fct\u00e7eleri s\u0131rayla 17 ve 97 milyar dolar olarak a\u00e7\u0131k vermi\u015fti.<\/p>\n<p class=\"selectionShareable\" style=\"color: #0a0a0a;\">Suudi Arabistan Merkez Bankas\u0131 iki g\u00fcn \u00f6nce piyasalar\u0131 desteklemek amac\u0131yla yerel bankalara 5 milyar dolar\u00a0bir yat\u0131r\u0131m ger\u00e7ekle\u015ftirmi\u015fti.<\/p>\n<p class=\"selectionShareable\" style=\"color: #0a0a0a;\">Ekonomisi b\u00fcy\u00fck oranla petrol gelirlerine ba\u011f\u0131ml\u0131 olan Suudi Arabistan, hem petrol fiyatlar\u0131ndaki d\u00fc\u015f\u00fc\u015ften hem de Mart 2015\u2019te Yemen\u2019de Husilere y\u00f6nelik ba\u015flatt\u0131\u011f\u0131 askeri operasyonu nedeniyle maddi zorluklar ya\u015famaktad\u0131r. Riyad y\u00f6netimi bu y\u00fczden gelirini art\u0131rma aray\u0131\u015f\u0131nda bulunmaktad\u0131r.<\/p>\n<p class=\"selectionShareable\" style=\"color: #0a0a0a;\">Suudi Arabistan\u2019da baz\u0131 b\u00fcy\u00fck \u015firketler, \u00e7al\u0131\u015fanlar\u0131n\u0131n maa\u015flar\u0131n\u0131 \u00f6demekte zorluklar \u00e7ekmi\u015fti. Maa\u015flar\u0131 \u00f6denemeyen \u00e7al\u0131\u015fanlar ise eylem d\u00fczenlemi\u015ftir.<\/p>\n<p class=\"selectionShareable\" style=\"color: #0a0a0a;\">Suudi Arabistan\u2019\u0131n d\u00fc\u015fen petrol gelirleri ve farkl\u0131 \u00fclkelerdeki gruplar\u0131 c\u00f6mertce desteklemesinin krall\u0131\u011f\u0131n sonunu getirebilece\u011fi d\u00fc\u015f\u00fcn\u00fcl\u00fcyor. Sarah Chayes The Atlantic\u2019te kaleme ald\u0131\u011f\u0131 \u201cSuudi Krall\u0131\u011f\u0131\u2019n\u0131n \u00e7\u00f6k\u00fc\u015f\u00fcne haz\u0131rlanmak\u201d adl\u0131 yaz\u0131s\u0131nda \u201cBirle\u015fik Devletler uzun s\u00fcredir sadakati kiralamak i\u00e7in kullan\u0131lan sonu gelmez bir nakit hazinesine sahip olan kraliyet ailesine bel ba\u011flam\u0131\u015f durumda. Bug\u00fcnk\u00fc d\u00fc\u015f\u00fck petrol fiyatlar\u0131na ve Suudi yetkililerin silah al\u0131m\u0131n\u0131 artt\u0131rmas\u0131na ra\u011fmen ve hatta Yemen\u2019deki ve di\u011fer yerlerdeki askeri maceralara ra\u011fmen Riyad\u2019\u0131n b\u00fct\u00e7esi anca t\u00fckeniyor.\u201d\u00a0ifadelerine yer vermi\u015fti.<\/p>\n<p class=\"selectionShareable\" style=\"color: #0a0a0a;\">Uluslararas\u0131 Para Fonu IMF\u2019nin bir raporuna g\u00f6re ise Suudi Arabistan be\u015f y\u0131l i\u00e7erisinde\u00a0iflas edebilece\u011fi\u00a0a\u00e7\u0131klanm\u0131\u015ft\u0131.<\/p>\n<p class=\"selectionShareable\" style=\"color: #0a0a0a;\">IMF\u2019nin Orta Do\u011fu direkt\u00f6r\u00fc Mesud Ahmed, El- Cezire\u2019ye yapt\u0131\u011f\u0131 a\u00e7\u0131klamada, sadece bu y\u0131l i\u00e7inde petrol fiyatlar\u0131nda 360 milyar dolarl\u0131k d\u00fc\u015f\u00fc\u015f\u00fcn meydana geldi\u011fini belirtirken, \u201cPetrol fiyatlar\u0131ndaki d\u00fc\u015f\u00fc\u015f\u00fcn b\u00fcy\u00fck ve kal\u0131c\u0131 olmas\u0131 ihtimaline kar\u015f\u0131 Suudi Arabistan Krall\u0131\u011f\u0131n\u0131n di\u011fer petrol ihracat\u00e7\u0131lar\u0131 gibi b\u00fct\u00e7esinde b\u00fcy\u00fck kesintiler yapmas\u0131 bekleniyor\u201d\u00a0s\u00f6zlerine yer vermi\u015fti.<\/p>\n<p class=\"selectionShareable\" style=\"color: #0a0a0a;\">Uluslararas\u0131 Para Fonu Orta Do\u011fu direkt\u00f6r\u00fc Mesud Ahmed taraf\u0131ndan a\u00e7\u0131klanan raporda, petrol gelirlerinin, \u00fclke gelirinin y\u00fczde 90\u2019\u0131n\u0131 olu\u015fturdu\u011fu Suudi Arabistan\u2019da, petrol fiyatlar\u0131ndaki d\u00fc\u015f\u00fc\u015f\u00fcn \u00fclke ekonomisini olduk\u00e7a sarst\u0131\u011f\u0131 belirtildi. Suudilerin mevcut finansal varl\u0131klar\u0131n\u0131n \u00f6mr\u00fcn\u00fcn be\u015f y\u0131l oldu\u011fu a\u00e7\u0131klanan raporda, \u201cSuudi Arabistan\u2019\u0131n \u015fu an 654,5 milyar dolar d\u00f6viz rezervi bulunmaktad\u0131r, ancak h\u0131zla erimektedir\u201d vurgusu yap\u0131ld\u0131.<\/p>\n<p><\/p>","protected":false},"excerpt":{"rendered":"<p>Sorry, this entry is only available in Turkish. For the sake of viewer convenience, the content is shown below in the alternative language. You may click the link to switch the active language. Suudi Arabistan, petrol fiyatlar\u0131ndaki ya\u015fanan d\u00fc\u015f\u00fc\u015ften dolay\u0131 bakanlar\u0131n maa\u015flar\u0131n\u0131n y\u00fczde 20 oran\u0131nda d\u00fc\u015f\u00fcr\u00fcld\u00fc\u011f\u00fcn\u00fc ve devlet memurlar\u0131n\u0131n maa\u015f zamlar\u0131n\u0131 da ask\u0131ya ald\u0131\u011f\u0131n\u0131 a\u00e7\u0131klad\u0131. [&hellip;]<\/p>\n","protected":false},"author":1,"featured_media":51322,"comment_status":"open","ping_status":"open","sticky":false,"template":"","format":"standard","meta":[],"categories":[53,44],"tags":[63,67,1009,2698,165,10084,59,79,347,31714,2388,887,2522,1463,31715],"views":852,"_links":{"self":[{"href":"https:\/\/www.enerjigazetesi.ist\/en\/wp-json\/wp\/v2\/posts\/57808"}],"collection":[{"href":"https:\/\/www.enerjigazetesi.ist\/en\/wp-json\/wp\/v2\/posts"}],"about":[{"href":"https:\/\/www.enerjigazetesi.ist\/en\/wp-json\/wp\/v2\/types\/post"}],"author":[{"embeddable":true,"href":"https:\/\/www.enerjigazetesi.ist\/en\/wp-json\/wp\/v2\/users\/1"}],"replies":[{"embeddable":true,"href":"https:\/\/www.enerjigazetesi.ist\/en\/wp-json\/wp\/v2\/comments?post=57808"}],"version-history":[{"count":1,"href":"https:\/\/www.enerjigazetesi.ist\/en\/wp-json\/wp\/v2\/posts\/57808\/revisions"}],"predecessor-version":[{"id":57809,"href":"https:\/\/www.enerjigazetesi.ist\/en\/wp-json\/wp\/v2\/posts\/57808\/revisions\/57809"}],"wp:featuredmedia":[{"embeddable":true,"href":"https:\/\/www.enerjigazetesi.ist\/en\/wp-json\/wp\/v2\/media\/51322"}],"wp:attachment":[{"href":"https:\/\/www.enerjigazetesi.ist\/en\/wp-json\/wp\/v2\/media?parent=57808"}],"wp:term":[{"taxonomy":"category","embeddable":true,"href":"https:\/\/www.enerjigazetesi.ist\/en\/wp-json\/wp\/v2\/categories?post=57808"},{"taxonomy":"post_tag","embeddable":true,"href":"https:\/\/www.enerjigazetesi.ist\/en\/wp-json\/wp\/v2\/tags?post=57808"}],"curies":[{"name":"wp","href":"https:\/\/api.w.org\/{rel}","templated":true}]}}