{"id":57789,"date":"2016-10-03T13:26:14","date_gmt":"2016-10-03T10:26:14","guid":{"rendered":"https:\/\/www.enerjigazetesi.ist\/?p=57789"},"modified":"2016-10-03T13:31:15","modified_gmt":"2016-10-03T10:31:15","slug":"turkiyenin-en-buyuk-gunes-santrali-yatirimi-icin-calismalar-basladi","status":"publish","type":"post","link":"https:\/\/www.enerjigazetesi.ist\/en\/turkiyenin-en-buyuk-gunes-santrali-yatirimi-icin-calismalar-basladi\/","title":{"rendered":"(Turkish) T\u00fcrkiye\u2019nin En B\u00fcy\u00fck G\u00fcne\u015f Santrali Yat\u0131r\u0131m\u0131 \u0130\u00e7in \u00c7al\u0131\u015fmalar Ba\u015flad\u0131&#8230;"},"content":{"rendered":"<p class=\"qtranxs-available-languages-message qtranxs-available-languages-message-en\">Sorry, this entry is only available in <a href=\"https:\/\/www.enerjigazetesi.ist\/tr\/wp-json\/wp\/v2\/posts\/57789\" class=\"qtranxs-available-language-link qtranxs-available-language-link-tr\" title=\"Turkish\">Turkish<\/a>. For the sake of viewer convenience, the content is shown below in the alternative language. You may click the link to switch the active language.<\/p><p><\/p>\n<p class=\"selectionShareable\" style=\"color: #0a0a0a;\"><strong>Bakan Albayrak taraf\u0131ndan a\u00e7\u0131klanan g\u00fcne\u015f enerjisi ihalelerinden birisi\u00a0Konya-Karap\u0131nar i\u00e7in bu ay a\u00e7\u0131klanarak proje alan\u0131 ise aral\u0131k ay\u0131nda kazanan yat\u0131r\u0131mc\u0131ya teslim edilecektir.<\/strong><span id=\"more-84079\"><\/span><\/p>\n<p class=\"selectionShareable\" style=\"color: #0a0a0a;\">Yenilenebilir enerji kaynaklar\u0131n\u0131n desteklenmesi kapsam\u0131nda Enerji ve Tabii Kaynaklar Bakanl\u0131\u011f\u0131\u2019n\u0131n ba\u015flataca\u011f\u0131 ihalelerden ilkinin bin megavatl\u0131k bir kapasite i\u00e7in bu y\u0131l Konya Karap\u0131nar\u2019a y\u00f6nelik olarak ger\u00e7ekle\u015ftirilmesi ve bu <a href=\"https:\/\/www.enerjigazetesi.ist\/wp-content\/uploads\/2016\/04\/gunes-santrali-ges-tarlasi-kurmak-istiyorum-peki-nereden-baslamaliyim.jpg\"><img loading=\"lazy\" class=\"alignright size-medium wp-image-51895\" src=\"https:\/\/www.enerjigazetesi.ist\/wp-content\/uploads\/2016\/04\/gunes-santrali-ges-tarlasi-kurmak-istiyorum-peki-nereden-baslamaliyim-300x189.jpg\" alt=\"gunes-santrali-ges-tarlasi\" width=\"300\" height=\"189\" srcset=\"https:\/\/www.enerjigazetesi.ist\/wp-content\/uploads\/2016\/04\/gunes-santrali-ges-tarlasi-kurmak-istiyorum-peki-nereden-baslamaliyim-300x189.jpg 300w, https:\/\/www.enerjigazetesi.ist\/wp-content\/uploads\/2016\/04\/gunes-santrali-ges-tarlasi-kurmak-istiyorum-peki-nereden-baslamaliyim-500x316.jpg 500w, https:\/\/www.enerjigazetesi.ist\/wp-content\/uploads\/2016\/04\/gunes-santrali-ges-tarlasi-kurmak-istiyorum-peki-nereden-baslamaliyim-80x50.jpg 80w, https:\/\/www.enerjigazetesi.ist\/wp-content\/uploads\/2016\/04\/gunes-santrali-ges-tarlasi-kurmak-istiyorum-peki-nereden-baslamaliyim.jpg 765w\" sizes=\"(max-width: 300px) 100vw, 300px\" \/><\/a>b\u00f6lgede ilk etaptaki yat\u0131r\u0131m miktar\u0131n\u0131n ise 1,5 milyar dolar\u0131 a\u015fmas\u0131\u00a0beklenmektedir.<\/p>\n<p class=\"selectionShareable\" style=\"color: #0a0a0a;\">Yenilenebilir Enerji Kaynak Alanlar\u0131 (YEKA) tasla\u011f\u0131ndan derlenen bilgiye\u00a0g\u00f6re, yenilenebilir enerjide T\u00fcrkiye\u2019yi hem \u00fcretim hem de Ar-Ge merkezi haline getirmek i\u00e7in yeni ad\u0131mlar at\u0131lacakt\u0131r.<\/p>\n<p class=\"selectionShareable\" style=\"color: #0a0a0a;\">YEKA kapsam\u0131nda yap\u0131lacak yenilenebilir enerji projeleri 5\u2019inci b\u00f6lge yat\u0131r\u0131m te\u015fviklerinden faydalan\u0131rken, projelerde teknoloji transferi ve \u00fcretimde yerlilik oran\u0131 en y\u00fcksek olan \u015firketlere \u00f6ncelik\u00a0sunulacakt\u0131r.<\/p>\n<p class=\"selectionShareable\" style=\"color: #0a0a0a;\">Bu kapsamda, Enerji ve Tabii Kaynaklar Bakan\u0131 Berat Albayrak\u2019\u0131n bu hafta i\u00e7inde a\u00e7\u0131klad\u0131\u011f\u0131 ilk yenilenebilir enerji ihalesine daha \u00f6nce YEKA alan\u0131 ilan edilen Konya-Karap\u0131nar i\u00e7in\u00a0yap\u0131lacakt\u0131r.<\/p>\n<p class=\"selectionShareable\" style=\"color: #0a0a0a;\">Bu\u00a0b\u00f6lgedeki yat\u0131r\u0131ma ilk etapta bin 500 megavat ba\u011flant\u0131 izni verilmesi planlan\u0131rken, ilk ihalenin bin megavat i\u00e7in a\u00e7\u0131lmas\u0131 \u00f6ng\u00f6r\u00fclmektedir. Bu projenin ilk etapta \u00fcretim tesisi, iletim hatlar\u0131 ve di\u011fer yan harcamalarla beraber toplam 1,5 milyar dolar\u0131n \u00fczerinde bir yat\u0131r\u0131m miktar\u0131na ula\u015faca\u011f\u0131\u00a0da hesaplanmaktad\u0131r.<\/p>\n<p class=\"selectionShareable\" style=\"color: #0a0a0a;\">B\u00f6ylece, kalan 500 megavatl\u0131k kapasite i\u00e7in de ba\u015fka bir ihale\u00a0yap\u0131labilinir.<\/p>\n<p class=\"selectionShareable\" style=\"color: #0a0a0a;\">\u0130haleye ili\u015fkin duyuru ve y\u00f6netmeli\u011fin bilgilerinin bu ay yat\u0131r\u0131mc\u0131lara duyurulmas\u0131, ihalenin ise kas\u0131mda yap\u0131lmas\u0131 planlanlanarak bu takvime g\u00f6re, ihaleye \u00e7\u0131k\u0131lan b\u00f6lgede arazi, aral\u0131k ay\u0131nda yat\u0131r\u0131mc\u0131ya teslim edilecektir.<\/p>\n<p class=\"selectionShareable\" style=\"color: #0a0a0a;\">D\u00fczenlenen ihale, belirlenen tavan fiyat \u00fczerinde a\u00e7\u0131k eksiltme usul\u00fcyle yar\u0131\u015fma \u015feklinde\u00a0ger\u00e7ekle\u015ftirilecektir.<\/p>\n<p><\/p>","protected":false},"excerpt":{"rendered":"<p>Sorry, this entry is only available in Turkish. For the sake of viewer convenience, the content is shown below in the alternative language. You may click the link to switch the active language. Bakan Albayrak taraf\u0131ndan a\u00e7\u0131klanan g\u00fcne\u015f enerjisi ihalelerinden birisi\u00a0Konya-Karap\u0131nar i\u00e7in bu ay a\u00e7\u0131klanarak proje alan\u0131 ise aral\u0131k ay\u0131nda kazanan yat\u0131r\u0131mc\u0131ya teslim edilecektir. Yenilenebilir [&hellip;]<\/p>\n","protected":false},"author":1,"featured_media":51895,"comment_status":"open","ping_status":"open","sticky":false,"template":"","format":"standard","meta":[],"categories":[53,49],"tags":[63,67,1009,2698,165,2326,31710,227,13,431,23133,22975,4269,10835,25578,8275,31711,508],"views":929,"_links":{"self":[{"href":"https:\/\/www.enerjigazetesi.ist\/en\/wp-json\/wp\/v2\/posts\/57789"}],"collection":[{"href":"https:\/\/www.enerjigazetesi.ist\/en\/wp-json\/wp\/v2\/posts"}],"about":[{"href":"https:\/\/www.enerjigazetesi.ist\/en\/wp-json\/wp\/v2\/types\/post"}],"author":[{"embeddable":true,"href":"https:\/\/www.enerjigazetesi.ist\/en\/wp-json\/wp\/v2\/users\/1"}],"replies":[{"embeddable":true,"href":"https:\/\/www.enerjigazetesi.ist\/en\/wp-json\/wp\/v2\/comments?post=57789"}],"version-history":[{"count":8,"href":"https:\/\/www.enerjigazetesi.ist\/en\/wp-json\/wp\/v2\/posts\/57789\/revisions"}],"predecessor-version":[{"id":57798,"href":"https:\/\/www.enerjigazetesi.ist\/en\/wp-json\/wp\/v2\/posts\/57789\/revisions\/57798"}],"wp:featuredmedia":[{"embeddable":true,"href":"https:\/\/www.enerjigazetesi.ist\/en\/wp-json\/wp\/v2\/media\/51895"}],"wp:attachment":[{"href":"https:\/\/www.enerjigazetesi.ist\/en\/wp-json\/wp\/v2\/media?parent=57789"}],"wp:term":[{"taxonomy":"category","embeddable":true,"href":"https:\/\/www.enerjigazetesi.ist\/en\/wp-json\/wp\/v2\/categories?post=57789"},{"taxonomy":"post_tag","embeddable":true,"href":"https:\/\/www.enerjigazetesi.ist\/en\/wp-json\/wp\/v2\/tags?post=57789"}],"curies":[{"name":"wp","href":"https:\/\/api.w.org\/{rel}","templated":true}]}}