{"id":57784,"date":"2016-10-02T22:52:41","date_gmt":"2016-10-02T19:52:41","guid":{"rendered":"https:\/\/www.enerjigazetesi.ist\/?p=57784"},"modified":"2016-10-02T22:52:41","modified_gmt":"2016-10-02T19:52:41","slug":"birol-turkiye-avrupanin-en-buyuk-kapasitesine-sahip-4-ulkesi-olabilir","status":"publish","type":"post","link":"https:\/\/www.enerjigazetesi.ist\/en\/birol-turkiye-avrupanin-en-buyuk-kapasitesine-sahip-4-ulkesi-olabilir\/","title":{"rendered":"(Turkish) Birol: \u201cT\u00fcrkiye Avrupa\u2019n\u0131n En B\u00fcy\u00fck Kapasitesine Sahip 4. \u00dclkesi Olabilir&#8230;\u201d"},"content":{"rendered":"<p class=\"qtranxs-available-languages-message qtranxs-available-languages-message-en\">Sorry, this entry is only available in <a href=\"https:\/\/www.enerjigazetesi.ist\/tr\/wp-json\/wp\/v2\/posts\/57784\" class=\"qtranxs-available-language-link qtranxs-available-language-link-tr\" title=\"Turkish\">Turkish<\/a>. For the sake of viewer convenience, the content is shown below in the alternative language. You may click the link to switch the active language.<\/p><p><\/p>\n<p class=\"selectionShareable\" style=\"color: #0a0a0a;\"><strong>Uluslararas\u0131 Enerji Ajans\u0131 (IEA) \u0130cra Direkt\u00f6r\u00fc Fatih Birol, T\u00fcrkiye\u2019de son d\u00f6nemde elektrik kapasitesinin ciddi \u015fekilde artt\u0131\u011f\u0131n\u0131 ifade ederek, \u201cT\u00fcrkiye birka\u00e7 y\u0131l i\u00e7inde Avrupa\u2019n\u0131n en b\u00fcy\u00fck kapasiteye sahip d\u00f6rt veya be\u015finci \u00fclkesinden biri olursa hi\u00e7 \u015fa\u015f\u0131rmam.\u201d\u00a0ifadelerine yer verdi.<\/strong><span id=\"more-84076\"><\/span><\/p>\n<p class=\"selectionShareable\" style=\"color: #0a0a0a;\">Birol, Enerji ve Tabii Kaynaklar Bakan\u0131 Berat Albayrak\u2019\u0131n kat\u0131l\u0131m\u0131yla d\u00fczenlenen Uluslararas\u0131 Enerji Ajans\u0131\u2019n\u0131n T\u00fcrkiye raporunun tan\u0131m\u0131n\u0131 program\u0131nda konu\u015ftu.<a href=\"https:\/\/www.enerjigazetesi.ist\/wp-content\/uploads\/2015\/11\/Fatih-Birol-239023-696x385.jpg\"><img loading=\"lazy\" class=\"alignright size-medium wp-image-46666\" src=\"https:\/\/www.enerjigazetesi.ist\/wp-content\/uploads\/2015\/11\/Fatih-Birol-239023-696x385-300x165.jpg\" alt=\"Fatih-Birol-239023-696x385\" width=\"300\" height=\"165\" srcset=\"https:\/\/www.enerjigazetesi.ist\/wp-content\/uploads\/2015\/11\/Fatih-Birol-239023-696x385-300x165.jpg 300w, https:\/\/www.enerjigazetesi.ist\/wp-content\/uploads\/2015\/11\/Fatih-Birol-239023-696x385-500x276.jpg 500w, https:\/\/www.enerjigazetesi.ist\/wp-content\/uploads\/2015\/11\/Fatih-Birol-239023-696x385-80x44.jpg 80w, https:\/\/www.enerjigazetesi.ist\/wp-content\/uploads\/2015\/11\/Fatih-Birol-239023-696x385.jpg 696w\" sizes=\"(max-width: 300px) 100vw, 300px\" \/><\/a><\/p>\n<p class=\"selectionShareable\" style=\"color: #0a0a0a;\">Raporun zamanlamas\u0131n\u0131n ilgin\u00e7 bir d\u00f6neme denk geldi\u011fini vurgulayan Birol, \u015fu an k\u00fcresel enerji sekt\u00f6r\u00fcnde \u00e7ok ciddi de\u011fi\u015fikler ya\u015fand\u0131\u011f\u0131n\u0131\u00a0s\u00f6yledi.<\/p>\n<p class=\"selectionShareable\" style=\"color: #0a0a0a;\">Raporun \u00fc\u00e7 \u00f6nemli mesaj i\u00e7erdi\u011fini belirten\u00a0Birol, \u015funlar\u0131 ifade etti:<\/p>\n<p class=\"selectionShareable\" style=\"color: #0a0a0a;\">\u201c\u0130lk mesaj, 2015 y\u0131l\u0131nda global enerji yat\u0131r\u0131mlar\u0131n\u0131n y\u00fczde 8 d\u00fc\u015fmesidir. Bu, \u00e7ok ciddi bir d\u00fc\u015f\u00fc\u015ft\u00fc. Bu da ABD\u2019deki petrol ve do\u011falgaz yat\u0131r\u0131mlar\u0131n\u0131n azalmas\u0131ndan kaynaklanmaktad\u0131r. Yani ilk defa bu d\u00fc\u015f\u00fc\u015f\u00fc g\u00f6r\u00fcyoruz. \u0130kinci olarak yenilenebilir enerji ve enerji verimlili\u011finin pay\u0131n\u0131n t\u00fcm d\u00fcnyada yap\u0131lan enerji yat\u0131r\u0131mlar\u0131 i\u00e7indeki oran\u0131n\u0131n artmas\u0131d\u0131r. \u00dc\u00e7\u00fcnc\u00fc olarak 2017\u2019ye kadar petrol alan\u0131nda yap\u0131lacak yat\u0131r\u0131mlar\u0131n ciddi \u015fekilde d\u00fc\u015fece\u011fini d\u00fc\u015f\u00fcn\u00fcyoruz. Rakamlara bak\u0131ld\u0131\u011f\u0131nda, petrole yat\u0131r\u0131m\u0131n hi\u00e7bir zaman 3 sene art arda d\u00fc\u015ft\u00fc\u011f\u00fcn\u00fc g\u00f6rmemi\u015ftik. Bu, kendi ba\u015f\u0131na petrol piyasas\u0131 i\u00e7in \u00f6nemli bir mesajd\u0131r. Yak\u0131n zamanda petrol fiyatlar\u0131n\u0131n da y\u00fckselece\u011fini tahmin etmekteyiz.\u201d<\/p>\n<p class=\"selectionShareable\" style=\"color: #0a0a0a;\">Birol, \u00fclkede elektrik kapasitesinin son d\u00f6nemde ciddi \u015fekilde artt\u0131\u011f\u0131n\u0131 belirterek, T\u00fcrkiye\u2019nin birka\u00e7 y\u0131l i\u00e7inde Avrupa\u2019n\u0131n en b\u00fcy\u00fck kapasiteye sahip d\u00f6rd\u00fcnc\u00fc veya be\u015finci \u00fclkesinden biri olursa hi\u00e7 \u015fa\u015f\u0131rmayaca\u011f\u0131n\u0131\u00a0da ifade etti.<\/p>\n<p class=\"selectionShareable\" style=\"color: #0a0a0a;\">T\u00fcrkiye\u2019de enerji talebinin artt\u0131\u011f\u0131n\u0131 dile getiren Birol, \u00fclkenin her y\u0131l 20 milyar dolar civar\u0131nda yat\u0131r\u0131ma ihtiya\u00e7 duydu\u011funu\u00a0belirtti.<\/p>\n<p><\/p>","protected":false},"excerpt":{"rendered":"<p>Sorry, this entry is only available in Turkish. For the sake of viewer convenience, the content is shown below in the alternative language. You may click the link to switch the active language. Uluslararas\u0131 Enerji Ajans\u0131 (IEA) \u0130cra Direkt\u00f6r\u00fc Fatih Birol, T\u00fcrkiye\u2019de son d\u00f6nemde elektrik kapasitesinin ciddi \u015fekilde artt\u0131\u011f\u0131n\u0131 ifade ederek, \u201cT\u00fcrkiye birka\u00e7 y\u0131l i\u00e7inde [&hellip;]<\/p>\n","protected":false},"author":1,"featured_media":46666,"comment_status":"open","ping_status":"open","sticky":false,"template":"","format":"standard","meta":[],"categories":[51,53],"tags":[31708,27051,63,67,1009,2698,165,532,818,1023,25355,887,20955,31709,1022],"views":833,"_links":{"self":[{"href":"https:\/\/www.enerjigazetesi.ist\/en\/wp-json\/wp\/v2\/posts\/57784"}],"collection":[{"href":"https:\/\/www.enerjigazetesi.ist\/en\/wp-json\/wp\/v2\/posts"}],"about":[{"href":"https:\/\/www.enerjigazetesi.ist\/en\/wp-json\/wp\/v2\/types\/post"}],"author":[{"embeddable":true,"href":"https:\/\/www.enerjigazetesi.ist\/en\/wp-json\/wp\/v2\/users\/1"}],"replies":[{"embeddable":true,"href":"https:\/\/www.enerjigazetesi.ist\/en\/wp-json\/wp\/v2\/comments?post=57784"}],"version-history":[{"count":1,"href":"https:\/\/www.enerjigazetesi.ist\/en\/wp-json\/wp\/v2\/posts\/57784\/revisions"}],"predecessor-version":[{"id":57785,"href":"https:\/\/www.enerjigazetesi.ist\/en\/wp-json\/wp\/v2\/posts\/57784\/revisions\/57785"}],"wp:featuredmedia":[{"embeddable":true,"href":"https:\/\/www.enerjigazetesi.ist\/en\/wp-json\/wp\/v2\/media\/46666"}],"wp:attachment":[{"href":"https:\/\/www.enerjigazetesi.ist\/en\/wp-json\/wp\/v2\/media?parent=57784"}],"wp:term":[{"taxonomy":"category","embeddable":true,"href":"https:\/\/www.enerjigazetesi.ist\/en\/wp-json\/wp\/v2\/categories?post=57784"},{"taxonomy":"post_tag","embeddable":true,"href":"https:\/\/www.enerjigazetesi.ist\/en\/wp-json\/wp\/v2\/tags?post=57784"}],"curies":[{"name":"wp","href":"https:\/\/api.w.org\/{rel}","templated":true}]}}