{"id":57730,"date":"2016-09-30T11:32:18","date_gmt":"2016-09-30T08:32:18","guid":{"rendered":"https:\/\/www.enerjigazetesi.ist\/?p=57730"},"modified":"2016-09-30T11:32:18","modified_gmt":"2016-09-30T08:32:18","slug":"eia-gelecek-on-yilda-nukleer-kurulu-gucu-59-gigavat-artis-gosterecek","status":"publish","type":"post","link":"https:\/\/www.enerjigazetesi.ist\/en\/eia-gelecek-on-yilda-nukleer-kurulu-gucu-59-gigavat-artis-gosterecek\/","title":{"rendered":"(Turkish) EIA: \u201cGelecek On Y\u0131lda N\u00fckleer Kurulu G\u00fcc\u00fc 59 Gigavat Art\u0131\u015f G\u00f6sterecek!\u201d"},"content":{"rendered":"<p class=\"qtranxs-available-languages-message qtranxs-available-languages-message-en\">Sorry, this entry is only available in <a href=\"https:\/\/www.enerjigazetesi.ist\/tr\/wp-json\/wp\/v2\/posts\/57730\" class=\"qtranxs-available-language-link qtranxs-available-language-link-tr\" title=\"Turkish\">Turkish<\/a>. For the sake of viewer convenience, the content is shown below in the alternative language. You may click the link to switch the active language.<\/p><p><\/p>\n<p class=\"selectionShareable\" style=\"color: #0a0a0a;\"><strong>ABD Enerji Enformasyon \u0130daresi (EIA), gelecek on y\u0131l i\u00e7inde n\u00fckleer enerjide kurulu g\u00fcc\u00fcn\u00fcn 59 gigavat artaca\u011f\u0131n\u0131\u00a0s\u00f6yledi.<\/strong><span id=\"more-84052\"><\/span><\/p>\n<p class=\"selectionShareable\" style=\"color: #0a0a0a;\">Yap\u0131lan yaz\u0131l\u0131 a\u00e7\u0131klamada, elektrikte\u00a0d\u00fcnya genelinde n\u00fckleer santrallerin kurulu g\u00fcc\u00fcn\u00fcn 383 gigavat oldu\u011fu ve bu kapasiteye, gelecek on y\u0131l i\u00e7erisinde 59 gigavat eklenece\u011fi ifade edildi.<a href=\"https:\/\/www.enerjigazetesi.ist\/wp-content\/uploads\/2015\/11\/n\u00fckleer-santral-2222222222289687-696x385.jpg\"><img loading=\"lazy\" class=\"alignright size-medium wp-image-46669\" src=\"https:\/\/www.enerjigazetesi.ist\/wp-content\/uploads\/2015\/11\/n\u00fckleer-santral-2222222222289687-696x385-300x165.jpg\" alt=\"n\u00fckleer-santral-2222222222289687-696x385\" width=\"300\" height=\"165\" srcset=\"https:\/\/www.enerjigazetesi.ist\/wp-content\/uploads\/2015\/11\/n\u00fckleer-santral-2222222222289687-696x385-300x165.jpg 300w, https:\/\/www.enerjigazetesi.ist\/wp-content\/uploads\/2015\/11\/n\u00fckleer-santral-2222222222289687-696x385-500x276.jpg 500w, https:\/\/www.enerjigazetesi.ist\/wp-content\/uploads\/2015\/11\/n\u00fckleer-santral-2222222222289687-696x385-80x44.jpg 80w, https:\/\/www.enerjigazetesi.ist\/wp-content\/uploads\/2015\/11\/n\u00fckleer-santral-2222222222289687-696x385.jpg 696w\" sizes=\"(max-width: 300px) 100vw, 300px\" \/><\/a><\/p>\n<p class=\"selectionShareable\" style=\"color: #0a0a0a;\">Ge\u00e7en y\u0131l sonu itibar\u0131yla d\u00fcnya genelinde 31 \u00fclkede 441 n\u00fckleer reakt\u00f6r\u00fcn faaliyet g\u00f6sterdi\u011finin belirtildi\u011fi\u00a0a\u00e7\u0131klamada, s\u00f6z konusu 59 gigavatl\u0131k\u00a0ek kapasitenin 15 farkl\u0131 \u00fclkede yap\u0131m\u0131 devam eden 60 n\u00fckleer reakt\u00f6rden elde edilece\u011fi\u00a0belirtildi.<\/p>\n<p class=\"selectionShareable\" style=\"color: #0a0a0a;\">A\u00e7\u0131klamada, 2009-2015 y\u0131llar\u0131nda n\u00fckleer enerjiden elektrik \u00fcretiminde Asya K\u0131tas\u0131\u2019n\u0131n d\u00fcnya lideri oldu\u011fu ve bunun temel sebebinin \u00c7in\u2019deki santrallerden kaynakland\u0131\u011f\u0131 ifade edildi. S\u00f6z konusu d\u00f6nemde d\u00fcnya genelinde n\u00fckleer enerji kurulu g\u00fcc\u00fcn\u00fcn 22 gigavat artt\u0131\u011f\u0131 ve bunun 18 gigavat\u0131n\u0131n \u00c7in\u2019den geldi\u011fi vurguland\u0131. D\u00fcnyada \u015fu an yap\u0131m\u0131 devam eden 61 n\u00fckleer reakt\u00f6r\u00fcn 20\u2019sinin \u00c7in\u2019de bulundu\u011fu ve \u00fclkenin 20 adet daha reakt\u00f6r yapmay\u0131 planlad\u0131\u011f\u0131 a\u00e7\u0131kland\u0131.<\/p>\n<p class=\"selectionShareable\" style=\"color: #0a0a0a;\">A\u00e7\u0131klamada, \u00c7in d\u0131\u015f\u0131nda n\u00fckleer kapasitesini art\u0131rmay\u0131 hedefleyen bir ba\u015fka \u00fclkenin de Rusya oldu\u011fu, \u00fclkede 2016-2020 y\u0131llar\u0131nda 27 gigavat kapasiteye sahip 22 n\u00fckleer santralin daha devreye al\u0131naca\u011f\u0131\u00a0belirtildi.<\/p>\n<p><\/p>","protected":false},"excerpt":{"rendered":"<p>Sorry, this entry is only available in Turkish. For the sake of viewer convenience, the content is shown below in the alternative language. You may click the link to switch the active language. ABD Enerji Enformasyon \u0130daresi (EIA), gelecek on y\u0131l i\u00e7inde n\u00fckleer enerjide kurulu g\u00fcc\u00fcn\u00fcn 59 gigavat artaca\u011f\u0131n\u0131\u00a0s\u00f6yledi. Yap\u0131lan yaz\u0131l\u0131 a\u00e7\u0131klamada, elektrikte\u00a0d\u00fcnya genelinde n\u00fckleer [&hellip;]<\/p>\n","protected":false},"author":1,"featured_media":46669,"comment_status":"open","ping_status":"open","sticky":false,"template":"","format":"standard","meta":[],"categories":[53,43],"tags":[6102,5353,63,67,1009,2698,165,71,21,31693,25480,2750,23614,2973],"views":820,"_links":{"self":[{"href":"https:\/\/www.enerjigazetesi.ist\/en\/wp-json\/wp\/v2\/posts\/57730"}],"collection":[{"href":"https:\/\/www.enerjigazetesi.ist\/en\/wp-json\/wp\/v2\/posts"}],"about":[{"href":"https:\/\/www.enerjigazetesi.ist\/en\/wp-json\/wp\/v2\/types\/post"}],"author":[{"embeddable":true,"href":"https:\/\/www.enerjigazetesi.ist\/en\/wp-json\/wp\/v2\/users\/1"}],"replies":[{"embeddable":true,"href":"https:\/\/www.enerjigazetesi.ist\/en\/wp-json\/wp\/v2\/comments?post=57730"}],"version-history":[{"count":1,"href":"https:\/\/www.enerjigazetesi.ist\/en\/wp-json\/wp\/v2\/posts\/57730\/revisions"}],"predecessor-version":[{"id":57731,"href":"https:\/\/www.enerjigazetesi.ist\/en\/wp-json\/wp\/v2\/posts\/57730\/revisions\/57731"}],"wp:featuredmedia":[{"embeddable":true,"href":"https:\/\/www.enerjigazetesi.ist\/en\/wp-json\/wp\/v2\/media\/46669"}],"wp:attachment":[{"href":"https:\/\/www.enerjigazetesi.ist\/en\/wp-json\/wp\/v2\/media?parent=57730"}],"wp:term":[{"taxonomy":"category","embeddable":true,"href":"https:\/\/www.enerjigazetesi.ist\/en\/wp-json\/wp\/v2\/categories?post=57730"},{"taxonomy":"post_tag","embeddable":true,"href":"https:\/\/www.enerjigazetesi.ist\/en\/wp-json\/wp\/v2\/tags?post=57730"}],"curies":[{"name":"wp","href":"https:\/\/api.w.org\/{rel}","templated":true}]}}