{"id":57722,"date":"2016-09-30T10:13:51","date_gmt":"2016-09-30T07:13:51","guid":{"rendered":"https:\/\/www.enerjigazetesi.ist\/?p=57722"},"modified":"2016-09-30T10:16:21","modified_gmt":"2016-09-30T07:16:21","slug":"albayrak-enerji-sektorunde-yeni-bir-surec-icerisine-giriyoruz","status":"publish","type":"post","link":"https:\/\/www.enerjigazetesi.ist\/en\/albayrak-enerji-sektorunde-yeni-bir-surec-icerisine-giriyoruz\/","title":{"rendered":"(Turkish) Albayrak: \u201cEnerji Sekt\u00f6r\u00fcnde Yeni Bir S\u00fcre\u00e7 \u0130\u00e7erisine Giriyoruz!\u201d"},"content":{"rendered":"<p class=\"qtranxs-available-languages-message qtranxs-available-languages-message-en\">Sorry, this entry is only available in <a href=\"https:\/\/www.enerjigazetesi.ist\/tr\/wp-json\/wp\/v2\/posts\/57722\" class=\"qtranxs-available-language-link qtranxs-available-language-link-tr\" title=\"Turkish\">Turkish<\/a>. For the sake of viewer convenience, the content is shown below in the alternative language. You may click the link to switch the active language.<\/p><p><\/p>\n<p class=\"selectionShareable\" style=\"color: #0a0a0a;\"><strong>Enerji ve Tabii Kaynaklar Bakan\u0131 Berat Albayrak, m\u00fc\u015fteri memnuniyetini art\u0131rmak i\u00e7in \u00e7ok \u00f6nem verdi\u011fi elektrik da\u011f\u0131t\u0131m \u015firketlerinin kuraca\u011f\u0131 \u00e7a\u011fr\u0131 merkezlerinin ilkinin a\u00e7\u0131l\u0131\u015f\u0131n\u0131 Denizli\u2019de ger\u00e7ekle\u015ftirdi. Albayrak, \u201c\u00d6nemli d\u00f6n\u00fc\u015f\u00fcmlere \u015fahit olaca\u011f\u0131m\u0131z yeni bir s\u00fcrece giriyoruz. Alt yap\u0131 yat\u0131r\u0131mlar\u0131ndan, enerji yat\u0131r\u0131mlar\u0131ndan vazge\u00e7emeyiz. Bakanl\u0131k olarak bu \u015fuurdan hareketle do\u011falgaz, enerji \u00fcretimi ve madencilik sekt\u00f6r\u00fc ba\u015fta olmak \u00fczere yerli d\u00f6n\u00fc\u015f\u00fcm\u00fc hayata ge\u00e7iriyoruz.\u201d\u00a0ifadelerinde bulundu.<\/strong><span id=\"more-84036\"><\/span><\/p>\n<p class=\"selectionShareable\" style=\"color: #0a0a0a;\">Enerji ve Tabii Kaynaklar Bakan\u0131 Berat Albayrak, T\u00fcrkiye\u2019nin b\u00fcy\u00fcmesinden, ekonomisinden, yat\u0131r\u0131m<img loading=\"lazy\" class=\"alignright  wp-image-48038\" src=\"https:\/\/www.enerjigazetesi.ist\/wp-content\/uploads\/2015\/12\/berat-albayrak-2398323-696x385-300x165.jpg\" alt=\"berat-albayrak-2398323-696x385\" width=\"300\" height=\"192\" \/>\u0131ndan vazge\u00e7emeyece\u011fini belirterek, \u201cEnerji sekt\u00f6r\u00fcnde gelecek d\u00f6nemde \u00e7ok \u00f6nemli yat\u0131r\u0131m ve projelere imza ataca\u011f\u0131z. Y\u0131l sonuna<br \/>\ndo\u011fru hem yerli k\u00f6m\u00fcrle hem de g\u00fcne\u015fte ilk ihalemizi yaparak T\u00fcrkiye\u2019nin ayn\u0131 zamanda bir \u00fcretim Ar-Ge merkezi olmas\u0131 noktas\u0131nda bir ilki ger\u00e7ekle\u015ftirmek i\u00e7in ad\u0131mlar\u0131 ataca\u011f\u0131z.\u201d dedi.<\/p>\n<p class=\"selectionShareable\" style=\"color: #0a0a0a;\">Albayrak, Ekonomi Bakan\u0131 Nihat Zeybek\u00e7i ve Enerji Piyasas\u0131 D\u00fczenleme Kurumu (EPDK) Ba\u015fkan\u0131 Mustafa Y\u0131lmaz\u2019\u0131n da kat\u0131ld\u0131\u011f\u0131, Bereket Enerji Grubu\u2019na ait ADM-GDZ \u00c7a\u011fr\u0131 Merkezi\u2019nin a\u00e7\u0131l\u0131\u015f\u0131nda konu\u015ftu.<\/p>\n<p class=\"selectionShareable\" style=\"color: #0a0a0a;\">A\u00e7\u0131l\u0131\u015f\u0131n \u00e7ok b\u00fcy\u00fck bir resmin ba\u015flang\u0131c\u0131 oldu\u011funu dile getiren Albayrak, 2016 y\u0131l\u0131 May\u0131s ay\u0131nda elektrik da\u011f\u0131t\u0131m sekt\u00f6r\u00fcyle ilgili y\u0131ll\u0131k yap\u0131lan toplant\u0131da baz\u0131 \u00f6nemli kararlar ald\u0131klar\u0131n\u0131 ve bu kararlarla daha kaliteli hizmet verilmesi noktas\u0131nda \u00f6nemli bir s\u00fcreci ba\u015flatt\u0131klar\u0131n\u0131\u00a0belirtti.<\/p>\n<p class=\"selectionShareable\" style=\"color: #0a0a0a;\">Albayrak, elektrik da\u011f\u0131t\u0131m sekt\u00f6r\u00fcn\u00fcn yakla\u015f\u0131k 7 y\u0131l \u00f6nce \u00f6zelle\u015ftirildi\u011fini hat\u0131rlatarak, s\u00f6zlerine s\u00f6yle devam etti:<\/p>\n<p class=\"selectionShareable\" style=\"color: #0a0a0a;\">\u201cT\u00fcrkiye haritas\u0131 21 da\u011f\u0131t\u0131m b\u00f6lgesine ayr\u0131ld\u0131 ve tamam\u0131n\u0131n \u00f6zel sekt\u00f6re devredilmesiyle birlikte esas hedefi m\u00fc\u015fteriye lay\u0131k oldu\u011fu d\u00fczeyde bir hizmet verme noktas\u0131nda \u00f6nemli bir s\u00fcre\u00e7 ba\u015flad\u0131. 2013 sonras\u0131nda ekonomik dalgalanma ve artan maliyetlerle ya\u015fanan s\u0131k\u0131nt\u0131lar sonras\u0131nda biz 2016 y\u0131l\u0131 itibar\u0131yla yeni bir d\u00f6nemi a\u00e7al\u0131m istedik. Memnuniyet noktas\u0131nda hem halk\u0131m\u0131z\u0131n hem de yat\u0131r\u0131mc\u0131n\u0131n memnuniyetini sa\u011flamak durumunday\u0131z. Ge\u00e7ti\u011fimiz 14 y\u0131l i\u00e7inde T\u00fcrkiye\u2019de AK Parti iktidar\u0131nda enerji sekt\u00f6r\u00fcnde \u00e7ok b\u00fcy\u00fck bir ba\u015far\u0131 hikayesi ortaya koyduk. B\u00fcy\u00fck yat\u0131r\u0131mlar ortaya koyduk, \u00f6nemli ad\u0131mlar i\u00e7erisindeyiz. Bu da beraberinde T\u00fcrkiye\u2019de \u00f6zellikle enerji sekt\u00f6r\u00fcnde altyap\u0131yla alakal\u0131 b\u00fcy\u00fck yat\u0131r\u0131mlar\u0131 beraberinde getiriyor. T\u00fcrkiye\u2019nin b\u00fcy\u00fcmesi enerji sekt\u00f6r\u00fcyle e\u015f g\u00fcd\u00fcml\u00fc bir \u015fekilde devam ediyor. Bu da yat\u0131r\u0131mlar\u0131n kurumsalla\u015fmas\u0131 ve halka memnuniyet noktas\u0131nda d\u00f6nmesini gerektiriyor.\u201d<\/p>\n<p class=\"selectionShareable\" style=\"color: #0a0a0a;\">Y\u0131l sonuna a\u00e7\u0131l\u0131\u015flar\u0131n\u0131n tamamlanaca\u011f\u0131 9 \u00e7a\u011fr\u0131 merkezinde 2 binden fazla istihdam sa\u011flanaca\u011f\u0131n\u0131 ifade eden Albayrak, bunun bir di\u011fer aya\u011f\u0131n\u0131n da teknik personel ihtiyac\u0131yla ilgili oldu\u011funu s\u00f6yledi. Bakan Albayrak, gelecek y\u0131la kadar istihdam olu\u015fturulacak teknik personel ile elektrikteki s\u0131k\u0131nt\u0131 ve ar\u0131zalara daha h\u0131zl\u0131 m\u00fcdahale edecek yeni bir yap\u0131lanma ortaya \u00e7\u0131kaca\u011f\u0131n\u0131\u00a0s\u00f6yledi.<\/p>\n<p class=\"selectionShareable\" style=\"color: #0a0a0a;\">Elektrik da\u011f\u0131t\u0131m sekt\u00f6r\u00fcn\u00fcn enerji sekt\u00f6r\u00fcnde yakla\u015f\u0131k 40 milyon haneye ula\u015fmas\u0131 itibar\u0131yla hayati oldu\u011funa i\u015faret eden Albayrak, \u201cMaalesef T\u00fcrkiye\u2019mizin b\u00fcy\u00fcmesinin yan\u0131nda altyap\u0131 ihtiyac\u0131n\u0131 kar\u015f\u0131lamak i\u00e7in yat\u0131r\u0131m hamlesi ve bunu tamamlamak i\u00e7in de \u00f6n\u00fcm\u00fczde birka\u00e7 y\u0131l var. Bundan yakla\u015f\u0131k 30 sene \u00f6nce kurulan bir \u015febeke sistem altyap\u0131s\u0131 var. O g\u00fcnk\u00fc 20 bin megavatlar\u0131n ihtiyac\u0131n\u0131 kar\u015f\u0131layacak d\u00fczeyde. \u0130ktidara geldi\u011fimizde bu kapasite 30 k\u00fcs\u00fcr bin megavat ve bug\u00fcn itibar\u0131yla 70 bin megavat\u0131 ge\u00e7mi\u015f durumda. Bireysel t\u00fcketim talebini ise her g\u00fcn art\u0131ran bir \u00fclkeden bahsediyoruz.\u201d diye konu\u015ftu.<\/p>\n<p class=\"selectionShareable\" style=\"color: #0a0a0a;\">Sekt\u00f6rdeki durumu her ge\u00e7en g\u00fcn araba say\u0131s\u0131n\u0131n artt\u0131\u011f\u0131 iki \u015feritli bir yola benzeten Albayrak, \u015funlar\u0131 s\u00f6yledi:<\/p>\n<p class=\"selectionShareable\" style=\"color: #0a0a0a;\">\u201cSadece yolu asfaltlamak de\u011fil, \u015ferit say\u0131s\u0131n\u0131 da art\u0131rmam\u0131z gereken bir s\u00fcre\u00e7 bu. Bununla ilgili bir yat\u0131r\u0131m s\u00fcrecini ba\u015flatt\u0131k. Bunun ayaklar\u0131ndan birisi olan halk\u0131m\u0131z\u0131n \u015fikayetlerini dile getirece\u011fi \u00e7a\u011fr\u0131 merkezi g\u00f6revlisi ba\u015f\u0131na d\u00fc\u015fen abone say\u0131s\u0131n\u0131 uluslararas\u0131 standartlara \u00e7ekmek i\u00e7in \u00e7ok yo\u011fun bir d\u00f6nemi ba\u015flatt\u0131k. 21 da\u011f\u0131t\u0131m b\u00f6lgesi i\u00e7inde sistematik ve kurumsal yap\u0131s\u0131 itibar\u0131yla Avrupa m\u00fckemmellik kalite \u00f6d\u00fcl\u00fcn\u00fc alabilecek d\u00fczeyde bu d\u00f6n\u00fc\u015f\u00fcm\u00fcn ger\u00e7ekle\u015ftirilmesini istiyoruz. \u0130n\u015fallah bu d\u00f6n\u00fc\u015f\u00fcm\u00fc ger\u00e7ekle\u015ftiren ilk firma da AYDEM olur. Burada \u00e7ok y\u00f6nl\u00fc bir kazan-kazan oyunu var. Biz bunu s\u00f6yledik. Kamu memnun de\u011fil, vatanda\u015f \u015fikayet ediyor ve \u015firketler de mutsuz. Biz de dedik ki kalite ve verimlilik oldu\u011fu s\u00fcrece m\u00fc\u015fteri memnun olur, memnun oldu\u011fu \u00f6l\u00e7\u00fcde \u015firketin kurumsall\u0131k de\u011feri her ge\u00e7en g\u00fcn artar, kamu olarak da vatanda\u015f\u0131m\u0131za sistematik kaliteli hizmeti vermekten mutlu oluyoruz. Bu \u00e7er\u00e7evede uzun soluklu bir s\u00fcre\u00e7.\u201d<\/p>\n<p class=\"selectionShareable\" style=\"color: #0a0a0a;\">Albayrak, enerji sekt\u00f6r\u00fcnde gelecek d\u00f6nemde \u00e7ok \u00f6nemli yat\u0131r\u0131m ve projelere imza atacaklar\u0131n\u0131\u00a0belirtti.<\/p>\n<p class=\"selectionShareable\" style=\"color: #0a0a0a;\">T\u00fcrkiye\u2019nin b\u00fcy\u00fcmesinden, ekonomisinden, yat\u0131r\u0131m\u0131ndan vazge\u00e7emeyece\u011fini ve bunu yapmak i\u00e7in de her zamankinden \u00e7ok daha fazla \u00e7al\u0131\u015fmak zorunda olduklar\u0131n\u0131 vurgulayan Albayrak, \u201cBu \u015fuurdan hareketle do\u011falgaz sekt\u00f6r\u00fc, enerji \u00fcretim, madencilik sekt\u00f6rleri ba\u015fta olmak \u00fczere yerli ve yenilenebilir d\u00f6n\u00fc\u015f\u00fcm\u00fc ataca\u011f\u0131m\u0131z ad\u0131mlar\u0131 hayata ge\u00e7iriyoruz. Y\u0131l sonuna do\u011fru hem yerli k\u00f6m\u00fcrle hem de g\u00fcne\u015fte ilk ihalemizi yaparak T\u00fcrkiye\u2019nin ayn\u0131 zamanda bir \u00fcretim Ar-Ge merkezi olmas\u0131 noktas\u0131nda bir ilki ger\u00e7ekle\u015ftirmek i\u00e7in ad\u0131mlar\u0131 ataca\u011f\u0131z.\u201d ifadelerine yer verdi.<\/p>\n<p><\/p>","protected":false},"excerpt":{"rendered":"<p>Sorry, this entry is only available in Turkish. For the sake of viewer convenience, the content is shown below in the alternative language. You may click the link to switch the active language. Enerji ve Tabii Kaynaklar Bakan\u0131 Berat Albayrak, m\u00fc\u015fteri memnuniyetini art\u0131rmak i\u00e7in \u00e7ok \u00f6nem verdi\u011fi elektrik da\u011f\u0131t\u0131m \u015firketlerinin kuraca\u011f\u0131 \u00e7a\u011fr\u0131 merkezlerinin ilkinin a\u00e7\u0131l\u0131\u015f\u0131n\u0131 [&hellip;]<\/p>\n","protected":false},"author":1,"featured_media":48038,"comment_status":"open","ping_status":"open","sticky":false,"template":"","format":"standard","meta":[],"categories":[53],"tags":[27051,14795,92,1266,63,67,1009,2698,165,18,1389,6600,59,79,2388,887,2522],"views":710,"_links":{"self":[{"href":"https:\/\/www.enerjigazetesi.ist\/en\/wp-json\/wp\/v2\/posts\/57722"}],"collection":[{"href":"https:\/\/www.enerjigazetesi.ist\/en\/wp-json\/wp\/v2\/posts"}],"about":[{"href":"https:\/\/www.enerjigazetesi.ist\/en\/wp-json\/wp\/v2\/types\/post"}],"author":[{"embeddable":true,"href":"https:\/\/www.enerjigazetesi.ist\/en\/wp-json\/wp\/v2\/users\/1"}],"replies":[{"embeddable":true,"href":"https:\/\/www.enerjigazetesi.ist\/en\/wp-json\/wp\/v2\/comments?post=57722"}],"version-history":[{"count":3,"href":"https:\/\/www.enerjigazetesi.ist\/en\/wp-json\/wp\/v2\/posts\/57722\/revisions"}],"predecessor-version":[{"id":57725,"href":"https:\/\/www.enerjigazetesi.ist\/en\/wp-json\/wp\/v2\/posts\/57722\/revisions\/57725"}],"wp:featuredmedia":[{"embeddable":true,"href":"https:\/\/www.enerjigazetesi.ist\/en\/wp-json\/wp\/v2\/media\/48038"}],"wp:attachment":[{"href":"https:\/\/www.enerjigazetesi.ist\/en\/wp-json\/wp\/v2\/media?parent=57722"}],"wp:term":[{"taxonomy":"category","embeddable":true,"href":"https:\/\/www.enerjigazetesi.ist\/en\/wp-json\/wp\/v2\/categories?post=57722"},{"taxonomy":"post_tag","embeddable":true,"href":"https:\/\/www.enerjigazetesi.ist\/en\/wp-json\/wp\/v2\/tags?post=57722"}],"curies":[{"name":"wp","href":"https:\/\/api.w.org\/{rel}","templated":true}]}}