{"id":57713,"date":"2016-09-29T12:53:01","date_gmt":"2016-09-29T09:53:01","guid":{"rendered":"https:\/\/www.enerjigazetesi.ist\/?p=57713"},"modified":"2016-09-29T12:53:01","modified_gmt":"2016-09-29T09:53:01","slug":"opecten-gunluk-petrol-uretimini-belli-bir-seviyede-tutma-karari","status":"publish","type":"post","link":"https:\/\/www.enerjigazetesi.ist\/en\/opecten-gunluk-petrol-uretimini-belli-bir-seviyede-tutma-karari\/","title":{"rendered":"(Turkish) OPEC&#8217;ten G\u00fcnl\u00fck Petrol \u00dcretimini Belli Bir Seviyede Tutma Karar\u0131!"},"content":{"rendered":"<p class=\"qtranxs-available-languages-message qtranxs-available-languages-message-en\">Sorry, this entry is only available in <a href=\"https:\/\/www.enerjigazetesi.ist\/tr\/wp-json\/wp\/v2\/posts\/57713\" class=\"qtranxs-available-language-link qtranxs-available-language-link-tr\" title=\"Turkish\">Turkish<\/a>. For the sake of viewer convenience, the content is shown below in the alternative language. You may click the link to switch the active language.<\/p><p><\/p>\n<p class=\"selectionShareable\" style=\"color: #0a0a0a;\"><strong>Petrol \u0130hra\u00e7 Eden \u00dclkeler \u00d6rg\u00fct\u00fcn\u00fcn (OPEC) taraf\u0131ndan petrol \u00fcretiminin g\u00fcnl\u00fck 32,5 milyon varil seviyesinde sabitlenmesi konusunda\u00a0anla\u015f\u0131ld\u0131\u011f\u0131 belirtildi.<\/strong><span id=\"more-84029\"><\/span><\/p>\n<p class=\"selectionShareable\" style=\"color: #0a0a0a;\">Katar Enerji ve Sanayi Bakan\u0131 da olan OPEC D\u00f6nem Ba\u015fkan\u0131 Muhammed bin Salih es-Sade, \u00f6rg\u00fct\u00fcn ba\u015f<a href=\"https:\/\/www.enerjigazetesi.ist\/wp-content\/uploads\/2016\/04\/opecin-petrol-uretimi-martta-artti.jpg\"><img loading=\"lazy\" class=\"alignright  wp-image-52041\" src=\"https:\/\/www.enerjigazetesi.ist\/wp-content\/uploads\/2016\/04\/opecin-petrol-uretimi-martta-artti.jpg\" alt=\"opecin-petrol-uretimi\" width=\"300\" height=\"190\" \/><\/a>kent Cezayir\u2019deki toplant\u0131s\u0131n\u0131n kapan\u0131\u015f oturumunda, al\u0131nan kararlara ili\u015fkin bilgi\u00a0sundu.<\/p>\n<p class=\"selectionShareable\" style=\"color: #0a0a0a;\">Petrol \u00fcretim seviyesini takip etmek \u00fczere \u00fcst d\u00fczey bir komite olu\u015fturulaca\u011f\u0131n\u0131 belirten Sade, \u201c\u00dcye \u00fclkeler 33,24 milyon varil olan g\u00fcnl\u00fck petrol \u00fcretiminin 32,5 milyon varil seviyesinde sabitlenmesi konusunda anla\u015fma sa\u011flad\u0131. \u0130ran, Nijerya ve Libya, i\u00e7inde bulundu\u011fu \u015fartlardan dolay\u0131 bu karardan muaf tutulacak.\u201d\u00a0ifadelerine yer verdi.<\/p>\n<p class=\"selectionShareable\" style=\"color: #0a0a0a;\">OPEC b\u00fcnyesinde olumlu bir hava oldu\u011funu ve kolayl\u0131kla anla\u015fman\u0131n sa\u011fland\u0131\u011f\u0131n\u0131 vurgulayan Sade, bunun uygulanma s\u00fcrelerinin ise kas\u0131m ay\u0131nda yap\u0131lacak toplant\u0131da belirlenece\u011fini a\u00e7\u0131klad\u0131.<\/p>\n<p class=\"selectionShareable\" style=\"color: #0a0a0a;\">Cezayir Enerji Bakan\u0131 Nureddin Butarfe de gayriresmi ba\u015flayan toplant\u0131n\u0131n OPEC ola\u011fan\u00fcst\u00fc toplant\u0131s\u0131na d\u00f6n\u00fc\u015ft\u00fc\u011f\u00fcn\u00fc\u00a0de s\u00f6yledi.<\/p>\n<p class=\"selectionShareable\" style=\"color: #0a0a0a;\">Butarfe, s\u00f6z konusu toplant\u0131yla ilgili\u00a0\u201ctarihi bir bulu\u015fma\u201d\u00a0nitelendirmesi yapt\u0131.<\/p>\n<p><\/p>","protected":false},"excerpt":{"rendered":"<p>Sorry, this entry is only available in Turkish. For the sake of viewer convenience, the content is shown below in the alternative language. You may click the link to switch the active language. Petrol \u0130hra\u00e7 Eden \u00dclkeler \u00d6rg\u00fct\u00fcn\u00fcn (OPEC) taraf\u0131ndan petrol \u00fcretiminin g\u00fcnl\u00fck 32,5 milyon varil seviyesinde sabitlenmesi konusunda\u00a0anla\u015f\u0131ld\u0131\u011f\u0131 belirtildi. Katar Enerji ve Sanayi Bakan\u0131 [&hellip;]<\/p>\n","protected":false},"author":1,"featured_media":52041,"comment_status":"open","ping_status":"open","sticky":false,"template":"","format":"standard","meta":[],"categories":[53,44],"tags":[63,67,1009,2698,165,9830,1377,59,79,347,2388,6790,887,2522,1369,31683],"views":606,"_links":{"self":[{"href":"https:\/\/www.enerjigazetesi.ist\/en\/wp-json\/wp\/v2\/posts\/57713"}],"collection":[{"href":"https:\/\/www.enerjigazetesi.ist\/en\/wp-json\/wp\/v2\/posts"}],"about":[{"href":"https:\/\/www.enerjigazetesi.ist\/en\/wp-json\/wp\/v2\/types\/post"}],"author":[{"embeddable":true,"href":"https:\/\/www.enerjigazetesi.ist\/en\/wp-json\/wp\/v2\/users\/1"}],"replies":[{"embeddable":true,"href":"https:\/\/www.enerjigazetesi.ist\/en\/wp-json\/wp\/v2\/comments?post=57713"}],"version-history":[{"count":1,"href":"https:\/\/www.enerjigazetesi.ist\/en\/wp-json\/wp\/v2\/posts\/57713\/revisions"}],"predecessor-version":[{"id":57714,"href":"https:\/\/www.enerjigazetesi.ist\/en\/wp-json\/wp\/v2\/posts\/57713\/revisions\/57714"}],"wp:featuredmedia":[{"embeddable":true,"href":"https:\/\/www.enerjigazetesi.ist\/en\/wp-json\/wp\/v2\/media\/52041"}],"wp:attachment":[{"href":"https:\/\/www.enerjigazetesi.ist\/en\/wp-json\/wp\/v2\/media?parent=57713"}],"wp:term":[{"taxonomy":"category","embeddable":true,"href":"https:\/\/www.enerjigazetesi.ist\/en\/wp-json\/wp\/v2\/categories?post=57713"},{"taxonomy":"post_tag","embeddable":true,"href":"https:\/\/www.enerjigazetesi.ist\/en\/wp-json\/wp\/v2\/tags?post=57713"}],"curies":[{"name":"wp","href":"https:\/\/api.w.org\/{rel}","templated":true}]}}