{"id":57623,"date":"2016-09-27T14:27:34","date_gmt":"2016-09-27T11:27:34","guid":{"rendered":"https:\/\/www.enerjigazetesi.ist\/?p=57623"},"modified":"2016-09-27T14:27:34","modified_gmt":"2016-09-27T11:27:34","slug":"albayrak-metzamor-nukleer-santralinin-kapatilmasi-gereklidir","status":"publish","type":"post","link":"https:\/\/www.enerjigazetesi.ist\/en\/albayrak-metzamor-nukleer-santralinin-kapatilmasi-gereklidir\/","title":{"rendered":"(Turkish) Albayrak: \u201cMetzamor N\u00fckleer Santralinin Kapat\u0131lmas\u0131 Gereklidir!\u201d"},"content":{"rendered":"<p class=\"qtranxs-available-languages-message qtranxs-available-languages-message-en\">Sorry, this entry is only available in <a href=\"https:\/\/www.enerjigazetesi.ist\/tr\/wp-json\/wp\/v2\/posts\/57623\" class=\"qtranxs-available-language-link qtranxs-available-language-link-tr\" title=\"Turkish\">Turkish<\/a>. For the sake of viewer convenience, the content is shown below in the alternative language. You may click the link to switch the active language.<\/p><p><\/p>\n<p class=\"selectionShareable\" style=\"color: #0a0a0a;\"><strong>Enerji ve Tabii Kaynaklar Bakan\u0131 Berat Albayrak, Ermenistan\u2019daki 47 y\u0131ll\u0131k Metzamor N\u00fckleer Santrali\u2019nin deprem b\u00f6lgesinde bulundu\u011funu ve kom\u015fular\u0131 i\u00e7in endi\u015fe kayna\u011f\u0131 olmaya devam etti\u011fini belirterek, \u201cMetzamor N\u00fckleer Santrali kapat\u0131lmal\u0131d\u0131r. B\u00f6lge ve d\u00fcnya, \u00c7ernobil kazas\u0131ndan sonra bir ba\u015fka n\u00fckleer kazay\u0131 g\u00f6ze alamaz.\u201d\u00a0ifadelerine yer verdi.<\/strong><span id=\"more-83948\"><\/span><\/p>\n<p class=\"selectionShareable\" style=\"color: #0a0a0a;\">Albayrak, Avusturya\u2019n\u0131n ba\u015fkenti Viyana\u2019da Birle\u015fmi\u015f Milletler (BM) Viyana Ofisi\u2019nde d\u00fczenlenen Uluslararas\u0131 Atom Enerjisi <a href=\"https:\/\/www.enerjigazetesi.ist\/wp-content\/uploads\/2014\/07\/ermenistan-metzamor-nukleer-santrali-tehlike-iyilestirme.jpg\"><img loading=\"lazy\" class=\"alignright size-medium wp-image-29271\" src=\"https:\/\/www.enerjigazetesi.ist\/wp-content\/uploads\/2014\/07\/ermenistan-metzamor-nukleer-santrali-tehlike-iyilestirme-300x197.jpg\" alt=\"metzamor-nukleer-santrali\" width=\"300\" height=\"197\" srcset=\"https:\/\/www.enerjigazetesi.ist\/wp-content\/uploads\/2014\/07\/ermenistan-metzamor-nukleer-santrali-tehlike-iyilestirme-300x197.jpg 300w, https:\/\/www.enerjigazetesi.ist\/wp-content\/uploads\/2014\/07\/ermenistan-metzamor-nukleer-santrali-tehlike-iyilestirme-500x329.jpg 500w, https:\/\/www.enerjigazetesi.ist\/wp-content\/uploads\/2014\/07\/ermenistan-metzamor-nukleer-santrali-tehlike-iyilestirme-75x50.jpg 75w, https:\/\/www.enerjigazetesi.ist\/wp-content\/uploads\/2014\/07\/ermenistan-metzamor-nukleer-santrali-tehlike-iyilestirme.jpg 824w\" sizes=\"(max-width: 300px) 100vw, 300px\" \/><\/a>Ajans\u0131\u2019n\u0131n (UAEA) Genel Kurulu\u2019na kat\u0131l\u0131m g\u00f6sterdi.<\/p>\n<p class=\"selectionShareable\" style=\"color: #0a0a0a;\">Genel Kurul \u00f6ncesinde BM Viyana Ofisi\u2019nde \u00e7al\u0131\u015fan T\u00fcrk diplomatlar ve vatanda\u015flarla bir araya gelen Albayrak, Japonya Devlet Bakan\u0131 Hirotaka Ishihara ile de ayak\u00fcst\u00fc g\u00f6r\u00fc\u015fmeler yapt\u0131.<\/p>\n<p class=\"selectionShareable\" style=\"color: #0a0a0a;\">Albayrak, daha sonra Rusya Devlet N\u00fckleer Enerji \u015eirketi (Rosatom) Ba\u015fkan\u0131 Sergey Kiriyenko ve UAEA Ba\u015fkan\u0131 Yukiya Amano ile ayr\u0131 ayr\u0131 g\u00f6r\u00fc\u015fmelerde bulundu.<\/p>\n<p class=\"selectionShareable\" style=\"color: #0a0a0a;\">Genel Kurul\u2019da yapt\u0131\u011f\u0131 konu\u015fmada Albayrak, UAEA\u2019n\u0131n kuruldu\u011fu g\u00fcnden beri \u00f6nemli misyon y\u00fcklendi\u011fini, insano\u011flunun ihtiyac\u0131 olan bar\u0131\u015f\u00e7\u0131l n\u00fckleer enerjinin faydalar\u0131n\u0131 geni\u015fletmeye ve n\u00fckleer silahlar\u0131n yay\u0131lmas\u0131n\u0131 \u00f6nlemeye \u00e7al\u0131\u015ft\u0131\u011f\u0131n\u0131\u00a0belirtti.<\/p>\n<p class=\"selectionShareable\" style=\"color: #0a0a0a;\">Kullan\u0131m tarihi ge\u00e7mi\u015f n\u00fckleer santrallerin emniyetinin T\u00fcrkiye i\u00e7in endi\u015fe kayna\u011f\u0131 oldu\u011funu belirten Albayrak, b\u00fct\u00fcn \u00fcye \u00fclkeleri bu t\u00fcr n\u00fckleer santrallerini g\u00f6zden ge\u00e7irme davetinde bulundu.<\/p>\n<p class=\"selectionShareable\" style=\"color: #0a0a0a;\">Ermenistan\u2019daki 47 y\u0131ll\u0131k Metzamor N\u00fckleer Santrali\u2019nin deprem b\u00f6lgesinde ve T\u00fcrkiye\u2019nin sadece 16 kilometre uza\u011f\u0131nda yer ald\u0131\u011f\u0131n\u0131 an\u0131msatan Albayrak, koruma yap\u0131lar\u0131ndan yoksun bu santralin T\u00fcrkiye ve Ermenistan\u2019\u0131n kom\u015fular\u0131 i\u00e7in endi\u015fe kayna\u011f\u0131 olmaya devam etti\u011fini s\u00f6yledi.<\/p>\n<p class=\"selectionShareable\" style=\"color: #0a0a0a;\">Albayrak, n\u00fckleer g\u00fcvenli\u011fin her \u015feyden \u00f6nce geldi\u011fini ve risklerin ortadan kald\u0131r\u0131lmas\u0131 i\u00e7in gerekli \u00f6nlemlerin al\u0131nmas\u0131 gerekti\u011fini ifade ederek, \u201cMetmazor N\u00fckleer Santrali kapat\u0131lmal\u0131d\u0131r. B\u00f6lge ve d\u00fcnya, \u00c7ernobil kazas\u0131ndan sonra bir ba\u015fka n\u00fckleer kazay\u0131 g\u00f6ze alamaz.\u201d\u00a0dedi.<\/p>\n<p><\/p>","protected":false},"excerpt":{"rendered":"<p>Sorry, this entry is only available in Turkish. For the sake of viewer convenience, the content is shown below in the alternative language. You may click the link to switch the active language. Enerji ve Tabii Kaynaklar Bakan\u0131 Berat Albayrak, Ermenistan\u2019daki 47 y\u0131ll\u0131k Metzamor N\u00fckleer Santrali\u2019nin deprem b\u00f6lgesinde bulundu\u011funu ve kom\u015fular\u0131 i\u00e7in endi\u015fe kayna\u011f\u0131 olmaya [&hellip;]<\/p>\n","protected":false},"author":1,"featured_media":29271,"comment_status":"open","ping_status":"open","sticky":false,"template":"","format":"standard","meta":[],"categories":[53,43],"tags":[27051,30463,63,67,1009,2698,165,3772,16578,71,21,15897,25480,23614,2973,5837,6374],"views":1114,"_links":{"self":[{"href":"https:\/\/www.enerjigazetesi.ist\/en\/wp-json\/wp\/v2\/posts\/57623"}],"collection":[{"href":"https:\/\/www.enerjigazetesi.ist\/en\/wp-json\/wp\/v2\/posts"}],"about":[{"href":"https:\/\/www.enerjigazetesi.ist\/en\/wp-json\/wp\/v2\/types\/post"}],"author":[{"embeddable":true,"href":"https:\/\/www.enerjigazetesi.ist\/en\/wp-json\/wp\/v2\/users\/1"}],"replies":[{"embeddable":true,"href":"https:\/\/www.enerjigazetesi.ist\/en\/wp-json\/wp\/v2\/comments?post=57623"}],"version-history":[{"count":1,"href":"https:\/\/www.enerjigazetesi.ist\/en\/wp-json\/wp\/v2\/posts\/57623\/revisions"}],"predecessor-version":[{"id":57624,"href":"https:\/\/www.enerjigazetesi.ist\/en\/wp-json\/wp\/v2\/posts\/57623\/revisions\/57624"}],"wp:featuredmedia":[{"embeddable":true,"href":"https:\/\/www.enerjigazetesi.ist\/en\/wp-json\/wp\/v2\/media\/29271"}],"wp:attachment":[{"href":"https:\/\/www.enerjigazetesi.ist\/en\/wp-json\/wp\/v2\/media?parent=57623"}],"wp:term":[{"taxonomy":"category","embeddable":true,"href":"https:\/\/www.enerjigazetesi.ist\/en\/wp-json\/wp\/v2\/categories?post=57623"},{"taxonomy":"post_tag","embeddable":true,"href":"https:\/\/www.enerjigazetesi.ist\/en\/wp-json\/wp\/v2\/tags?post=57623"}],"curies":[{"name":"wp","href":"https:\/\/api.w.org\/{rel}","templated":true}]}}