{"id":57564,"date":"2016-09-24T16:35:44","date_gmt":"2016-09-24T13:35:44","guid":{"rendered":"https:\/\/www.enerjigazetesi.ist\/?p=57564"},"modified":"2016-10-09T13:10:13","modified_gmt":"2016-10-09T10:10:13","slug":"enerji-gazetesi-istanbulda-duzenlenen-8-turkiye-enerji-forumundaydi","status":"publish","type":"post","link":"https:\/\/www.enerjigazetesi.ist\/en\/enerji-gazetesi-istanbulda-duzenlenen-8-turkiye-enerji-forumundaydi\/","title":{"rendered":"(Turkish) &#8217;Enerji Gazetesi&#8217; \u0130stanbul&#8217;da D\u00fczenlenen 8. T\u00fcrkiye Enerji Forumu&#8217;ndayd\u0131&#8230;"},"content":{"rendered":"<p class=\"qtranxs-available-languages-message qtranxs-available-languages-message-en\">Sorry, this entry is only available in <a href=\"https:\/\/www.enerjigazetesi.ist\/tr\/wp-json\/wp\/v2\/posts\/57564\" class=\"qtranxs-available-language-link qtranxs-available-language-link-tr\" title=\"Turkish\">Turkish<\/a>. For the sake of viewer convenience, the content is shown below in the alternative language. You may click the link to switch the active language.<\/p><p><strong>Bu y\u0131l 8 incisi \u0130stanbul\u2019da ger\u00e7ekle\u015ftirilen Enerji Kongre ve Konferans\u0131 \u2018 8th Turkey Energy Congress &amp; Sponsors \u2019 Exhibition 2016, 22 Eyl\u00fcl Per\u015fembe g\u00fcn\u00fc Enerji Gazetesi Genel Yay\u0131n Y\u00f6netmeni Sarp ALTINEL&#8217;in de kat\u0131l\u0131mlar\u0131yla \u0130stanbul\u2019un en g\u00f6zde otellerinden olan Movenpick Hotel&#8217;de d\u00fczenlendi.<\/strong><\/p>\n<p><strong>T\u00fcrkiye\u00a0\u0130\u015f\u00a0Bankas\u0131<\/strong>\u2019n\u0131n <strong><em>Bronz Sponsor <\/em><\/strong>olup<strong><em>\u00a0Vatan, Milliyet ve Enerji Gazetesi\u2019nin de Medya Partneri<\/em>\u00a0<\/strong>olarak\u00a0katk\u0131lar\u0131 ile ger\u00e7ekle\u015ftirilen bu etkinlikte bu y\u0131lda\u00a0<strong>enerji sekt\u00f6r\u00fcnden<\/strong>\u00a0bir \u00e7ok <strong>uluslararas\u0131 firma<\/strong> <a href=\"https:\/\/www.enerjigazetesi.ist\/wp-content\/uploads\/2016\/09\/istanbulda-duzenlenen-8-turkiye-enerji-forumunda-enerji-gazetesi-olarak-yer-aldik.jpg\"><img loading=\"lazy\" class=\"alignright size-medium wp-image-57565\" src=\"https:\/\/www.enerjigazetesi.ist\/wp-content\/uploads\/2016\/09\/istanbulda-duzenlenen-8-turkiye-enerji-forumunda-enerji-gazetesi-olarak-yer-aldik-300x168.jpg\" alt=\"istanbulda-duzenlenen-8-turkiye-enerji-forumunda-enerji-gazetesi-olarak-yer-aldik\" width=\"300\" height=\"168\" srcset=\"https:\/\/www.enerjigazetesi.ist\/wp-content\/uploads\/2016\/09\/istanbulda-duzenlenen-8-turkiye-enerji-forumunda-enerji-gazetesi-olarak-yer-aldik-300x168.jpg 300w, https:\/\/www.enerjigazetesi.ist\/wp-content\/uploads\/2016\/09\/istanbulda-duzenlenen-8-turkiye-enerji-forumunda-enerji-gazetesi-olarak-yer-aldik-1024x576.jpg 1024w, https:\/\/www.enerjigazetesi.ist\/wp-content\/uploads\/2016\/09\/istanbulda-duzenlenen-8-turkiye-enerji-forumunda-enerji-gazetesi-olarak-yer-aldik-500x281.jpg 500w, https:\/\/www.enerjigazetesi.ist\/wp-content\/uploads\/2016\/09\/istanbulda-duzenlenen-8-turkiye-enerji-forumunda-enerji-gazetesi-olarak-yer-aldik-80x45.jpg 80w, https:\/\/www.enerjigazetesi.ist\/wp-content\/uploads\/2016\/09\/istanbulda-duzenlenen-8-turkiye-enerji-forumunda-enerji-gazetesi-olarak-yer-aldik.jpg 1200w\" sizes=\"(max-width: 300px) 100vw, 300px\" \/><\/a>temsilcisi de yer alarak\u00a0T\u00fcrkiye\u2019de olan enerji sekt\u00f6r\u00fcndeki <strong>geli\u015fmeleri<\/strong>, gelecekteki <strong>yat\u0131r\u0131m firsatlar\u0131n\u0131<\/strong> ve mevcut projelerdeki<strong> geli\u015fmeleri ayr\u0131nt\u0131lar\u0131<\/strong> ile\u00a0yak\u0131ndan <strong>izleme ve \u00f6\u011frenme<\/strong> f\u0131rsat\u0131na sahip\u00a0oldular.<\/p>\n<p><strong>Enerji 2023 Planlar\u0131 \u0130\u00e7in de \u00d6nem Arz Etmektedir<\/strong><\/p>\n<p>The Business Year Ba\u015f Edit\u00f6r\u00fc Leland Rice ise T\u00fcrkiye&#8217;nin enerji taleplerinde gen\u00e7 bir \u00fclke oldu\u011funu belirterek, talebin 1999&#8217;a g\u00f6re y\u00fczde 300 artt\u0131\u011f\u0131n\u0131\u00a0belirtti.<\/p>\n<p>B\u00f6ylesine b\u00fcy\u00fck bir \u00fclke i\u00e7in bunun zor bir durum oldu\u011funu vurgulayan Rice, &#8220;\u00dclkedeki cari a\u00e7\u0131\u011fa bak\u0131ld\u0131\u011f\u0131nda, \u00f6zellikle enerji alan\u0131nda s\u00fcrd\u00fcrebilir yat\u0131r\u0131m bor\u00e7lar\u0131n\u0131 \u00f6deyebilme g\u00fcc\u00fc olduk\u00e7a \u00f6nem ta\u015f\u0131maktad\u0131r. Enerji, ayn\u0131 zamanda 2023 planlar\u0131 i\u00e7in de \u00f6nem arz etmektedir. Bu plan T\u00fcrkiye&#8217;nin elektrik ithal eden bir \u00fclkeden elektrik ihra\u00e7 eden bir \u00fclkeye d\u00f6n\u00fc\u015fmesini \u00f6ng\u00f6r\u00fcyor.&#8221;\u00a0ifadelerine yer verdi.<\/p>\n<p><strong>T\u00fcrkiye\u2019de Yat\u0131r\u0131m Ortam\u0131 ve Enerji Sekt\u00f6r\u00fcndeki Finansman Sorunlar\u0131 Masaya Yat\u0131r\u0131ld\u0131<\/strong><\/p>\n<p><strong>EWE Turkey<\/strong> Kurumsal Geli\u015ftirme M\u00fcd\u00fcr\u00fc <strong>Caner \u00d6zdurak<\/strong>\u00a0<strong>Financing Turkish Energy Projects, challenges &amp; Opportunities<\/strong> ba\u015fl\u0131kl\u0131 panele konu\u015fmac\u0131 olarak yer ald\u0131. Ayr\u0131ca Natixis T\u00fcrkiye \u00dclke M\u00fcd\u00fcr\u00fc R\u0131za Kad\u0131lar ve A.T. Kearney Management T\u00fcrkiye\u2019nin Y\u00f6netici Orta\u011f\u0131 Michael Weiss\u2019in de bulundu\u011fu panelde 15 Temmuz sonras\u0131 T\u00fcrkiye\u2019de yat\u0131r\u0131m ortam\u0131 ve enerji sekt\u00f6r\u00fcndeki finansman sorunlar\u0131 tart\u0131\u015f\u0131larak enerji sekt\u00f6r\u00fc gibi uzun d\u00f6nemli ve y\u00fcksek mebla\u011fl\u0131 finansman gereksinimi olan projelerin y\u00fcr\u00fct\u00fcld\u00fc\u011f\u00fc \u00fclkelerde politik risklere kar\u015f\u0131 daha sakin ve uzun vadeli stratejilerle yakla\u015f\u0131lmas\u0131 gerekti\u011finin de vurgusu yap\u0131ld\u0131.<\/p>\n<p>\u00d6zellikle <strong>IFC<\/strong> ve <strong>EBRD<\/strong>\u2019nin \u00f6nc\u00fcl\u00fc oldu\u011fu enerji ve altyap\u0131 yat\u0131r\u0131mlar\u0131nda yabanc\u0131 yat\u0131r\u0131mc\u0131lar\u0131n da\u00a0<strong>20-30 y\u0131ll\u0131k<\/strong> proje finansman\u0131 modelleri yaparken \u015firket y\u00f6netimlerinin de y\u00fcksek getiriler sa\u011flayabilecekleri geli\u015fmekte olan \u00fclke ekonomilerinde olu\u015fabilecek politik ve b\u00f6lgesel t\u00fcrb\u00fclanslara kar\u015f\u0131 haz\u0131rl\u0131kl\u0131 olmalar\u0131 gerekmektedir.<\/p>\n<p>Panelde ayr\u0131ca <strong>yenilenebilir enerji piyasas\u0131ndaki<\/strong> b\u00fcy\u00fck potansiyele ra\u011fmen <strong>reg\u00fclasyon de\u011fi\u015fiklikler<\/strong>i nedeni ile olu\u015fan t\u0131kan\u0131kl\u0131\u011fa dikkat \u00e7ekilirken bu projelerin getiri hesaplamalar\u0131 ile ilgili piyasada rasyonel bir mutabakat olu\u015fturulamamas\u0131 nedeniyle finansal enstit\u00fclerin proje finansman\u0131 sa\u011flama konusunda ya\u015fad\u0131\u011f\u0131 \u00e7ekimserlik ve finansman kar\u015f\u0131l\u0131\u011f\u0131 talep ettikleri \u015firket garantileri de vurguland\u0131.<\/p>\n<p><strong>T\u00fcrkiye&#8217;de Enerji Sekt\u00f6r\u00fcne Olan \u0130lgi H\u0131zlanarak Artacakt\u0131r<\/strong><\/p>\n<p>Uluslararas\u0131 Vergi-Denetim ve Dan\u0131\u015fmanl\u0131k \u015eirketi KPMG \u00dcst Y\u00f6neticisi Onur Okutur, T\u00fcrkiye&#8217;nin temellerinin sa\u011flam oldu\u011funu ifade ederek, &#8220;B\u00fcy\u00fcmenin devam etmesi beklendi\u011fi i\u00e7in enerji sekt\u00f6r\u00fcm\u00fcze olan ilginin, son zamanlardaki yava\u015flamaya ra\u011fmen h\u0131zlanarak artaca\u011f\u0131n\u0131 d\u00fc\u015f\u00fcnmekteyim.&#8221; dedi.<\/p>\n<p>H\u0131zla artan gen\u00e7 n\u00fcfusun, enerji t\u00fcketimini de y\u00fckseltti\u011fine vurgu yapan Okutur, bunun yeni kapasite art\u0131\u015flar\u0131n\u0131, yeni \u00fcretim santrallerinin kurulmas\u0131n\u0131 ve yeni enerji yat\u0131r\u0131mlar\u0131n\u0131 sa\u011flad\u0131\u011f\u0131n\u0131 da\u00a0s\u00f6yledi.<\/p>\n<p>Okutur, finansal dan\u0131\u015fmanl\u0131k \u015firketi olarak, m\u00fc\u015fteri g\u00f6r\u00fc\u015flerinin, &#8220;T\u00fcrkiye piyasas\u0131nda elektrik \u00fcretiminde yenilenebilir enerji yat\u0131r\u0131m\u0131 ve yenilenebilir olmayan termal enerji kaynaklar\u0131ndan ise yerli k\u00f6m\u00fcr yat\u0131r\u0131m\u0131 yap\u0131labilir&#8221; \u015feklinde oldu\u011funu\u00a0a\u00e7\u0131klad\u0131.<\/p>\n<p>Konferansta ayr\u0131ca \u0130\u015f Bankas\u0131 Kurumsal Krediler Tahsis B\u00f6l\u00fcm\u00fc M\u00fcd\u00fcr\u00fc Can Y\u00fccel, EBRD Enerji Verimlili\u011fi ve \u0130klim De\u011fi\u015fimi M\u00fcd\u00fcr\u00fc Adonai Herrera-Martinez, SOCAR STAR Rafineri CFO&#8217;su Elchin Ibadov, GAMA Enerji \u0130\u015f Geli\u015ftirme Y\u00f6neticisi Taylan \u00d6nerci, KfW-IPEX Bank Y\u00f6neticisi Thomas Selzer, Siemens Finans Ba\u015fkan\u0131 Emre Kemal Girginer&#8217;in yan\u0131 s\u0131ra, \u00e7ok say\u0131da konu\u015fmac\u0131 da\u00a0yer ald\u0131.<\/p>","protected":false},"excerpt":{"rendered":"<p>Sorry, this entry is only available in Turkish. For the sake of viewer convenience, the content is shown below in the alternative language. You may click the link to switch the active language.Bu y\u0131l 8 incisi \u0130stanbul\u2019da ger\u00e7ekle\u015ftirilen Enerji Kongre ve Konferans\u0131 \u2018 8th Turkey Energy Congress &amp; Sponsors \u2019 Exhibition 2016, 22 Eyl\u00fcl Per\u015fembe [&hellip;]<\/p>\n","protected":false},"author":1,"featured_media":57565,"comment_status":"open","ping_status":"open","sticky":false,"template":"","format":"standard","meta":[],"categories":[53],"tags":[31623,63,67,1009,31622,2698,165,26456,31624,31625,31621,31626],"views":1749,"_links":{"self":[{"href":"https:\/\/www.enerjigazetesi.ist\/en\/wp-json\/wp\/v2\/posts\/57564"}],"collection":[{"href":"https:\/\/www.enerjigazetesi.ist\/en\/wp-json\/wp\/v2\/posts"}],"about":[{"href":"https:\/\/www.enerjigazetesi.ist\/en\/wp-json\/wp\/v2\/types\/post"}],"author":[{"embeddable":true,"href":"https:\/\/www.enerjigazetesi.ist\/en\/wp-json\/wp\/v2\/users\/1"}],"replies":[{"embeddable":true,"href":"https:\/\/www.enerjigazetesi.ist\/en\/wp-json\/wp\/v2\/comments?post=57564"}],"version-history":[{"count":8,"href":"https:\/\/www.enerjigazetesi.ist\/en\/wp-json\/wp\/v2\/posts\/57564\/revisions"}],"predecessor-version":[{"id":58000,"href":"https:\/\/www.enerjigazetesi.ist\/en\/wp-json\/wp\/v2\/posts\/57564\/revisions\/58000"}],"wp:featuredmedia":[{"embeddable":true,"href":"https:\/\/www.enerjigazetesi.ist\/en\/wp-json\/wp\/v2\/media\/57565"}],"wp:attachment":[{"href":"https:\/\/www.enerjigazetesi.ist\/en\/wp-json\/wp\/v2\/media?parent=57564"}],"wp:term":[{"taxonomy":"category","embeddable":true,"href":"https:\/\/www.enerjigazetesi.ist\/en\/wp-json\/wp\/v2\/categories?post=57564"},{"taxonomy":"post_tag","embeddable":true,"href":"https:\/\/www.enerjigazetesi.ist\/en\/wp-json\/wp\/v2\/tags?post=57564"}],"curies":[{"name":"wp","href":"https:\/\/api.w.org\/{rel}","templated":true}]}}